{"id":81622,"date":"2025-02-12T15:59:35","date_gmt":"2025-02-12T14:59:35","guid":{"rendered":"https:\/\/www.die-stadtzeitung.de\/?p=81622"},"modified":"2025-02-12T15:59:35","modified_gmt":"2025-02-12T14:59:35","slug":"tanztheater-pina-bausch-die-sieben-todsuenden-kehren-zurueck","status":"publish","type":"post","link":"https:\/\/www.die-stadtzeitung.de\/index.php\/2025\/02\/12\/tanztheater-pina-bausch-die-sieben-todsuenden-kehren-zurueck\/","title":{"rendered":"Tanztheater Pina Bausch: &#8218;Die sieben Tods\u00fcnden&#8216; kehren zur\u00fcck"},"content":{"rendered":"<div id=\"attachment_81624\" class=\"wp-caption alignnone\" style=\"max-width: 2570px;\"><img loading=\"lazy\" decoding=\"async\" class=\"wp-image-81624 size-full\" src=\"\/wp-content\/uploads\/2025\/02\/3S_4823-scaled.jpg\" alt=\"\" width=\"2560\" height=\"1707\" \/><span class=\"wp-caption-text\">Die T\u00e4nzerin und Choreografin Stephanie Troyak (M.) und das Ensemble des Tanztheater Pina Bausch bei der Generalprobe 2020 &#8211; \u00a9 Uwe Stratmann<\/span><\/div>\n<p>Das Sinfonieorchester Wuppertal spielt an den Brecht\/Weill-Abenden unter der musikalischen Leitung von Jan Michael Horstmann. Neben dem Ensemble des Tanztheaters werden hochkar\u00e4tige G\u00e4ste aus dem In- und Ausland auf der B\u00fchne zu erleben sein:\u00a0Ute Lemper, Melissa Madden Gray, Stephanie Troyak, Mark Bowman-Hester, Sebastian Campione, Simon Stricker, Erika Skrotzki, Steffen Laube und N.N.<\/p>\n<p>Der zweiteilige Tanzabend mit\u00a0\u201eDie\u00a0sieben\u00a0Todsu\u0308nden\u201c\u00a0nach Bertolt Brechts Ballettlibretto, uraufgefu\u0308hrt 1933 in einer Choreographie von George Balanchine am Th\u00e9\u00e2tre des Champs-Elys\u00e9es, und\u00a0\u201eFu\u0308rchtet euch nicht\u201c\u00a0zu einer von Pina Bausch zusammengestellten Collage der bekanntesten Songs aus Aufstieg und \u201eFall der Stadt Mahagonny\u201c, \u201eHappy End\u201c, der \u201eDreigroschenoper\u201c und dem \u201eBerliner Requiem\u201c z\u00e4hlt zu den Meilensteinen des Werks von Pina Bausch.<\/p>\n<h4>Experiment mit verschiedenen Genres<\/h4>\n<p>Die Wuppertaler Tanztheater-Chefin experimentierte mit verschiedenen Genres, verband Gesang, Tanz und Ausdruckmittel des Tanztheaters, setzte sich u\u0308ber die Trennung der Sparten hinweg und lie\u00df T\u00e4nzerinnen und T\u00e4nzer des Ensembles als Schauspielerinnen und Schauspieler sowie S\u00e4ngerinnen und S\u00e4nger auftreten.<\/p>\n<p>Entstanden ist eine von Bertolt Brecht gepr\u00e4gte Mischung scharfer gesellschaftskritischer Untert\u00f6ne im Zwiespalt zwischen Verzweiflung und hoffnungsfroher Zuversicht, kontrastiert durch\u00a0die\u00a0pure Freude an Tanz und getragen von Reminiszenzen an Revuetheater und Kabarett.<\/p>\n<div id=\"attachment_76018\" class=\"wp-caption alignnone\" style=\"max-width: 1737px;\"><img loading=\"lazy\" decoding=\"async\" class=\"wp-image-76018 size-full\" src=\"\/wp-content\/uploads\/2024\/06\/2024-0109-2.jpg\" alt=\"\" width=\"1727\" height=\"1245\" \/><span class=\"wp-caption-text\">Weltstar Ute Lemper beim Signieren im Erholungshaus in Leverkusen \u2013 \u00a9 Bayer AG<\/span><\/div>\n<p>Fu\u0308r\u00a0die\u00a0Wiederaufnahme 2025 konnte das Tanztheater international bekannte Gesangssolisten und Schauspieler aus dem In- und Ausland nach Wuppertal holen.<\/p>\n<p>Die\u00a0in New York lebende Ku\u0308nstlerin\u00a0Ute Lemper\u00a0&#8211; international bekannt fu\u0308r ihre Interpretationen der Berliner Kabarettlieder, der Werke von Kurt Weill und Bertolt Brecht, der Chansons von Marlene\u00a0Dietrich, Edith Piaf, Jacques Brel, L\u00e9o Ferr\u00e9, Astor Piazzolla u.a. &#8211; singt Brecht\/Weill seit 40 Jahren weltweit.<\/p>\n<h4>Broadway-Star Ute Lemper<\/h4>\n<p>Ihre eigenen Kompositionen und Darstellungen in Musicals und Theaterstu\u0308cken am Broadway, in Paris, Berlin und London stie\u00dfen auf gro\u00dfe Resonanz. Parallel dazu wirkte sie in vielen Filmen mit und wurde dafu\u0308r mehrfach ausgezeichnet u.a. mit dem Adolf-Grimme-Preis, dem Bayrischen Filmpreis, der Goldenen Kamera und dem Filmband in Gold. 1995 trat sie auf Einladung von Pina Bausch im zweiten Teil des Tanzabends auf. Jetzt wird sie auch im 1. Teil in der Rolle der Anna 1 zu sehen sein.<\/p>\n<p>Die\u00a0australische in New York lebende S\u00e4ngerin, Performerin, Multimedia-Ku\u0308nstlerin und \u201eKamikaze\u201c-Kabarettistin\u00a0Melissa Madden Gray\u00a0wirkte bereits 2008 auf Einladung von Pina Bausch in \u201eDie\u00a0sieben\u00a0Todsu\u0308nden\u201c mit und pr\u00e4sentierte einen beindruckenden Chanson- und Cabaret-Abend voller Selbstironie und Komik im Rahmenprogramm des \u201eInternationalen Tanzfestival NRW 2008 &#8211; 3 Wochen mit Pina Bausch\u201c. Sie u\u0308bernimmt\u00a0die Rolle von Mechthild Gro\u00dfmann in \u201eFu\u0308rchtet euch nicht\u201c.<\/p>\n<div id=\"attachment_75733\" class=\"wp-caption alignnone\" style=\"max-width: 2570px;\"><img loading=\"lazy\" decoding=\"async\" class=\"wp-image-75733 size-full\" src=\"\/wp-content\/uploads\/2024\/06\/Boris-Charmatz-scaled.jpg\" alt=\"\" width=\"2560\" height=\"1707\" \/><span class=\"wp-caption-text\">Der franz\u00f6sische T\u00e4nzer und Choreograph Boris Charmatz, Intendant des Tanztheaters Pina Bausch \u2013 \u00a9 Tanztheater Wuppertal Pina Bausch<\/span><\/div>\n<p>Erika Skrotzki wird in \u201eFu\u0308rchtet euch nicht\u201c zu sehen sein. Skrotzki hatte Engagements bei den St\u00e4dtischen Bu\u0308hnen K\u00f6ln, dem Thalia Theater Hamburg, dem Theater Du\u0308sseldorf, dem Schauspiel Bochum und anderen und wirkte in zahlreichen Fernsehproduktionen mit, zum Beispiel in Soko Leipzig, Der Landarzt u.a. Seit 1984 tritt sie im Rahmen auf sie zugeschnittener Diseusen- und Chanson-Solo-Programmen auf.<\/p>\n<p>Der Schauspieler\u00a0Steffen Laube\u00a0debu\u0308tierte am Staatstheater Karlsruhe, es folgten Engagements am Staatstheater Karlsruhe-Wiesbaden-Koblenz sowie in Bonn. Seit 2004 ist er als freischaffender Schauspieler, und Regisseur t\u00e4tig und mit u\u0308ber 50 Fernsehproduktionen von \u201eTatort\u201c bis \u201eWilsberg\u201c auch einem breiteren Publikum bekannt. 2014 wurde er mit dem \u201eMonica Bleibtreu Preis\u201c in der Kategorie Kom\u00f6die\u00a0ausgezeichnet.<\/p>\n<p>Die\u00a0Probenleitung der Wiederaufnahme verantworten\u00a0Josephine Ann Endicott,\u00a0die\u00a0in der Urbesetzung tanzte, zusammen mit\u00a0Julie Shanahan und assistiert von\u00a0\u00c7a\u011fda\u015f Ermi\u015f.<\/p>\n<p><strong>Termine:<\/strong><\/p>\n<h4>\u201eDie sieben Tods\u00fcnden\u201c<\/h4>\n<p><strong>Brecht\/Weill-Abend<\/strong><\/p>\n<p>Tanztheater Wuppertal Pina Bausch + Terrain Boris Charmatz<\/p>\n<p>Sinfonieorchester Wuppertal \u2013 Leitung Ja Michael Horstmann<\/p>\n<p>Mit: Edd Arnold, Andrey Berezin, Dean Biosca, Emily Castelli, Maria Giovanna Delle Donne, Taylor Drury, Samuel Famechon*, Luci\u00e9ny Kaabral, Reginald Lefebvre, Alexander L\u00f3pez Guerra, Nicholas Losada, Babacar Man\u00e9*,\u00a0 Eddie Martinez, Blanca Noguerol Ram\u00edrez, Melanie Martinez*, Claudia Ortiz Arraiza*, Franko Schmidt,\u00a0 Michael Strecker, Tsai-Wei Tien,\u00a0 Stephanie Troyak, Frank Willens, Tsai-Chin Yu<\/p>\n<p>G\u00e4ste: Ute Lemper, Melissa Madden Gray, Stephanie Troyak, Mark Bowman-Hester, Sebastian Campione, Simon Stricker, Erika Skrotzki, Steffen Laube und N.N.<\/p>\n<p><strong>Auff\u00fchrungsdaten:<\/strong> 12. 13. 15. 16. 17. 19. 20. 21. April 2025<\/p>\n<p>Opernhaus Wuppertal \u2013 Kurt- Drees-Str. 4 \u2013 42283 Wuppertal<\/p>\n<p>Der Vorverkauf startet am 14. Februar 2025 um 10:00 Uhr:<\/p>\n<p><a href=\"http:\/\/www.pina-bausch.de\">http:\/\/www.pina-bausch.de<\/a>\u00a0und Tickethotline Kulturkarte 0202 563 7666<\/p>\n<p>&nbsp;<\/p>\n<p>&nbsp;<\/p>\n<p>&nbsp;<\/p>\n<p>&nbsp;<\/p>\n","protected":false},"excerpt":{"rendered":"<p>In diesem Jahr wird der 125. Geburtstag des deutsch-amerikanischen Komponisten Kurt Weill gefeiert. Grund genug f\u00fcr das Tanztheater Pina Bausch, \u201eDie sieben Tods\u00fcnden\u201c, den zweiteiligen Brecht\/Weill-Abend der weltber\u00fchmten Choreografin \u00a0Pina Bausch, der 1976 uraufgef\u00fchrt wurden, im April wieder aufzuf\u00fchren.<\/p>\n","protected":false},"author":7,"featured_media":0,"comment_status":"open","ping_status":"open","sticky":false,"template":"","format":"standard","meta":{"footnotes":""},"categories":[29],"tags":[],"class_list":["post-81622","post","type-post","status-publish","format-standard","hentry","category-kultur"],"publishpress_future_action":{"enabled":false,"date":"2026-05-07 23:11:33","action":"change-status","newStatus":"draft","terms":[],"taxonomy":"category","extraData":[]},"publishpress_future_workflow_manual_trigger":{"enabledWorkflows":[]},"_links":{"self":[{"href":"https:\/\/www.die-stadtzeitung.de\/index.php\/wp-json\/wp\/v2\/posts\/81622","targetHints":{"allow":["GET"]}}],"collection":[{"href":"https:\/\/www.die-stadtzeitung.de\/index.php\/wp-json\/wp\/v2\/posts"}],"about":[{"href":"https:\/\/www.die-stadtzeitung.de\/index.php\/wp-json\/wp\/v2\/types\/post"}],"author":[{"embeddable":true,"href":"https:\/\/www.die-stadtzeitung.de\/index.php\/wp-json\/wp\/v2\/users\/7"}],"replies":[{"embeddable":true,"href":"https:\/\/www.die-stadtzeitung.de\/index.php\/wp-json\/wp\/v2\/comments?post=81622"}],"version-history":[{"count":4,"href":"https:\/\/www.die-stadtzeitung.de\/index.php\/wp-json\/wp\/v2\/posts\/81622\/revisions"}],"predecessor-version":[{"id":81627,"href":"https:\/\/www.die-stadtzeitung.de\/index.php\/wp-json\/wp\/v2\/posts\/81622\/revisions\/81627"}],"wp:attachment":[{"href":"https:\/\/www.die-stadtzeitung.de\/index.php\/wp-json\/wp\/v2\/media?parent=81622"}],"wp:term":[{"taxonomy":"category","embeddable":true,"href":"https:\/\/www.die-stadtzeitung.de\/index.php\/wp-json\/wp\/v2\/categories?post=81622"},{"taxonomy":"post_tag","embeddable":true,"href":"https:\/\/www.die-stadtzeitung.de\/index.php\/wp-json\/wp\/v2\/tags?post=81622"}],"curies":[{"name":"wp","href":"https:\/\/api.w.org\/{rel}","templated":true}]}}