{"id":81421,"date":"2025-02-01T12:42:10","date_gmt":"2025-02-01T11:42:10","guid":{"rendered":"https:\/\/www.die-stadtzeitung.de\/?p=81421"},"modified":"2025-02-08T14:10:03","modified_gmt":"2025-02-08T13:10:03","slug":"von-van-gogh-bis-pollock-biopics-ueber-die-stars-der-malerei","status":"publish","type":"post","link":"https:\/\/www.die-stadtzeitung.de\/index.php\/2025\/02\/01\/von-van-gogh-bis-pollock-biopics-ueber-die-stars-der-malerei\/","title":{"rendered":"Von van Gogh bis Pollock: Biopics \u00fcber die Stars der Malerei"},"content":{"rendered":"<div id=\"attachment_81425\" class=\"wp-caption alignnone\" style=\"max-width: 676px;\"><img loading=\"lazy\" decoding=\"async\" class=\"wp-image-81425 size-full\" src=\"\/wp-content\/uploads\/2025\/02\/Studio-Universum-Film-GmbH.jpg\" alt=\"\" width=\"666\" height=\"459\" \/><span class=\"wp-caption-text\">Hollywood-Star Willem Dafoe als Maler Vincent van Gogh in dem Biopic &#8222;Vincent Van Gogh &#8211; Auf der Schwelle zur Ewigkeit &#8220; -\u00a9 Studio Universum Film GmbH<\/span><\/div>\n<p>Das Von der Heydt-Museum zeigt vom 16. Februar die Ausstellung \u201eMaurice de Vlaminck: Rebell der Moderne\u201c. Vlaminck z\u00e4hlt zu den wichtigsten franz\u00f6sischen Malern am Beginn des 20. Jahrhunderts. Seine Werke spr\u00fchen vor Farbe und sind gemalt mit einem Tempo, das noch heute mitrei\u00dft.<\/p>\n<p>Maurice de Vlaminck geh\u00f6rt zu den \u201eWilden\u201c (\u201eFauves\u201c) in Paris: einer Gruppe von K\u00fcnstlern, deren gl\u00fchende Bilder gegen Tradition und Zeitgeschmack verstie\u00dfen. Dabei beanspruchte Vlaminck f\u00fcr sich, gewisserma\u00dfen der wildeste der Wilden zu sein.<\/p>\n<h4>Drei ber\u00fchmte Maler &#8211; drei Filmportraits<\/h4>\n<p>Passend zur Ausstellung pr\u00e4sentiert der Kunst- und Museumsverein Wuppertal (KMV) im Rex-Kino am Kipdorf die neue Filmreihe \u201eMuseum in Motion\u201c und damit Werke, die von ber\u00fchmten Malern handeln. Und von den Mythen, die sich um diese Ausnahmek\u00fcnstler ranken.<\/p>\n<p>Den Beginn macht am 13. Februar ein Portr\u00e4t Vincent van Goghs \u00a0\u201eVan Gogh an der Schwelle zur Ewigkeit\u201c mit Hollywood-Star Willem Dafoe als ber\u00fchmtere holl\u00e4ndischer Maler, inszeniert von Julian Schnabel, der selbst Filmregisseur und Maler zugleich ist. Es folgt das Biopic \u00fcber den englischen Maler Francis Bacon \u201eLove is a Devil\u201c von John Maybury mit Daniel Craig in der Hauptrolle, eine der der schillerndsten und faszinierendsten Figuren der j\u00fcngeren Kunstgeschichte.<\/p>\n<p>Und den Abschluss macht bildet die Hommage des amerikanischen Schauspielers Ed Harris an seinen Landsmann Jackson Pollock, dessen \u201eAction Painting\u201c nach dem Zweiten Weltkrieg die Vorstellung von Malerei revolutionierte. Titel: \u201ePollock\u201c. Regisseur Ed Harris spielte auch die Hauptrolle &#8211; \u00a0Jackson Pollock himself.<\/p>\n<p>Drei au\u00dfergew\u00f6hnlich K\u00fcnstler \u2013 drei mitrei\u00dfende Leinwand-Biopics.<\/p>\n<div id=\"attachment_81426\" class=\"wp-caption alignnone\" style=\"max-width: 360px;\"><img loading=\"lazy\" decoding=\"async\" class=\"wp-image-81426 size-full\" src=\"\/wp-content\/uploads\/2025\/02\/MUSEUM_IN_MOTION.png\" alt=\"\" width=\"350\" height=\"495\" \/><span class=\"wp-caption-text\">\u00a9 von der Heydt Museum<\/span><\/div>\n<p><strong>Termine<\/strong><\/p>\n<h4>\u201eMuseum in Motion\u201c<\/h4>\n<p>Biopic-Filmreihe<\/p>\n<p><strong>Donnerstag \u2013 13.02.2025 \u2013 18:00 Uhr<\/strong><\/p>\n<p><strong>\u201eVincent van Gogh \u2013 An der Schwelle zu Ewigkeit\u201c<\/strong> (2018) \u00a0&#8211; Film-Portrait \u00fcber den niederl\u00e4ndischen Maler \u2013 Regie: Julian Schnabel \u2013 Cast: Willem Dafoe<\/p>\n<p><strong>Donnerstag &#8211; 06.03.2025 &#8211; \u00a018:00 Uhr<\/strong><\/p>\n<p><strong>\u201eLove is the Devil\u201c<\/strong> \u2013 Film \u00fcber den englischen Maler Francis Bacon (1989) \u2013 Regie: John Maybury \u2013 Cast: Daniel Craig<\/p>\n<p><strong>Donnerstag &#8211; 03.04.2025 &#8211; 18:00 Uhr\u00a0<\/strong><\/p>\n<p><strong>\u201ePollock\u201c<\/strong> \u2013 Biopic \u00fcber den ber\u00fchmten amerikanischen Maler Jackson Pollock (2000) \u2013 Regie: Ed Harris \u2013 Cast Ed Harris<\/p>\n<p>REX-Filmtheater \u2013 Kipdorf 29 \u2013 42103 Wuppertal<\/p>\n<p><strong>Link zur Webseite des Von der Heydt-Museums:<\/strong><\/p>\n<p><a href=\"http:\/\/www.von-der-heydt-museum.de\">http:\/\/www.von-der-heydt-museum.de<\/a><\/p>\n<p><strong>Link zur Webseite des REX-Filmtheaters:<\/strong><\/p>\n<p><a href=\"http:\/\/www.wuppertalerkinos.de\">http:\/\/www.wuppertalerkinos.de<\/a><\/p>\n<p>&nbsp;<\/p>\n<p>&nbsp;<\/p>\n","protected":false},"excerpt":{"rendered":"<p>Mit einer neuen, beeindruckenden Ausstellung des Malers Maurice de Vlaminck und der neuen, spannenden Biopic-Filmreihe \u201eMuseum in Motion\u201c im Rex-Filmtheater r\u00fcckt sich das renommierte Wuppertaler Von der Heydt-Museum selbst eindrucksvoll ins Scheinwerfer-Licht.<\/p>\n","protected":false},"author":7,"featured_media":0,"comment_status":"open","ping_status":"open","sticky":false,"template":"","format":"standard","meta":{"footnotes":""},"categories":[29],"tags":[],"class_list":["post-81421","post","type-post","status-publish","format-standard","hentry","category-kultur"],"publishpress_future_action":{"enabled":false,"date":"2026-05-05 19:30:29","action":"change-status","newStatus":"draft","terms":[],"taxonomy":"category","extraData":[]},"publishpress_future_workflow_manual_trigger":{"enabledWorkflows":[]},"_links":{"self":[{"href":"https:\/\/www.die-stadtzeitung.de\/index.php\/wp-json\/wp\/v2\/posts\/81421","targetHints":{"allow":["GET"]}}],"collection":[{"href":"https:\/\/www.die-stadtzeitung.de\/index.php\/wp-json\/wp\/v2\/posts"}],"about":[{"href":"https:\/\/www.die-stadtzeitung.de\/index.php\/wp-json\/wp\/v2\/types\/post"}],"author":[{"embeddable":true,"href":"https:\/\/www.die-stadtzeitung.de\/index.php\/wp-json\/wp\/v2\/users\/7"}],"replies":[{"embeddable":true,"href":"https:\/\/www.die-stadtzeitung.de\/index.php\/wp-json\/wp\/v2\/comments?post=81421"}],"version-history":[{"count":5,"href":"https:\/\/www.die-stadtzeitung.de\/index.php\/wp-json\/wp\/v2\/posts\/81421\/revisions"}],"predecessor-version":[{"id":81449,"href":"https:\/\/www.die-stadtzeitung.de\/index.php\/wp-json\/wp\/v2\/posts\/81421\/revisions\/81449"}],"wp:attachment":[{"href":"https:\/\/www.die-stadtzeitung.de\/index.php\/wp-json\/wp\/v2\/media?parent=81421"}],"wp:term":[{"taxonomy":"category","embeddable":true,"href":"https:\/\/www.die-stadtzeitung.de\/index.php\/wp-json\/wp\/v2\/categories?post=81421"},{"taxonomy":"post_tag","embeddable":true,"href":"https:\/\/www.die-stadtzeitung.de\/index.php\/wp-json\/wp\/v2\/tags?post=81421"}],"curies":[{"name":"wp","href":"https:\/\/api.w.org\/{rel}","templated":true}]}}