{"id":81367,"date":"2025-02-04T11:49:56","date_gmt":"2025-02-04T10:49:56","guid":{"rendered":"https:\/\/www.die-stadtzeitung.de\/?p=81367"},"modified":"2025-02-04T11:58:23","modified_gmt":"2025-02-04T10:58:23","slug":"todesduell-ben-becker-haelt-weltberuehmte-predigt","status":"publish","type":"post","link":"https:\/\/www.die-stadtzeitung.de\/index.php\/2025\/02\/04\/todesduell-ben-becker-haelt-weltberuehmte-predigt\/","title":{"rendered":"&#8218;Todesduell&#8216;: Ben Becker h\u00e4lt weltber\u00fchmte Predigt"},"content":{"rendered":"<div id=\"attachment_81369\" class=\"wp-caption alignnone\" style=\"max-width: 2570px;\"><img loading=\"lazy\" decoding=\"async\" class=\"wp-image-81369 size-full\" src=\"\/wp-content\/uploads\/2025\/02\/BenBecker_JohnDonne_04059_64x36cmCredits_300dpi6to9Cut_\u00a9FacelandCom-scaled.jpg\" alt=\"\" width=\"2560\" height=\"1712\" \/><span class=\"wp-caption-text\">Ben Becker, der begnadete Film-, TV- und B\u00fchnenschauspieler sowie Musiker &#8211; \u00a9 Faceland.com<\/span><\/div>\n<p>Auch \u201eRebellen\u201c werden \u00e4lter. Ben Becker, ein begnadeter Schauspieler, aber auch bekannt f\u00fcr seine Eskapaden, ist im Dezember 60 Jahre alt geworden. Er ist wesentlich ruhiger geworden, und dennoch vor der Kamera und auf der B\u00fchne ein Grenzg\u00e4nger geblieben. Am 01. M\u00e4rz kommt er mit seiner neuen Produktion \u201eTodesduell\u201c nach Wuppertal.<\/p>\n<p>Zuschauerinnen und Zuschauer d\u00fcrfen sich, initiiert vom \u201eSalon Knallenfalls\u201c, in der Friedhofkirche auf einen intensiven Abend mit dem K\u00fcnstler Ben Becker freuen.\u00a0 An gleicher Stelle hatte er 2018 schon sein viel beachtetes und diskutiertes Projekt \u201eIch, Judas\u201c pr\u00e4sentiert.<\/p>\n<p>\u201eTodesduell\u201c ist die vielleicht ber\u00fchmteste Predigt der Welt, gehalten von dem wortgewaltigen metaphysischen Dichter John Donne, im Beisein von K\u00f6nig Charles I. im Jahr 1631.<\/p>\n<p>Sowohl als Regisseur wie auch als Schauspieler begeisterte Ben Becker mit &#8222;Todesduell&#8220; am 1. November 2024 bei der Weltpremiere im Berliner Dom \u2013 der Partnerkirche von St. Pauls Cathedral in London, der einstigen Wirkungsst\u00e4tte von John Donne, in der sein Denkmal bis heute steht.<\/p>\n<h4>Zweiter spektakul\u00e4rer Auftritt in der Friedhofskirche<\/h4>\n<p>Wie in seiner Auseinandersetzung mit \u201eJudas\u201c, die ebenfalls im Berliner Dom ihren Anfang nahm, um in einer beispiellosen Serie von Auff\u00fchrungen \u00fcber eine Viertelmillion Zuschauer zu begeistern, geht es Ben Becker im \u201eTodesduell\u201c um die letzten Fragen.<\/p>\n<p>Beckers \u201eJudas\u201c war die Rechtfertigung und Rehabilitation einer zu Unrecht verfemten Figur, gegen alle Vorurteile und Feindseligkeiten. \u201eTodesduell\u201c geht noch einen Schritt weiter: Es ist der Kampf gegen die Vorurteile \u00fcber den Tod und f\u00fcr einen ver\u00e4nderten Blick auf die Bedeutung des Lebens.<\/p>\n<p>\u201eTodesduell\u201c sind John Donnes letzte \u00f6ffentlich gesprochene Worte vor seinem Tod. \u00a0Von schwerer Krankheit gezeichnet, beschreibt er, der Poet und Prediger von St. Pauls in London, das Leben als Duell mit dem Tod und erreicht dabei eine Tiefe und Eindringlichkeit, die \u00fcber jede Predigt hinausgeht. Sein Text ist eine Explosion. Wahr, ersch\u00fctternd, schonungslos im Blick auf die Verg\u00e4nglichkeit des Lebens und zugleich von einer Kraft und Hoffnung, die den Tod \u00fcbersteigt. In John Donnes \u201eTodesduell\u201c gewinnt das Leben.<\/p>\n<h4>Begleitung durch Domorganist Andreas Sieling<\/h4>\n<p>Versinnlicht und weitergef\u00fchrt wird das \u201eTodesduell\u201c nicht nur musikalisch durch das virtuose Spiel des Dom-Organisten Andreas Sieling auf der gro\u00dfen Sauerorgel sowie exklusiv f\u00fcr die Inszenierung gefertigte Arrangements von Daniel Ott (MEA\/Vienna).<\/p>\n<p>Ben Becker w\u00fcrdigt den Dichter des gro\u00dfen Duells mit dem Tod auch durch einen weiteren Text. \u201eGro\u00dfe Elegie an John Donne\u201c, nannte der Literaturnobelpreistr\u00e4ger Joseph Brodsky seine Hommage an den Meister der metaphysischen Dichtung, als dessen \u201eSch\u00fcler\u201c er sich zeitlebens bezeichnete.<\/p>\n<p>Es gibt kein zweites Werk, in dem das Echo von John Donne so widerhallt und sich in Gedenken und Gedanken verwandelt. Mit dieser \u201eElegie\u201c gibt Ben Becker seinem Todesduell ein faszinierendes Finale und verneigt sich vor der gro\u00dfen Dichtkunst eines John Donne.<\/p>\n<div id=\"attachment_81370\" class=\"wp-caption alignnone\" style=\"max-width: 310px;\"><img loading=\"lazy\" decoding=\"async\" class=\"wp-image-81370 size-full\" src=\"\/wp-content\/uploads\/2025\/02\/BenBecker_JohnDonne_04059_64x36cmCredits_300dpi6to9Cut_\u00a9FacelandCom-Kopie.jpg\" alt=\"\" width=\"300\" height=\"359\" \/><span class=\"wp-caption-text\">Ben Becker &#8211; \u00a9 Faceland.com<\/span><\/div>\n<h4>&#8222;Todesduell&#8220;<\/h4>\n<p><strong>Regie &amp; Schauspiel:<\/strong> Ben Becker<br \/>\n<strong>K\u00fcnstlerische Leitung:<\/strong> Marike Moiteaux<\/p>\n<p><strong>Dramaturgie:<\/strong>John von D\u00fcffel<br \/>\n<strong>Domorganist:<\/strong> Andreas Sieling<br \/>\n<strong>Arrangeur:<\/strong> Daniel Ott<br \/>\n<strong>Kost\u00fcm:<\/strong> Kristina Weiss-Busch<br \/>\n<strong>Artwork &amp; Photography:<\/strong> Faceland.com<br \/>\nEine Koproduktion von Ben Becker &amp; MSK Meistersinger<\/p>\n<p>&nbsp;<\/p>\n<p><strong>Termin:<\/strong><\/p>\n<h4>\u201eTodesduell\u201c<\/h4>\n<p><strong>Ben Becker<\/strong><\/p>\n<p>Samstag &#8211; 01.03.2025 \u2013 Beginn: 20:00 Uhr &#8211; Einlass: 19:00 Uhr<\/p>\n<p>Friedhofskirche &#8211; Hochstra\u00dfe 15 &#8211; 42105 Wuppertal<\/p>\n<p><strong>Tickets<\/strong> unter\u00a0<a href=\"http:\/\/www.wuppertal-live.de\">http:\/\/www.wuppertal-live.de<\/a><\/p>\n<p>&nbsp;<\/p>\n<p>&nbsp;<\/p>\n<p>&nbsp;<\/p>\n","protected":false},"excerpt":{"rendered":"<p>Auch \u201eRebellen\u201c werden \u00e4lter. Ben Becker, ein begnadeter Schauspieler, aber auch bekannt f\u00fcr seine Eskapaden, ist im Dezember 60 Jahre alt geworden. Er ist wesentlich ruhiger geworden, und dennoch vor der Kamera und auf der B\u00fchne ein Grenzg\u00e4nger geblieben. Am 01. M\u00e4rz kommt er mit seiner neuen Produktion \u201eTodesduell\u201c nach Wuppertal.<\/p>\n","protected":false},"author":7,"featured_media":0,"comment_status":"open","ping_status":"open","sticky":false,"template":"","format":"standard","meta":{"footnotes":""},"categories":[29],"tags":[],"class_list":["post-81367","post","type-post","status-publish","format-standard","hentry","category-kultur"],"publishpress_future_action":{"enabled":false,"date":"2026-05-07 20:07:09","action":"change-status","newStatus":"draft","terms":[],"taxonomy":"category","extraData":[]},"publishpress_future_workflow_manual_trigger":{"enabledWorkflows":[]},"_links":{"self":[{"href":"https:\/\/www.die-stadtzeitung.de\/index.php\/wp-json\/wp\/v2\/posts\/81367","targetHints":{"allow":["GET"]}}],"collection":[{"href":"https:\/\/www.die-stadtzeitung.de\/index.php\/wp-json\/wp\/v2\/posts"}],"about":[{"href":"https:\/\/www.die-stadtzeitung.de\/index.php\/wp-json\/wp\/v2\/types\/post"}],"author":[{"embeddable":true,"href":"https:\/\/www.die-stadtzeitung.de\/index.php\/wp-json\/wp\/v2\/users\/7"}],"replies":[{"embeddable":true,"href":"https:\/\/www.die-stadtzeitung.de\/index.php\/wp-json\/wp\/v2\/comments?post=81367"}],"version-history":[{"count":4,"href":"https:\/\/www.die-stadtzeitung.de\/index.php\/wp-json\/wp\/v2\/posts\/81367\/revisions"}],"predecessor-version":[{"id":81375,"href":"https:\/\/www.die-stadtzeitung.de\/index.php\/wp-json\/wp\/v2\/posts\/81367\/revisions\/81375"}],"wp:attachment":[{"href":"https:\/\/www.die-stadtzeitung.de\/index.php\/wp-json\/wp\/v2\/media?parent=81367"}],"wp:term":[{"taxonomy":"category","embeddable":true,"href":"https:\/\/www.die-stadtzeitung.de\/index.php\/wp-json\/wp\/v2\/categories?post=81367"},{"taxonomy":"post_tag","embeddable":true,"href":"https:\/\/www.die-stadtzeitung.de\/index.php\/wp-json\/wp\/v2\/tags?post=81367"}],"curies":[{"name":"wp","href":"https:\/\/api.w.org\/{rel}","templated":true}]}}