{"id":81349,"date":"2025-01-02T16:13:28","date_gmt":"2025-01-02T15:13:28","guid":{"rendered":"https:\/\/www.die-stadtzeitung.de\/?p=81349"},"modified":"2025-02-07T15:03:45","modified_gmt":"2025-02-07T14:03:45","slug":"der-verein-der-heimatbewusstsein-vermitteln-will","status":"publish","type":"post","link":"https:\/\/www.die-stadtzeitung.de\/index.php\/2025\/01\/02\/der-verein-der-heimatbewusstsein-vermitteln-will\/","title":{"rendered":"Der Verein, der Heimatbewusstsein vermitteln will"},"content":{"rendered":"<div id=\"attachment_81353\" class=\"wp-caption alignnone\" style=\"max-width: 910px;\"><img loading=\"lazy\" decoding=\"async\" class=\"wp-image-81353 size-full\" src=\"\/wp-content\/uploads\/2025\/02\/Prof.-Dr.-Wolfgang-E.-Heinrichs-privat.jpg\" alt=\"\" width=\"900\" height=\"601\" \/><span class=\"wp-caption-text\">Dr. Wolfgang Heinrichs , Professor f\u00fcr Neuere Geschichte an der Bergischen Universit\u00e4t Wuppertal &#8211; \u00a9 privat<\/span><\/div>\n<p>\u201eVon Anfang an lag der Schwerpunkt immer auf der Frage der Identit\u00e4t\u201c, erkl\u00e4rt Professor Wolfgang Heinrichs, Privatdozent f\u00fcr Neuere Geschichte und amtierender Vorstandsvorsitzender des Bergischen Geschichtsvereins, Abteilung Wuppertal, \u201edie ja kurz vor der Entstehung des deutschen Kaiserreichs f\u00fcr die einzelnen Regionen neu aufkam. Wie verortet sich der Mensch in unserer Region in das Ganze der deutschen Nation hinein? Es war eine p\u00e4dagogische Ma\u00dfnahme.\u201c<\/p>\n<p><strong>Heimatbewusstsein statt Heimatgef\u00fchl<\/strong><\/p>\n<p>\u201eWir vermitteln ein Heimatbewusstsein und nicht ein Heimatgef\u00fchl\u201c, erkl\u00e4rt Heinrichs, \u201eMenschen, die in dieser Region leben, weisen wir auf ihren Standort hin und vermitteln gewisserma\u00dfen ein Orientierungswissen.\u201c Dabei gehe der Verein den Dingen auf den Grund und frage immer, warum sich etwas so oder so entwickelt habe. \u201eWo liegen die sozialen Bez\u00fcge unserer Region oder Heimat?\u201c, fragt der Historiker, \u201ewie ist das damals kommuniziert worden? Wie ist \u00fcberhaupt ein Zusammengeh\u00f6rigkeitsgef\u00fchl entstanden? Und wie hat sich das ausgebildet?\u201c Man hinterfrage also immer den eigenen Standort und setze sich mit ihm wieder neu auseinander.<br \/>\nZusammen mit dem Bergischen Geschichtsverein, Abteilung Wuppertal, gibt es insgesamt noch 14 weitere Abteilungen, die untereinander gut vernetzt sind. \u201eWir haben Gemeinschaftsprojekte, die wir auch zusammen finanzieren. Ein Beispiel ist die Zeitschrift f\u00fcr das Bergische Land \u00b4<em>Romerike Berge<\/em>`, die drei bis vier Mal im Jahr erscheint, sowie die Zeitschrift des Bergischen Geschichtsvereins, die f\u00fcr alle gilt. Wir treffen uns jedes Jahr in einer Delegiertenversammlung und wir sind auch als Vorst\u00e4nde miteinander im st\u00e4ndigen Austausch.\u201c<\/p>\n<div id=\"attachment_44822\" class=\"wp-caption alignnone\" style=\"max-width: 440px;\"><img loading=\"lazy\" decoding=\"async\" class=\"size-full wp-image-44822\" src=\"\/wp-content\/uploads\/2022\/01\/Logo-Transfergeschichten.jpg\" alt=\"\" width=\"430\" height=\"138\" \/><span class=\"wp-caption-text\">\u00a9 Bergische Universit\u00e4t<\/span><\/div>\n<p><strong>Die Bibliothek des Bergischen Geschichtsvereins<\/strong><\/p>\n<p>Der Bergische Geschichtsverein gilt als der gr\u00f6\u00dfte regionale Geschichtsverein Deutschlands und verf\u00fcgt auch \u00fcber eine beachtliche Bibliothek, die von allen B\u00fcrgern genutzt werden kann. \u201eDie Bibliothek befindet sich zum gro\u00dfen Teil in der Stadtb\u00fccherei, aber auch im Stadtarchiv\u201c, sagt Heinrichs. Auch Kunstgegenst\u00e4nde geh\u00f6ren dazu, die zum Gro\u00dfteil heute im Museum f\u00fcr Fr\u00fchindustrialisierung lagern. Seit 2017 arbeiten zwei Wissenschaftler am Projekt \u00b4Sicherung des Kulturgutes des Bergischen Geschichtsvereins` mit dem langfristigen Ziel, einen Bestandskatalog zu erstellen, der einen kompletten Sammlungs\u00fcberblick gibt. Eine Mitgliedschaft im Bergischen Geschichtsverein lohne sich immer, sagt Heinrichs, man k\u00f6nne dadurch die Stadtbibliothek kostenfrei nutzen und erhalte auch die Vereinszeitschriften regelm\u00e4\u00dfig unentgeltlich zugesandt. Der Wuppertaler Verein stellt mit seiner Reihe \u00b4<em>Geschichte im Wuppertal<\/em>` seinen Mitgliedern neue Beitr\u00e4ge zur Verf\u00fcgung und verweist auf die aktuelle Forschung.<\/p>\n<p><strong>Gro\u00dfe Bandbreite Bergischer Themen<\/strong><\/p>\n<p>Zwei Mal im Jahr erscheint ein Flyer des Bergischen Geschichtsvereins mit dem kompletten Veranstaltungsangebot. \u201eGerade erst hatten wir einen interessanten Vortrag \u00fcber die Revolution 1848\/49 und ihre Auswirkungen auf das Bewusstsein\u201c, freut sich der Historiker, aber auch im kommenden Jahr wartet der Verein mit interessanten Themen f\u00fcr den historisch interessierten Zuh\u00f6rer auf. Im Februar besch\u00e4ftigt sich ein Vortrag mit der Wuppertaler Frauenrechtlerin Helene St\u00f6cker, aus deren Werken auch rezitiert wird.<br \/>\nMit 4500 Objekten hat Wuppertal die h\u00f6chste Denkmaldichte in Nordrhein-Westfalen. Grund genug f\u00fcr den Bergischen Geschichtsverein in einem weiteren Vortrag \u00fcber den aktuellen Denkmalschutz in Wuppertal zu berichten. Und zum 100. Todestag von Reichpr\u00e4sident Friedrich Ebert wird zudem auf der kommenden Mitgliederversammlung \u00fcber dessen Lebensstationen in Barmen und Elberfeld referiert. Auch Ausfl\u00fcge stehen immer wieder auf dem Veranstaltungsprogramm. \u201eWir bieten demn\u00e4chst eine Exkursion zum Waldpark K\u00f6nigsh\u00f6he an. Da werden wir \u00fcber die Denkm\u00e4ler von August von der Heydt, die dieser der Stadt gestiftet hat, informieren.\u201c<\/p>\n<div id=\"attachment_81355\" class=\"wp-caption alignnone\" style=\"max-width: 778px;\"><img loading=\"lazy\" decoding=\"async\" class=\"wp-image-81355 size-full\" src=\"\/wp-content\/uploads\/2025\/02\/Gruender-des-Bergischen-Geschichtsvereins.jpg\" alt=\"\" width=\"768\" height=\"1083\" \/><span class=\"wp-caption-text\">Die Gr\u00fcndungsmitglieder des Bergischen Geschichtsvereins &#8211; \u00a9\u00a0 Foto: BGV-Wuppertal<\/span><\/div>\n<p><strong>Orte der Demokratiegeschichte<\/strong><\/p>\n<p>Eine weitere stadtinterne Kooperation geht der Bergische Geschichtsverein 2025 mit dem Stadthistorischen Zentrum ein. \u201eEs geht um demokratische Orte in Wuppertal\u201c, erkl\u00e4rt Heinrichs. Bereits 2023 wurde dazu ein studentisches Projekt gestartet, um Orte der Demokratiegeschichte zu identifizieren, zu erforschen und zu vermitteln. Damals wurden acht Orte ausgew\u00e4hlt, an denen historische Ereignisse stattfanden. Diese Liste soll nun kontinuierlich erweitert werden. \u00a0Das Projekt ist Teil eines nationalen Netzwerks, dessen Ziel es ist, die Wahrnehmung der deutschen Demokratie- und Freiheitsgeschichte lokal, regional und deutschlandweit zu f\u00f6rdern und dar\u00fcber demokratische Teilhabe und Zivilcourage anzuregen.<\/p>\n<p><strong>Bei den Kindern Interesse wecken<\/strong><\/p>\n<p>Auch f\u00fcr Kinder hat der Bergische Geschichtsverein, Abteilung Wuppertal schon B\u00fccher herausgebracht. Eines hei\u00dft \u00b4<em>Erkl\u00e4r mir mal Wuppertal<\/em>` und richtet sich an die Altersgruppe der Grundsch\u00fcler. Doch der Kontakt zu den Schulen gestaltet sich schwierig, denn obwohl der Verein die Materialien verschenken w\u00fcrde, kommt der Kontakt nur z\u00f6gerlich \u00a0zustande, obwohl man jederzeit bereit sei, sich an den Schulen auch pers\u00f6nlich einzubringen. Daher geh\u00f6ren Social Media-Formate mittlerweile zum Angebot. \u201eWir wollen eben auch J\u00fcngere mit einer jugendgem\u00e4\u00dfen Form erreichen\u201c, erkl\u00e4rt der Historiker. \u201eF\u00fcr Teenager sind wir daher auf Instagram und Facebook vernetzt.\u201c<\/p>\n<div id=\"attachment_81360\" class=\"wp-caption alignnone\" style=\"max-width: 522px;\"><img loading=\"lazy\" decoding=\"async\" class=\"wp-image-81360 size-full\" src=\"\/wp-content\/uploads\/2025\/02\/cropped-logo-1.png\" alt=\"\" width=\"512\" height=\"512\" \/><span class=\"wp-caption-text\">Logo des Bergischen Geschichtsvereins, Abteilung Wuppertal &#8211; \u00a9 Bergischer Geschichtsverein<\/span><\/div>\n<p>Auf der Homepage des Bergischen Geschichtsvereins steht: \u00b4Die Abteilung Wuppertal blickt auf eine lange Tradition an Kooperationen mit anderen Vereinen, Unternehmen und Institutionen zur\u00fcck`. Auch die Bergische Universit\u00e4t geh\u00f6rt dazu. \u201eMan kann an den letzten Vorsitzenden schon ablesen, wie intensiv die Kontakte zur Uni waren. Die Historiker Prof. Johrendt und Prof. Wittm\u00fctz waren bereits Vorsitzende und viele Wissenschaftler der Universit\u00e4t sind Mitglieder des Vereins.\u201c<\/p>\n<p>Beitreten k\u00f6nne man jederzeit und ausf\u00fchrliche Informationen seien auch im Internet unter <a href=\"https:\/\/www.bgv-wuppertal.de\/\">https:\/\/www.bgv-wuppertal.de\/<\/a> hinterlegt.<\/p>\n<p><strong>Uwe Blass<\/strong><\/p>\n<div id=\"attachment_81357\" class=\"wp-caption alignnone\" style=\"max-width: 210px;\"><img loading=\"lazy\" decoding=\"async\" class=\"wp-image-81357 size-full\" src=\"\/wp-content\/uploads\/2025\/02\/Prof.-Dr.-Wolfgang-E.-Heinrichs-privat-Kopie.jpg\" alt=\"\" width=\"200\" height=\"271\" \/><span class=\"wp-caption-text\">Prof. Dr. Wolfgang Heinrichs &#8211; \u00a9 privat<\/span><\/div>\n<h4><strong>\u00dcber Prof. Dr. Wolfgang Heinrichs<\/strong><\/h4>\n<p>Wolfgang Heinrichs ist Au\u00dferplanm\u00e4\u00dfiger Professor f\u00fcr Neuere Geschichte in der Fakult\u00e4t f\u00fcr Geistes- und Kulturwissenschaften der Bergischen Universit\u00e4t unter besonderer Ber\u00fccksichtigung der Kirchengeschichte. Erist im Tr\u00e4gerverein der Freien Christlichen Schulen D\u00fcsseldorfs und im erweiterten Vorstand des Landesverbandes nordrhein-westf\u00e4lischer Geschichtslehrerinnen und Geschichtslehrer.<br \/>\nAu\u00dferdem ist er Pastor im Bund Freier evangelischer Gemeinden und unterrichtet Kirchengeschichte an der Theologischen Hochschule in Ewersbach sowie am Johanneum in Wuppertal.<\/p>\n","protected":false},"excerpt":{"rendered":"<p>Der Bergische Geschichtsverein hat buchst\u00e4blich eine lange Geschichte. \u00dcber die Gr\u00fcndung 1863 und die Schwerpunkte des Vereins hat sich Autor Uwe Blass im Rahmen der beliebten Uni-Reihe &#8222;Transfergeschichten&#8220; mit Dr. Wolfgang Heinrichs, Professor f\u00fcr Neuere Geschichte, unterhalten.<\/p>\n","protected":false},"author":7,"featured_media":0,"comment_status":"open","ping_status":"open","sticky":false,"template":"","format":"standard","meta":{"footnotes":""},"categories":[27],"tags":[],"class_list":["post-81349","post","type-post","status-publish","format-standard","hentry","category-wissen"],"publishpress_future_action":{"enabled":false,"date":"2026-05-08 12:16:33","action":"change-status","newStatus":"draft","terms":[],"taxonomy":"category","extraData":[]},"publishpress_future_workflow_manual_trigger":{"enabledWorkflows":[]},"_links":{"self":[{"href":"https:\/\/www.die-stadtzeitung.de\/index.php\/wp-json\/wp\/v2\/posts\/81349","targetHints":{"allow":["GET"]}}],"collection":[{"href":"https:\/\/www.die-stadtzeitung.de\/index.php\/wp-json\/wp\/v2\/posts"}],"about":[{"href":"https:\/\/www.die-stadtzeitung.de\/index.php\/wp-json\/wp\/v2\/types\/post"}],"author":[{"embeddable":true,"href":"https:\/\/www.die-stadtzeitung.de\/index.php\/wp-json\/wp\/v2\/users\/7"}],"replies":[{"embeddable":true,"href":"https:\/\/www.die-stadtzeitung.de\/index.php\/wp-json\/wp\/v2\/comments?post=81349"}],"version-history":[{"count":11,"href":"https:\/\/www.die-stadtzeitung.de\/index.php\/wp-json\/wp\/v2\/posts\/81349\/revisions"}],"predecessor-version":[{"id":81366,"href":"https:\/\/www.die-stadtzeitung.de\/index.php\/wp-json\/wp\/v2\/posts\/81349\/revisions\/81366"}],"wp:attachment":[{"href":"https:\/\/www.die-stadtzeitung.de\/index.php\/wp-json\/wp\/v2\/media?parent=81349"}],"wp:term":[{"taxonomy":"category","embeddable":true,"href":"https:\/\/www.die-stadtzeitung.de\/index.php\/wp-json\/wp\/v2\/categories?post=81349"},{"taxonomy":"post_tag","embeddable":true,"href":"https:\/\/www.die-stadtzeitung.de\/index.php\/wp-json\/wp\/v2\/tags?post=81349"}],"curies":[{"name":"wp","href":"https:\/\/api.w.org\/{rel}","templated":true}]}}