{"id":81249,"date":"2025-02-01T22:32:19","date_gmt":"2025-02-01T21:32:19","guid":{"rendered":"https:\/\/www.die-stadtzeitung.de\/?p=81249"},"modified":"2025-02-06T10:21:01","modified_gmt":"2025-02-06T09:21:01","slug":"unterschriften-aktion-gegen-die-hindenburgstrasse","status":"publish","type":"post","link":"https:\/\/www.die-stadtzeitung.de\/index.php\/2025\/02\/01\/unterschriften-aktion-gegen-die-hindenburgstrasse\/","title":{"rendered":"Unterschriften-Aktion gegen die Hindenburgstra\u00dfe"},"content":{"rendered":"<div id=\"attachment_81250\" class=\"wp-caption alignnone\" style=\"max-width: 610px;\"><img loading=\"lazy\" decoding=\"async\" class=\"size-full wp-image-81250\" src=\"\/wp-content\/uploads\/2025\/01\/Hindenburg-und-Hitler.jpg\" alt=\"\" width=\"600\" height=\"437\" \/><span class=\"wp-caption-text\">Reichskanzler Adolf Hitler verneigt sich vor Reichspr\u00e4sident Paul von Hindenburg und sch\u00fcttelt\u00a0 ihm die Hand. Die Aufnahme des Fotografen Theo Eisenhart von der New York Times wurde nach 1945 zur Medienikone des Tags von Potsdam, dem 21. M\u00e4rz 1933 &#8211; \u00a9 FOTO (Bundesarchiv Bild 183-S38324)<\/span><\/div>\n<p>Die \u201eELS\u201c-Gesellschaft bittet die Wuppertaler B\u00fcrger um Unterschriften f\u00fcr die Umbenennung der Stra\u00dfe in Elberfeld. Hajo Jahr, Vorsitzender \u00a0der \u201eELS\u201c-Gesellschaft und bekannter Ex-TV- &amp; Rundfunk-Journalist (WDR), begr\u00fcndet die Aktion so: \u201eIn einer Zeit, in der v\u00f6lkisches Gedankengut um sich greift und eine rechtsextremistische Partei Kaiserreich und Preu\u00dfen wieder hoff\u00e4hig zu machen versucht, darf der Steigb\u00fcgelhalter Hitlers nicht l\u00e4nger durch eine nach Reichspr\u00e4sident Hindenburg benannte Stra\u00dfe geehrt werden: Generalfeldmarschall Paul von Hindenburg werden Kriegsverbrechen und eine Strategie der verbrannten Erde in Frankreich w\u00e4hrend des Ersten Weltkriegs vorgeworfen. Er lie\u00df in der Weimarer Republik die unw\u00fcrdige Z\u00e4hlung der Juden in der Reichswehr zu und ernannte am 30. Januar 1933 Hitler zum Reichskanzler. Zwei Tage sp\u00e4ter l\u00f6ste Hindenburg den Reichstag auf. Er erm\u00f6glichte damit die Nazi-Diktatur.\u201c<\/p>\n<p>Der Rat der Stadt Wuppertal hat Paul von Hindenburg zwar l\u00e4ngst die Ehrenb\u00fcrgerschaft aberkannt. Hajo Jahn: \u201eDoch das war ein einmaliger Vorgang, der heute nicht mehr \u00f6ffentlich relevant ist. Dagegen sind die Stra\u00dfenschilder, die Postadresse, Visitenkarten und Briefk\u00f6pfe etc. dauerhaft und immer wieder wirksam als PR f\u00fcr einen Kriegsverbrecher und Demokratiezerst\u00f6rer, der so verharmlost wird.\u201c<\/p>\n<p>Selbst die Bundeswehr will \u2013 so ist zu lesen &#8211; den Namen Hindenburgkaserne in Munster \u00e4ndern \u201eNach neuen wissenschaftlichen Erkenntnissen entspricht der bisherige Namen nicht mehr den wertegebundenen Anforderungen und Richtlinien zum Traditionsverst\u00e4ndnis und zur Traditionspflege\u201c, so Hajo Jahn.<\/p>\n<div id=\"attachment_37939\" class=\"wp-caption alignnone\" style=\"max-width: 510px;\"><img loading=\"lazy\" decoding=\"async\" class=\" wp-image-37939\" src=\"\/wp-content\/uploads\/2021\/05\/c6b276563aeea1c333f74a71794f6a96-2.jpg\" alt=\"\" width=\"500\" height=\"325\" \/><span class=\"wp-caption-text\">Der bekannte Wuppertaler TV- und Rundfunk-Journalist Hajo Jahn &#8211; \u00a9 privat<\/span><\/div>\n<p>Deshalb solle Wuppertal dem Beispiel von St\u00e4dten wie Aachen, M\u00fcnster, M\u00fcnchen, Freiburg oder Konstanz folgen und die Hindenburgstra\u00dfe umbenennen.<\/p>\n<p>Der Vorstand der ELS-Gesellschaft hat l\u00e4ngst Namen f\u00fcr einen m\u00f6glichen neuen Stra\u00dfennamen diskutiert. Hier die Vorschl\u00e4ge (u.a.): Hannah Arendt, Oskar Schindler, Georg Elser sowie die Wuppertaler Rudolf Dre\u00dfler (Ehrenringtr\u00e4ger, ehemaliger deutscher-Botschafter in Israel); Alma Kettig (Ex-MdB), Grete Stern (Fotografin, j\u00fcdische Emigrantin).<\/p>\n<p>Die \u201eELS\u201c-Gesellschaft betont: Die Entscheidung, auch \u00fcber andere Namen, bleibe selbstverst\u00e4ndlich dem Rat der Stadt \u00fcberlassen.<\/p>\n<p>Unterschriftenlisten liegen aus bei der Else Lasker-Sch\u00fcler-Gesellschaft, 42103 Wuppertal-Elberfeld, Herzogstr. 42. Oder sie k\u00f6nnen per Mail angefordert werden \u00fcber: <a href=\"mailto:vorstand@else-lasker-schueler-gesellschaft.de\">vorstand@else-lasker-schueler-gesellschaft.de<\/a><\/p>\n<p>&nbsp;<\/p>\n<p>&nbsp;<\/p>\n<p>&nbsp;<\/p>\n<p>&nbsp;<\/p>\n<p>&nbsp;<\/p>\n<p>&nbsp;<\/p>\n<p>&nbsp;<\/p>\n","protected":false},"excerpt":{"rendered":"<p>Der Name Hindenburg soll aus Wuppertal verschwinden! Die Else Laser-Sch\u00fcler-Gesellschaft hat eine Unterschriftenaktion gestartet. Das Ziel: Die Umbenennung der \u201eHindenburgstra\u00dfe\u201c in Elberfeld. Vorschl\u00e4ge f\u00fcr einen neuen Stra\u00dfenamen werden gleich mitgeliefert.<\/p>\n","protected":false},"author":7,"featured_media":0,"comment_status":"open","ping_status":"open","sticky":false,"template":"","format":"standard","meta":{"footnotes":""},"categories":[24],"tags":[],"class_list":["post-81249","post","type-post","status-publish","format-standard","hentry","category-wuppertal"],"publishpress_future_action":{"enabled":false,"date":"2026-05-06 21:19:06","action":"change-status","newStatus":"draft","terms":[],"taxonomy":"category","extraData":[]},"publishpress_future_workflow_manual_trigger":{"enabledWorkflows":[]},"_links":{"self":[{"href":"https:\/\/www.die-stadtzeitung.de\/index.php\/wp-json\/wp\/v2\/posts\/81249","targetHints":{"allow":["GET"]}}],"collection":[{"href":"https:\/\/www.die-stadtzeitung.de\/index.php\/wp-json\/wp\/v2\/posts"}],"about":[{"href":"https:\/\/www.die-stadtzeitung.de\/index.php\/wp-json\/wp\/v2\/types\/post"}],"author":[{"embeddable":true,"href":"https:\/\/www.die-stadtzeitung.de\/index.php\/wp-json\/wp\/v2\/users\/7"}],"replies":[{"embeddable":true,"href":"https:\/\/www.die-stadtzeitung.de\/index.php\/wp-json\/wp\/v2\/comments?post=81249"}],"version-history":[{"count":3,"href":"https:\/\/www.die-stadtzeitung.de\/index.php\/wp-json\/wp\/v2\/posts\/81249\/revisions"}],"predecessor-version":[{"id":81334,"href":"https:\/\/www.die-stadtzeitung.de\/index.php\/wp-json\/wp\/v2\/posts\/81249\/revisions\/81334"}],"wp:attachment":[{"href":"https:\/\/www.die-stadtzeitung.de\/index.php\/wp-json\/wp\/v2\/media?parent=81249"}],"wp:term":[{"taxonomy":"category","embeddable":true,"href":"https:\/\/www.die-stadtzeitung.de\/index.php\/wp-json\/wp\/v2\/categories?post=81249"},{"taxonomy":"post_tag","embeddable":true,"href":"https:\/\/www.die-stadtzeitung.de\/index.php\/wp-json\/wp\/v2\/tags?post=81249"}],"curies":[{"name":"wp","href":"https:\/\/api.w.org\/{rel}","templated":true}]}}