{"id":81012,"date":"2025-01-22T13:41:19","date_gmt":"2025-01-22T12:41:19","guid":{"rendered":"https:\/\/www.die-stadtzeitung.de\/?p=81012"},"modified":"2025-01-22T13:41:19","modified_gmt":"2025-01-22T12:41:19","slug":"udo-dzierks-tanzt-kuenstlerisch-auf-zwei-hochzeiten","status":"publish","type":"post","link":"https:\/\/www.die-stadtzeitung.de\/index.php\/2025\/01\/22\/udo-dzierks-tanzt-kuenstlerisch-auf-zwei-hochzeiten\/","title":{"rendered":"Udo Dzierks tanzt k\u00fcnstlerisch auf zwei Hochzeiten"},"content":{"rendered":"<div id=\"attachment_56585\" class=\"wp-caption alignnone\" style=\"max-width: 1034px;\"><img loading=\"lazy\" decoding=\"async\" class=\"size-full wp-image-56585\" src=\"\/wp-content\/uploads\/2020\/07\/20200327_131439-1-1024x576-1.jpeg\" alt=\"\" width=\"1024\" height=\"576\" \/><span class=\"wp-caption-text\">Udo Dziersk, der erfolgreiche Maler mit Ruhrgebiets-Wurzeln vor einigen seiner Werke &#8211; \u00a9 privat<\/span><\/div>\n<p>Udo Dziersk (63) wurde Gelsenkirchen geboren. Er ist Professor an der Kunstakademie D\u00fcsseldorf und Gastprofessor in der chinesischen 12-Millionen-Metropole\u00a0 Xi\u2019an. Au\u00dferdem hat er einen Lehrauftrag an der \u201eAccademia di balla arti\u201c in Palermo (Italien). Udo Dziersk wohnt und arbeitet in einer ehemaligen Fabrik in Barmen, nahe der Steinstra\u00dfe.<\/p>\n<p>Der Pinsel war nicht immer sein Hauptwerkzeug. In fr\u00fchen Jahren spielte der Ball eine gro\u00dfe Rolle in seinem Leben. Udo Dziersk war Torh\u00fcter des Fu\u00dfball-Oberligisten TSV Horst-Emscher. Und er hatte einen ganz prominenten Vorstopper: Den sp\u00e4teren Bundesliga-Trainer Peter Neururer. Udo Dziersk schaffte es sogar in die NRW-Kreisauswahl. Der \u00a0Gelsenkirchener Verein ist inzwischen ganz von der Bildfl\u00e4che verschwunden ist.<\/p>\n<h4>Zwischen Fu\u00dfballtor und Atelier<\/h4>\n<p>Auch sp\u00e4ter zog der Sch\u00fcler Gerhard Richter und Georg Baselitz sowie Meistersch\u00fcler von Markus L\u00fcpertz noch hin und wieder die Torwarthandschuhe an, als Keeper von \u201eLokomotive L\u00fcpertz\u201c, der von Markus L\u00fcpertz gegr\u00fcndeten \u201ebesten K\u00fcnstlermannschaft Europas\u201c.<\/p>\n<p>Wir er zu Kunst gekommen ist, erkl\u00e4rt Udo Dziersk (63) so: \u201eIch habe festgestellt, dass ich zeichnen kann und Dinge, die mich interessierten, mit einem Bleistift dargestellt. Das funktionierte ganz gut. Und da ist in mir eine gro\u00dfe Neugierde geweckt worden. Das lag wohl auch mit daran, dass ich w\u00e4hrend meiner Schulzeit einen Kunstlehrer hatte, der gut ausgebildet war und sein Wissen auch spielerisch vermitteln konnte.\u201c<\/p>\n<div id=\"attachment_81014\" class=\"wp-caption alignnone\" style=\"max-width: 2570px;\"><img loading=\"lazy\" decoding=\"async\" class=\"wp-image-81014 size-full\" src=\"\/wp-content\/uploads\/2025\/01\/20240731_193939-scaled.jpg\" alt=\"\" width=\"2560\" height=\"1799\" \/><span class=\"wp-caption-text\">Das Werk &#8222;Tempera&#8220; (70 x 100 cm &#8211; \u00d6lfarbe, Bleistift, Papier) entstand 2024 &#8211; \u00a9 Udo Dziersk<\/span><\/div>\n<p>Heute gibt er sein Wissen an seine Malsch\u00fcler weiter: \u201eIch vermittele ihnen Maltechniken, ich mache ihnen klar, dass man Kunst nicht stringent verfolgen kann, sondern intelligent, spielerisch erarbeiten muss. Es gibt Wege, die nicht zum Ziel f\u00fchren, da muss man zur\u00fcck. Das muss man erst einmal begreifen. Die meisten haben ja so eine gewisse Zielerwartung: Ich muss das oder das darstellen k\u00f6nnen. Ich m\u00f6chte schon mit den Sch\u00fclern durchs Ziel kommen, aber es ist kein Muss, sondern ein Angebot meinerseits.\u201c<\/p>\n<p>Er ist K\u00fcnstler aus Leidenschaft. Aber auch seine Liebe zum Fu\u00dfball ist geblieben. Gern erinnert er sich an seine \u201everr\u00fcckte\u201c Mal-Aktion mit Profi-Fu\u00dfballern des FC Schalke 04.<\/p>\n<h4>Malerisches &#8222;Teamwork&#8220; mit Schalker Profis<\/h4>\n<p>Udo Dzierks: \u201eDas gab es bis dahin noch nicht. Mein Freund Sven Backhaus, der bei Fortuna D\u00fcsseldorf spielte, hat den Kontakt zu Schalke-Stars hergestellt. Trainer Huub Stevens stand der Aktion sofort positiv gegen\u00fcber. Die Spieler haben zun\u00e4chst gedacht, ich w\u00fcrde sie auf den Arm nehmen. Doch Stars wie Andy M\u00f6ller, Ebbe Sand, Asamoah oder Olaf Thon haben zugesagt. Die Spieler haben gemalt, was ihnen gerade zum Thema Fu\u00dfball in den Sinn kam. Das hat alles wunderbar geklappt.\u201c<\/p>\n<div id=\"attachment_35596\" class=\"wp-caption alignnone\" style=\"max-width: 2570px;\"><img loading=\"lazy\" decoding=\"async\" class=\"size-full wp-image-35596\" src=\"\/wp-content\/uploads\/2021\/05\/Udo-Dziersk-Wuppertaler-Atelier-2-scaled.jpg\" alt=\"\" width=\"2560\" height=\"1743\" \/><span class=\"wp-caption-text\">Kunst-Professor Udo Dziersk bei der Arbeit in seinem Wuppertaler Atelier &#8211; \u00a9 privat<\/span><\/div>\n<p>Heute h\u00e4ngt das einmalige, k\u00fcnstlerische \u201eTeamwork\u201c, das Udo Dziersk in seinem Atelier noch leicht \u00fcberarbeitete, als Eyecatcher im Schalke-Museum in der Veltins-Arena.<\/p>\n<p>Mit Fu\u00dfball haben seine Ausstellungen in Duisburg und D\u00fcsseldorf nichts zu tun. In der Cubus-Kunsthalle in Duisburg (Friedrich-Wilhelm-Str. 64) zeigt er Werke, die einen Querschnitt seines Schaffens in den letzten 30 Jahren vermittelt. Titel: \u201eIl ballo in maschera continua\u201c (Der Maskenball geht weiter). Die Vernissage findet am Samstag (25.01.). Die Einf\u00fchrung \u00fcbernimmt der D\u00fcsseldorfer Kunst-Prof. Robert Fleck, Die Ausstellung l\u00e4uft bis zum 09. M\u00e4rz und ist mittwochs bis sonntags von 14 \u2013 18 Uhr zu sehen.<\/p>\n<p>Seine Ausstellung in der Galerie \u201eFils Fine Art\u201c von Alexander Fils im D\u00fcsseldorfer Stilwerk (Gr\u00fcnstr. 15) wird am 01. Februar um 16 Uhr er\u00f6ffnet. Udo Dzierks, ein gefragter K\u00fcnstler, der seine Bilder sprechen l\u00e4sst\u2026<\/p>\n<p><strong>Text Peter Pionke<\/strong><\/p>\n<p><strong>Link zur Webseite von Udo Dziersk<\/strong><\/p>\n<p><a href=\"http:\/\/www.udo-dziersk.de\">http:\/\/www.udo-dziersk.de<\/a><\/p>\n","protected":false},"excerpt":{"rendered":"<p>Udo Dzierks ist kein Mann der gro\u00dfen Worte. Er l\u00e4sst lieber seine Werke sprechen. Das macht der erfolgreiche Wuppertaler Maler demn\u00e4chst in zwei parallel laufenden Ausstellungen in D\u00fcsseldorf und Duisburg. Der Wuppertaler tanzt also k\u00fcnstlerisch auf zwei Hochzeiten. <\/p>\n","protected":false},"author":7,"featured_media":0,"comment_status":"open","ping_status":"open","sticky":false,"template":"","format":"standard","meta":{"footnotes":""},"categories":[29],"tags":[],"class_list":["post-81012","post","type-post","status-publish","format-standard","hentry","category-kultur"],"publishpress_future_action":{"enabled":false,"date":"2026-05-06 17:41:26","action":"change-status","newStatus":"draft","terms":[],"taxonomy":"category","extraData":[]},"publishpress_future_workflow_manual_trigger":{"enabledWorkflows":[]},"_links":{"self":[{"href":"https:\/\/www.die-stadtzeitung.de\/index.php\/wp-json\/wp\/v2\/posts\/81012","targetHints":{"allow":["GET"]}}],"collection":[{"href":"https:\/\/www.die-stadtzeitung.de\/index.php\/wp-json\/wp\/v2\/posts"}],"about":[{"href":"https:\/\/www.die-stadtzeitung.de\/index.php\/wp-json\/wp\/v2\/types\/post"}],"author":[{"embeddable":true,"href":"https:\/\/www.die-stadtzeitung.de\/index.php\/wp-json\/wp\/v2\/users\/7"}],"replies":[{"embeddable":true,"href":"https:\/\/www.die-stadtzeitung.de\/index.php\/wp-json\/wp\/v2\/comments?post=81012"}],"version-history":[{"count":3,"href":"https:\/\/www.die-stadtzeitung.de\/index.php\/wp-json\/wp\/v2\/posts\/81012\/revisions"}],"predecessor-version":[{"id":81017,"href":"https:\/\/www.die-stadtzeitung.de\/index.php\/wp-json\/wp\/v2\/posts\/81012\/revisions\/81017"}],"wp:attachment":[{"href":"https:\/\/www.die-stadtzeitung.de\/index.php\/wp-json\/wp\/v2\/media?parent=81012"}],"wp:term":[{"taxonomy":"category","embeddable":true,"href":"https:\/\/www.die-stadtzeitung.de\/index.php\/wp-json\/wp\/v2\/categories?post=81012"},{"taxonomy":"post_tag","embeddable":true,"href":"https:\/\/www.die-stadtzeitung.de\/index.php\/wp-json\/wp\/v2\/tags?post=81012"}],"curies":[{"name":"wp","href":"https:\/\/api.w.org\/{rel}","templated":true}]}}