{"id":80990,"date":"2025-01-18T18:36:34","date_gmt":"2025-01-18T17:36:34","guid":{"rendered":"https:\/\/www.die-stadtzeitung.de\/?p=80990"},"modified":"2025-01-20T18:37:01","modified_gmt":"2025-01-20T17:37:01","slug":"taenzerin-janneth-macht-publikum-zum-teil-ihrer-performance","status":"publish","type":"post","link":"https:\/\/www.die-stadtzeitung.de\/index.php\/2025\/01\/18\/taenzerin-janneth-macht-publikum-zum-teil-ihrer-performance\/","title":{"rendered":"T\u00e4nzerin Janneth macht Publikum zum Teil ihrer Performance"},"content":{"rendered":"<div id=\"attachment_80993\" class=\"wp-caption alignnone\" style=\"max-width: 1833px;\"><img loading=\"lazy\" decoding=\"async\" class=\"size-full wp-image-80993\" src=\"\/wp-content\/uploads\/2025\/01\/Janneth-Bonne-de-Wegener-2@Martin-Ciupka.jpg\" alt=\"\" width=\"1823\" height=\"1232\" \/><span class=\"wp-caption-text\">Die T\u00e4nzerin, Choreografin und Performance-K\u00fcnstlerin\u00a0 Janneth Bonne de Wegener &#8211; \u00a9 Martin-Ciupka<\/span><\/div>\n<p>\u201eIch w\u00fcnsche euch und uns allen ein friedliches neues Jahr. Lasst uns dieses Jahr mutig angehen. Kopf in den Sand stecken n\u00fctzt uns nichts!<\/p>\n<p>Am kommenden Sonntag (26.01.) von 15 bis 18 Uhr lade ich euch herzlich zur n\u00e4chsten Episode der Begegnungen im \u201eKuKuNa UNTERDINGS\u201c ein. Zu Gast ist an diesem Sonntag die T\u00e4nzerin, Choreografin und Performance-K\u00fcnstlerin Janneth\u00a0Bonne de Wegener.\u00a0Ihre T\u00e4nze verbinden Spiritualit\u00e4t aus S\u00fcdamerika, rituelle Elemente und urbane europ\u00e4ische Improvisation.<\/p>\n<p>Oft gelingt es ihr, das Publikum selbst zum Tanzen zu motivieren,\u00a0Teil der Performance zu werden. Ihre Programme beinhalten nicht selten relevante gesellschaftliche Zust\u00e4nde. In der Musik- und Tanz Performance <a href=\"https:\/\/www.youtube.com\/watch?v=bFgDdbOdaDs\">GLASHAUS<\/a> mit Maria Basel bearbeiteten sie die metaphorische Durchleuchtung des Menschen in der Gesellschaft durch soziale Medien.<\/p>\n<div id=\"attachment_80996\" class=\"wp-caption alignnone\" style=\"max-width: 405px;\"><img loading=\"lazy\" decoding=\"async\" class=\"wp-image-80996 size-full\" src=\"\/wp-content\/uploads\/2025\/01\/cropped-cropped-cropped-cropped-charles.petersohn-osswald-fotografie-2-1024x721-2.jpeg\" alt=\"\" width=\"395\" height=\"237\" \/><span class=\"wp-caption-text\">Charles Petersohn &#8211;\u00a0\u00a9 Bettina Osswald<\/span><\/div>\n<p>Immer wieder und gerade in diesen Tagen ein brisantes Thema. Mehr und mehr Menschen ziehen sich aus den &#8222;Socials&#8220; zur\u00fcck. Im Februar 2020 war Janneth\u00a0Bonne de Wegener \u00a0beim <a href=\"https:\/\/www.wuppertaler-rundschau.de\/termine\/brasilianischer-karneval-in-wuppertal-unterbarmen_aid-84801313\">CARNAVAL BRASILEIRO<\/a> im Internationalen Begegnungszentrum mit einem schamanischen Tanz zu Gast (siehe Fotos).<\/p>\n<p>Beim Unterdings\u00a0wollen wir mehr \u00fcber Janneths &#8222;Espiritulatina&#8220; erfahren. In einem Gespr\u00e4ch, an dem sich unsere G\u00e4ste beteiligen werden, mit Fotos und Videos und einem Tanz,<\/p>\n<p>Wir freuen uns \u00fcber euren Besuch.\u201c<\/p>\n<p><strong>Euer Charles Petersohn<\/strong><\/p>\n<p>&nbsp;<\/p>\n<p><strong>Termin:\u00a0 <\/strong><\/p>\n<p><strong>UNTERDINGS<\/strong><\/p>\n<h4>Janneth\u00a0Bonne de Wegener<\/h4>\n<p>Sonntag \u2013 26.01.2025 \u2013 15 \u2013 18 Uhr<\/p>\n<p>KuKuNa-Atelier der Caritas &#8211; H\u00fcnefeldstra\u00dfe 52c &#8211; \u00a042285 Wuppertal<\/p>\n","protected":false},"excerpt":{"rendered":"<p>Charles Petersohn, Musiker, Komponist, DJ, Moderator, l\u00e4sst seine Fans in seiner Kolumne regelm\u00e4ssig an seiner k\u00fcnstlerischen und musikalischen Gef\u00fchlswelt teilhaben. Und er macht auch auf Veranstaltungen aufmerksam, bei denen er oder seine Musik-Kolleginnen und -Kollegen f\u00fcr das coole Feeling und den Groove sorgen.<\/p>\n","protected":false},"author":7,"featured_media":0,"comment_status":"open","ping_status":"open","sticky":false,"template":"","format":"standard","meta":{"footnotes":""},"categories":[29],"tags":[],"class_list":["post-80990","post","type-post","status-publish","format-standard","hentry","category-kultur"],"publishpress_future_action":{"enabled":false,"date":"2026-05-05 12:15:27","action":"change-status","newStatus":"draft","terms":[],"taxonomy":"category","extraData":[]},"publishpress_future_workflow_manual_trigger":{"enabledWorkflows":[]},"_links":{"self":[{"href":"https:\/\/www.die-stadtzeitung.de\/index.php\/wp-json\/wp\/v2\/posts\/80990","targetHints":{"allow":["GET"]}}],"collection":[{"href":"https:\/\/www.die-stadtzeitung.de\/index.php\/wp-json\/wp\/v2\/posts"}],"about":[{"href":"https:\/\/www.die-stadtzeitung.de\/index.php\/wp-json\/wp\/v2\/types\/post"}],"author":[{"embeddable":true,"href":"https:\/\/www.die-stadtzeitung.de\/index.php\/wp-json\/wp\/v2\/users\/7"}],"replies":[{"embeddable":true,"href":"https:\/\/www.die-stadtzeitung.de\/index.php\/wp-json\/wp\/v2\/comments?post=80990"}],"version-history":[{"count":6,"href":"https:\/\/www.die-stadtzeitung.de\/index.php\/wp-json\/wp\/v2\/posts\/80990\/revisions"}],"predecessor-version":[{"id":80999,"href":"https:\/\/www.die-stadtzeitung.de\/index.php\/wp-json\/wp\/v2\/posts\/80990\/revisions\/80999"}],"wp:attachment":[{"href":"https:\/\/www.die-stadtzeitung.de\/index.php\/wp-json\/wp\/v2\/media?parent=80990"}],"wp:term":[{"taxonomy":"category","embeddable":true,"href":"https:\/\/www.die-stadtzeitung.de\/index.php\/wp-json\/wp\/v2\/categories?post=80990"},{"taxonomy":"post_tag","embeddable":true,"href":"https:\/\/www.die-stadtzeitung.de\/index.php\/wp-json\/wp\/v2\/tags?post=80990"}],"curies":[{"name":"wp","href":"https:\/\/api.w.org\/{rel}","templated":true}]}}