{"id":80793,"date":"2025-01-12T15:26:46","date_gmt":"2025-01-12T14:26:46","guid":{"rendered":"https:\/\/www.die-stadtzeitung.de\/?p=80793"},"modified":"2025-01-12T15:27:33","modified_gmt":"2025-01-12T14:27:33","slug":"lore-duwe-mein-treffen-mit-saskia-esken","status":"publish","type":"post","link":"https:\/\/www.die-stadtzeitung.de\/index.php\/2025\/01\/12\/lore-duwe-mein-treffen-mit-saskia-esken\/","title":{"rendered":"Lore Duwe: Mein Zufallstreffen mit Saskia Esken"},"content":{"rendered":"<div id=\"attachment_80798\" class=\"wp-caption alignnone\" style=\"max-width: 1549px;\"><img loading=\"lazy\" decoding=\"async\" class=\"wp-image-80798 size-full\" src=\"\/wp-content\/uploads\/2025\/01\/PHOTO-2025-01-11-23-39-58eeww.jpg\" alt=\"\" width=\"1539\" height=\"1119\" \/><span class=\"wp-caption-text\">Die Schauspielerin Lore Duwe (r.) mit der Politikerin Saskia Esken &#8211; \u00a9 Lore Duwe<\/span><\/div>\n<p>&#8222;Mal unter uns! Das kann jedem passieren. Pl\u00f6tzlich ist man mitten in einer\u00a0 Veranstaltung, deren Besuch man gar nicht geplant hat. Ichwollte eigentlich zu einem Treffen Kulturschaffender in der \u201eF\u00e4rberei\u201c. Doch dort wurde ich von Dr. Stefan K\u00fchn, Ex-Sozialdezernent, und dem Bundestagsabgeordneten Helge Lindh empfangen.<\/p>\n<p>Ich war in einer Wahlkampfveranstaltung der SPD gelandet. Mein Blick fiel auf das gro\u00dfe Plakat an der Wand: &#8222;Wuppertal gemeinsam gestalten&#8220;, war darauf in dicken Lettern zu lesen. Das Motto traf als Alt-Wuppertalerin nat\u00fcrlich mein Herz.<\/p>\n<p>Ich habe als Tr\u00fcmmerkind die Zerst\u00f6rung unserer Stadt im 2. Weltkrieg erlebt und war dann als Erwachsene mit einem 12-Stunden-Arbeitstag am Wiederaufbau beteiligt. Ich liebe meine Stadt und bin als Kunstschaffende immer an Gestaltung interessiert.<\/p>\n<p>Im Vorraum der \u201eF\u00e4rberei\u201c nahm ich eine gewisse Nervosit\u00e4t wahr. Dann \u00f6ffnete sich die Eingangst\u00fcr und Saskia Esken, Co-Parteivorsitzende der SPD, betrat unter Beifall den Raum. Die \u201eF\u00e4rberei\u201c platzte aus allen N\u00e4hten. Die Politikerin w\u00e4hlte starke Worte in ihrer k\u00e4mpferischen Wahlkampf-Ansprache.<\/p>\n<div id=\"attachment_80799\" class=\"wp-caption alignnone\" style=\"max-width: 560px;\"><img loading=\"lazy\" decoding=\"async\" class=\"wp-image-80799 size-full\" src=\"\/wp-content\/uploads\/2025\/01\/PHOTO-2025-01-11-23-39-fff.jpg\" alt=\"\" width=\"550\" height=\"673\" \/><span class=\"wp-caption-text\">K\u00e4mpfen gemeinsam f\u00fcr ihre Partei um Stimmen: SPD-Chefin Saskia Esken mit dem Wuppertaler MdB Helge Lindh &#8211; \u00a9 Lore Duwe<\/span><\/div>\n<p>Auch Lokalmatador Helge Lindh, der Wuppertal seit fast acht Jahren im Bundestag vertritt und auch bei der Wahl am 23. Februar wieder im Wahlkreis Wuppertal I als Bundestagskandidat antritt, erntete f\u00fcr seine frei gehaltene Rede viel Applaus. Er \u00a0hat die Sorgen der B\u00fcrger im Auge und schilderte seine Vorstellungen und Pl\u00e4ne f\u00fcr unsere Stadt und unser Land.<\/p>\n<p>Eigentlich wollte ich ja zum Treffen Wuppertaler Kulturschaffender und fand mich dann auf\u00a0 einer Wahlkampfveranstaltung wieder. Eine spannende, interessante \u00a0Erfahrung.<\/p>\n<p>Am 23. Februar haben wir alle die Wahl, liebe Wuppertalerinnen und Wuppertaler. Nehmen wir diese Chance wahr. Davon lebt schlie\u00dflich unsere Demokratie.<\/p>\n<p>Bis dann.&#8220;<\/p>\n<p><strong>Euer L\u00f6rken \/ Ihre Lore Duwe<\/strong><\/p>\n<p>&nbsp;<\/p>\n<p>&nbsp;<\/p>\n","protected":false},"excerpt":{"rendered":"<p>In ihrer Kolumne \u201eMal unter uns\u2026!\u201c kommentiert die beliebte Wuppertaler Schauspielerin, T\u00e4nzerin, S\u00e4ngerin und Autorin Lore Duwe (89) das Geschehen in ihrer geliebten Heimatstadt damals wie heute subjektiv aus ihrem ganz pers\u00f6nlichen Blickwinkel. <\/p>\n","protected":false},"author":7,"featured_media":0,"comment_status":"open","ping_status":"open","sticky":false,"template":"","format":"standard","meta":{"footnotes":""},"categories":[24],"tags":[],"class_list":["post-80793","post","type-post","status-publish","format-standard","hentry","category-wuppertal"],"publishpress_future_action":{"enabled":false,"date":"2026-05-07 13:30:21","action":"change-status","newStatus":"draft","terms":[],"taxonomy":"category","extraData":[]},"publishpress_future_workflow_manual_trigger":{"enabledWorkflows":[]},"_links":{"self":[{"href":"https:\/\/www.die-stadtzeitung.de\/index.php\/wp-json\/wp\/v2\/posts\/80793","targetHints":{"allow":["GET"]}}],"collection":[{"href":"https:\/\/www.die-stadtzeitung.de\/index.php\/wp-json\/wp\/v2\/posts"}],"about":[{"href":"https:\/\/www.die-stadtzeitung.de\/index.php\/wp-json\/wp\/v2\/types\/post"}],"author":[{"embeddable":true,"href":"https:\/\/www.die-stadtzeitung.de\/index.php\/wp-json\/wp\/v2\/users\/7"}],"replies":[{"embeddable":true,"href":"https:\/\/www.die-stadtzeitung.de\/index.php\/wp-json\/wp\/v2\/comments?post=80793"}],"version-history":[{"count":5,"href":"https:\/\/www.die-stadtzeitung.de\/index.php\/wp-json\/wp\/v2\/posts\/80793\/revisions"}],"predecessor-version":[{"id":80802,"href":"https:\/\/www.die-stadtzeitung.de\/index.php\/wp-json\/wp\/v2\/posts\/80793\/revisions\/80802"}],"wp:attachment":[{"href":"https:\/\/www.die-stadtzeitung.de\/index.php\/wp-json\/wp\/v2\/media?parent=80793"}],"wp:term":[{"taxonomy":"category","embeddable":true,"href":"https:\/\/www.die-stadtzeitung.de\/index.php\/wp-json\/wp\/v2\/categories?post=80793"},{"taxonomy":"post_tag","embeddable":true,"href":"https:\/\/www.die-stadtzeitung.de\/index.php\/wp-json\/wp\/v2\/tags?post=80793"}],"curies":[{"name":"wp","href":"https:\/\/api.w.org\/{rel}","templated":true}]}}