{"id":80775,"date":"2025-01-03T09:54:13","date_gmt":"2025-01-03T08:54:13","guid":{"rendered":"https:\/\/www.die-stadtzeitung.de\/?p=80775"},"modified":"2025-01-13T11:22:08","modified_gmt":"2025-01-13T10:22:08","slug":"embassy-of-oberbarmen-finissage-der-mobilen-ausstellung","status":"publish","type":"post","link":"https:\/\/www.die-stadtzeitung.de\/index.php\/2025\/01\/03\/embassy-of-oberbarmen-finissage-der-mobilen-ausstellung\/","title":{"rendered":"Embassy of Oberbarmen: Finissage der mobilen Ausstellung"},"content":{"rendered":"<div id=\"attachment_80779\" class=\"wp-caption alignnone\" style=\"max-width: 1758px;\"><img loading=\"lazy\" decoding=\"async\" class=\"size-full wp-image-80779\" src=\"\/wp-content\/uploads\/2025\/01\/Roland-und-Gisa-haengen-Bilder20241111_142240.jpg\" alt=\"\" width=\"1748\" height=\"1232\" \/><span class=\"wp-caption-text\">Impressionen von Gestaltungs-Arbeiten an der mobilen Ausstellung &#8211; \u00a9 Foto: Daniela Raimund<\/span><\/div>\n<p>Die Ausstellung erz\u00e4hlt heiter und tiefgr\u00fcndig von der Kraft der Kunst, von Interventionen und Begegnungen, von Zauber und Irrsinn. Mit Fotos, Plakaten und Aktions-Filmen im Caf\u00e9, im Saal und einer Projektion im Schaufenster der F\u00e4rberei nach Einbruch der Dunkelheit.<\/p>\n<p>Am Samstag (11.01.) findet die Finissage statt. \u201eAbschied f\u00e4llt schwer\u201c, sagt Roland Brus, Initiator der kreativen Gruppe aus K\u00fcnstlerinnen und K\u00fcnstlern. gruppe, \u201edeshalb erkl\u00e4ren wir diese Finissage kurzerhand zum wichtigsten Neujahrsempfang am Peter-Hansen-Platz.\u201c<\/p>\n<p>Roland Brus weiter: \u201eDazu gibt es Oasen-Kino, ausgew\u00e4hlte Filme von Aktionen und eine kleine F\u00fchrung durch die &#8222;Embassy of Oberbarmen&#8220;. Die Visa-Stelle wird ge\u00f6ffnet sein, Beantragung als auch Verl\u00e4ngerung von Visa sind m\u00f6glich.\u201c<\/p>\n<p><strong>Termin:<\/strong><\/p>\n<h4>\u201eEmbassy of Oberbarmen\u201c<\/h4>\n<p>Finissage der mobilen Ausstellung<\/p>\n<p><strong>Samstag &#8211; 11. Januar 2025 &#8211; ab 15:30 Uhr<\/strong><\/p>\n<p>F\u00e4rberei &#8211; Peter-Hansen-Platz 1 \u2013 42275 Wuppertal<\/p>\n<p><a href=\"https:\/\/www.facebook.com\/mobileoase\">https:\/\/www.facebook.com\/mobileoase<\/a><\/p>\n<p>&nbsp;<\/p>\n<p>&nbsp;<\/p>\n","protected":false},"excerpt":{"rendered":"<p>Seit 11 Jahren ist die K\u00fcnstlergruppe \u201eMobile Oase\u201c in Oberbarmen, Wichlinghausen und dem Rest der Stadt mit der mobilen Ausstellung \u201eEmbassy of Oberbarmen\u201c unterwegs. Sie transportiert das Oasen-Feeling, das f\u00fcr viele unverwechselbar ist. Am Samstag (11.01.) endet sie.<\/p>\n","protected":false},"author":7,"featured_media":0,"comment_status":"open","ping_status":"open","sticky":false,"template":"","format":"standard","meta":{"footnotes":""},"categories":[29],"tags":[],"class_list":["post-80775","post","type-post","status-publish","format-standard","hentry","category-kultur"],"publishpress_future_action":{"enabled":false,"date":"2026-05-07 04:04:58","action":"change-status","newStatus":"draft","terms":[],"taxonomy":"category","extraData":[]},"publishpress_future_workflow_manual_trigger":{"enabledWorkflows":[]},"_links":{"self":[{"href":"https:\/\/www.die-stadtzeitung.de\/index.php\/wp-json\/wp\/v2\/posts\/80775","targetHints":{"allow":["GET"]}}],"collection":[{"href":"https:\/\/www.die-stadtzeitung.de\/index.php\/wp-json\/wp\/v2\/posts"}],"about":[{"href":"https:\/\/www.die-stadtzeitung.de\/index.php\/wp-json\/wp\/v2\/types\/post"}],"author":[{"embeddable":true,"href":"https:\/\/www.die-stadtzeitung.de\/index.php\/wp-json\/wp\/v2\/users\/7"}],"replies":[{"embeddable":true,"href":"https:\/\/www.die-stadtzeitung.de\/index.php\/wp-json\/wp\/v2\/comments?post=80775"}],"version-history":[{"count":4,"href":"https:\/\/www.die-stadtzeitung.de\/index.php\/wp-json\/wp\/v2\/posts\/80775\/revisions"}],"predecessor-version":[{"id":80781,"href":"https:\/\/www.die-stadtzeitung.de\/index.php\/wp-json\/wp\/v2\/posts\/80775\/revisions\/80781"}],"wp:attachment":[{"href":"https:\/\/www.die-stadtzeitung.de\/index.php\/wp-json\/wp\/v2\/media?parent=80775"}],"wp:term":[{"taxonomy":"category","embeddable":true,"href":"https:\/\/www.die-stadtzeitung.de\/index.php\/wp-json\/wp\/v2\/categories?post=80775"},{"taxonomy":"post_tag","embeddable":true,"href":"https:\/\/www.die-stadtzeitung.de\/index.php\/wp-json\/wp\/v2\/tags?post=80775"}],"curies":[{"name":"wp","href":"https:\/\/api.w.org\/{rel}","templated":true}]}}