{"id":80764,"date":"2025-01-03T13:43:48","date_gmt":"2025-01-03T12:43:48","guid":{"rendered":"https:\/\/www.die-stadtzeitung.de\/?p=80764"},"modified":"2025-01-13T12:45:25","modified_gmt":"2025-01-13T11:45:25","slug":"wsv-holt-neuen-stuermer-vincent-orcansey-ist-da","status":"publish","type":"post","link":"https:\/\/www.die-stadtzeitung.de\/index.php\/2025\/01\/03\/wsv-holt-neuen-stuermer-vincent-orcansey-ist-da\/","title":{"rendered":"WSV holt neuen St\u00fcrmer: Vincent Orcansey ist da"},"content":{"rendered":"<div id=\"attachment_80765\" class=\"wp-caption alignnone\" style=\"max-width: 2570px;\"><img loading=\"lazy\" decoding=\"async\" class=\"wp-image-80765 size-full\" src=\"\/wp-content\/uploads\/2025\/01\/Classen-27-07-2024-076-scaled.jpg\" alt=\"\" width=\"2560\" height=\"1707\" \/><span class=\"wp-caption-text\">Vincent Ocansey noch im Trikot von T\u00fcrkspor Dortmund &#8211; \u00a9 Jochen Classen<\/span><\/div>\n<p>Der 24j\u00e4hrige Angreifer steht dem Team ab sofort zur Verf\u00fcgung und reist bereits am Montag mit ins Trainingslager. Nach wie vor bleibt unklar, wann Pedro Cejas nach seiner Verletzung zur\u00fcckkehren wird.<\/p>\n<p>In der Hinrunde absolvierte der Angreifer 17 Eins\u00e4tze, erzielte zwei Tore und bereitete zwei weitere Treffer vor. Mit einer K\u00f6rpergr\u00f6\u00dfe von 1,93 Metern bringt Ocansey nicht nur k\u00f6rperliche Pr\u00e4senz, sondern auch wertvolle Erfahrung aus der Liga mit, die das Team in der R\u00fcckrunde verst\u00e4rken wird. Ab sofort l\u00e4uft er beim WSV mit der R\u00fcckennummer 16 auf.<\/p>\n<p>WSV-Sportdirektor Gaetano Manno zu Verpflichtung von Vincent Ocansey: \u201eVincent ist ein Spieler, der uns mit seiner Dynamik, seiner k\u00f6rperlichen St\u00e4rke und seiner guten Einstellung sofort weiterhelfen kann. Er hat in beiden Spielen gegen uns gezeigt, was er draufhat. Sebastian Tyrala kennt ihn noch gut, und wir haben ihn schon l\u00e4nger beobachtet. Wir sind froh, dass er sich entschieden hat, seinen Vertrag aufzul\u00f6sen und jetzt bei uns ist. Au\u00dferdem bringt er gute Anlagen und sehr viel Potenzial mit. Mit seiner Gr\u00f6\u00dfe und Pr\u00e4senz vorne sind wir in der Offensive jetzt gut aufgestellt.\u201c<\/p>\n<div id=\"attachment_80766\" class=\"wp-caption alignnone\" style=\"max-width: 2570px;\"><img loading=\"lazy\" decoding=\"async\" class=\"size-full wp-image-80766\" src=\"\/wp-content\/uploads\/2025\/01\/E0Nagpn7LB9K-scaled.jpg\" alt=\"\" width=\"2560\" height=\"1348\" \/><span class=\"wp-caption-text\">WSV-Sportdirektor Gaetano Manno mit Neuzugang Vincent Ocansey im verschneiten Stadion am Zoo &#8211; \u00a9 Max Schleicher<\/span><\/div>\n<p>Vincent Ocansey erkl\u00e4rte: \u201eIch freue mich sehr, Teil des Wuppertaler Sportvereins zu werden und freue mich auf die Chance. Der WSV ist ein traditionsreicher Club mit gro\u00dfartigen Fans, und ich m\u00f6chte meinen Teil dazu beitragen, dass wir gemeinsam eine erfolgreiche R\u00fcckrunde spielen. Ich kann es kaum erwarten, mit meinen neuen Teamkollegen auf dem Platz zu stehen.\u201c<\/p>\n<p>&nbsp;<\/p>\n","protected":false},"excerpt":{"rendered":"<p>Ein neuer St\u00fcrmer f\u00fcr den WSV! Der WSV hat auf die Abg\u00e4nge und Verletzungen w\u00e4hrend der Winterpause reagiert. Vincent Ocansey wechselt von Ligakonkurrent T\u00fcrkspor Dortmund ins Stadion am Zoo.<\/p>\n","protected":false},"author":7,"featured_media":0,"comment_status":"open","ping_status":"open","sticky":false,"template":"","format":"standard","meta":{"footnotes":""},"categories":[20],"tags":[],"class_list":["post-80764","post","type-post","status-publish","format-standard","hentry","category-sport"],"publishpress_future_action":{"enabled":false,"date":"2026-05-06 17:39:02","action":"change-status","newStatus":"draft","terms":[],"taxonomy":"category","extraData":[]},"publishpress_future_workflow_manual_trigger":{"enabledWorkflows":[]},"_links":{"self":[{"href":"https:\/\/www.die-stadtzeitung.de\/index.php\/wp-json\/wp\/v2\/posts\/80764","targetHints":{"allow":["GET"]}}],"collection":[{"href":"https:\/\/www.die-stadtzeitung.de\/index.php\/wp-json\/wp\/v2\/posts"}],"about":[{"href":"https:\/\/www.die-stadtzeitung.de\/index.php\/wp-json\/wp\/v2\/types\/post"}],"author":[{"embeddable":true,"href":"https:\/\/www.die-stadtzeitung.de\/index.php\/wp-json\/wp\/v2\/users\/7"}],"replies":[{"embeddable":true,"href":"https:\/\/www.die-stadtzeitung.de\/index.php\/wp-json\/wp\/v2\/comments?post=80764"}],"version-history":[{"count":1,"href":"https:\/\/www.die-stadtzeitung.de\/index.php\/wp-json\/wp\/v2\/posts\/80764\/revisions"}],"predecessor-version":[{"id":80767,"href":"https:\/\/www.die-stadtzeitung.de\/index.php\/wp-json\/wp\/v2\/posts\/80764\/revisions\/80767"}],"wp:attachment":[{"href":"https:\/\/www.die-stadtzeitung.de\/index.php\/wp-json\/wp\/v2\/media?parent=80764"}],"wp:term":[{"taxonomy":"category","embeddable":true,"href":"https:\/\/www.die-stadtzeitung.de\/index.php\/wp-json\/wp\/v2\/categories?post=80764"},{"taxonomy":"post_tag","embeddable":true,"href":"https:\/\/www.die-stadtzeitung.de\/index.php\/wp-json\/wp\/v2\/tags?post=80764"}],"curies":[{"name":"wp","href":"https:\/\/api.w.org\/{rel}","templated":true}]}}