{"id":80570,"date":"2025-01-01T17:05:26","date_gmt":"2025-01-01T16:05:26","guid":{"rendered":"https:\/\/www.die-stadtzeitung.de\/?p=80570"},"modified":"2025-01-03T15:05:30","modified_gmt":"2025-01-03T14:05:30","slug":"der-wuppertaler-sv-bewegt-sich-auf-ganz-duennem-eis","status":"publish","type":"post","link":"https:\/\/www.die-stadtzeitung.de\/index.php\/2025\/01\/01\/der-wuppertaler-sv-bewegt-sich-auf-ganz-duennem-eis\/","title":{"rendered":"Der Wuppertaler SV bewegt sich auf ganz d\u00fcnnem Eis"},"content":{"rendered":"<div id=\"attachment_80575\" class=\"wp-caption alignnone\" style=\"max-width: 2570px;\"><img loading=\"lazy\" decoding=\"async\" class=\"wp-image-80575 size-full\" src=\"\/wp-content\/uploads\/2024\/12\/Classen-05-11-2024-011-scaled-1-1.jpg\" alt=\"\" width=\"2560\" height=\"1707\" \/><span class=\"wp-caption-text\">Zuletzt ein erfolgreiches Doppel: Sportdirektor Gaetano Manno (l.) und Cheftrainer Sebastian Tyrala &#8211; \u00a9 Archivfoto Jochen Classen<\/span><\/div>\n<p>W\u00e4hrend die laufende Saison durch Friedhelm Runges Familienunternehmen EMKA noch abgesichert ist, h\u00e4ngen die notwendigen Planungen f\u00fcr die n\u00e4chste Spielzeit 2025\/26 noch weitgehend in der Luft. Ja, man bewegt sich auf sehr d\u00fcnnem Eis.<\/p>\n<p>Noch zu seinen Lebzeiten hatte Friedhelm Runge f\u00fcr den \u201eVerein seines Herzens\u201c Weichen f\u00fcr die Zeit \u201edanach\u201c gestellt, als er ab der laufenden Saison sein Budget halbierte. Ihm hatte es offenkundig missfallen, dass sich aus der Finanzwelt niemand bereit fand, den WSV finanziell unter die Arme zu greifen.\u201c<\/p>\n<p>Was glaubst du, wer das heute wieder alles bezahlt\u201c, fragte er noch vor Jahresfrist vielsagend unseren Chronisten\u201c. Er wollte noch rechtzeitig wachr\u00fctteln, der Verein sollte sich nicht nur auf ihn verlassen, mehr Eigeninitiative entwickeln, lernen, auf eignen F\u00fcssen zu stehen, so der Eindruck. Die Auswirkungen dieses \u201eFeldexperiments\u201c sind noch offen, das Ende mit seinen ganzen Auswirkungen bei weitem nicht \u00fcberschaubar.<\/p>\n<h3>Eine Analyse von SIEGFRIED J\u00c4HNE<\/h3>\n<h3><\/h3>\n<p>Die ersten Fakten liegen nach der Hinrunde auf dem Tisch. Die meisten Akteure konnten oder wollten Gehaltsk\u00fcrzung nicht akzeptieren, sie verlie\u00dfen den Verein. 20 neue Spieler wurden geholt, das\u00a0 mit 29 Kickern v\u00f6llig neu formierte, mit Aufstiegsambitionen in die neue Saison gegangene Team, legte einen klassischen Fehlstart hin und geriet schon fr\u00fch in Abstiegsgefahr.<\/p>\n<div id=\"attachment_49747\" class=\"wp-caption alignnone\" style=\"max-width: 2570px;\"><img loading=\"lazy\" decoding=\"async\" class=\"size-full wp-image-49747\" src=\"\/wp-content\/uploads\/2020\/02\/IMG_0064_a-scaled.jpg\" alt=\"\" width=\"2560\" height=\"1707\" \/><span class=\"wp-caption-text\">War ein Macher: Der Unternehmer und ehemalige WSV-Pr\u00e4sident Friedhelm Runge (\u2020 85) &#8211; \u00a9 Foto: Dirk Sengotta<\/span><\/div>\n<p>Der f\u00fcr die Zusammenstellung des Kaders verantwortliche, engagierte Sport-Direktor Gaetano Manno (42) zog mit der Entlassung von Trainer Rene Klingbeil die Rei\u00dfleine. Er \u00fcbernahm kurzfristig sogar selbst die Trainingsleitung, wurde aber am Tiefpunkt der Entwicklung nach dem fr\u00fchen Pokal-Aus in Oberhausen (0:3) sogar ausgepfiffen. Gl\u00fccklicherweise bewies Gaetano Manno mit der Installation von Sebastian Tyrala (36) doch noch das richtige H\u00e4ndchen. Ein echter Gl\u00fcckgriff: Mit dem neuen Cheftrainer kam der sportliche Erfolg zur\u00fcck.<\/p>\n<h4>Gespr\u00e4ch mit EMKA noch nach Runges Vorstellungen?<\/h4>\n<p>Das f\u00fcr die Finanzen zust\u00e4ndige Vorstandsmitglied Dr. Jochen Leonhardt wollte und konnte sich zum jetzigen Zeitpunkt zu Zukunftsfragen noch nicht \u00e4u\u00dfern. Nur soviel: Mit seinem langj\u00e4hrigen Weggef\u00e4hrten Friedhelm Runge war zu dessen Lebzeiten vereinbart, \u00fcber die n\u00e4chste Spielzeit 2025\/26 Anfang Januar zu sprechen.<\/p>\n<p>Dieses Gespr\u00e4ch mit der Firma EMKA, bzw. deren Inhabern, der Familie Runge, wird tats\u00e4chlich im Januar 2025 mit offenem Ende stattfinden. Vom Ergebnis dieses Gespr\u00e4chs k\u00f6nnte abh\u00e4ngen, ob Wuppertal auch in Zukunft noch einen h\u00f6herklassigen Fu\u00dfball-Verein haben wird.<\/p>\n<div id=\"attachment_70663\" class=\"wp-caption alignnone\" style=\"max-width: 2510px;\"><img loading=\"lazy\" decoding=\"async\" class=\"size-full wp-image-70663\" src=\"\/wp-content\/uploads\/2023\/12\/Classen-02-12-2023-436.jpg\" alt=\"\" width=\"2500\" height=\"1667\" \/><span class=\"wp-caption-text\">WSV-Sportdirektor Gaetano Mann hatte als Interimstrainer Gespr\u00e4chsbedarf mit dem Schiedsrichtergespann -\u00a9 Archivfoto Jochen Classen<\/span><\/div>\n<p>Es sei denn, der seit M\u00e4rz 2024 f\u00fcr Marketing sowie Sponsoring und Vertrieb zust\u00e4ndige Vorstand Marwin Klotzkowsky (30) k\u00f6nnte urpl\u00f6tzlich noch neue Geldquellen erschlie\u00dfen. Er sprach bei Amtsantritt von einem F\u00fcnfjahresplan, mit dem der Aufstieg in Liga drei m\u00f6glich sein k\u00f6nnte. \u201eWir alle k\u00f6nnen mit den bisherigen Ergebnissen trotz aller erkennbarer Aktivit\u00e4ten nicht zufrieden sein, da gibt es noch viele Baustellen\u201c, erkl\u00e4rte er uns jetzt.<\/p>\n<p>Auch wenn er soeben wieder einen ungenannten Sponsor aus dem Raum K\u00f6ln gewinnen konnte, gibt er sich keinen Illusionen hin. \u201eAlle Auswirkungen der Wirtschaftskrise werden uns erst in naher Zukunft erreichen\u201c, sieht er die Chancen und Risiken realistisch. Hinzu komme, dass die Mitarbeit im Verein nach seiner Einsch\u00e4tzung noch verbesserungsf\u00e4hig und die Erwartungshaltung insgesamt zu hoch sei.<\/p>\n<h4>\u201eAuswirkungen der Wirtschaftskrise werden uns erreichen\u201c<\/h4>\n<p>Derweil r\u00fcstet sich die sportliche Abteilung f\u00fcr die am 25. Januar startende R\u00fcckrunde, die der WSV ausgerechnet in Oberhausen fortsetzt. In einem von Sponsoren und in Teilen von den Spielern selbst finanzierten Trainingslager vom 13. bis zum 19. Januar geht es zum Winter-Trainingslager ins t\u00fcrkische Side. Der Kader soll und muss reduziert werden. Von Spielern, die die Erwartungen nicht erf\u00fcllt haben, muss man sich trennen, ohne bei ihnen offiziell allein schon aus verkaufstaktischen Gr\u00fcnden von \u201eFehleink\u00e4ufen\u201c zu sprechen.<\/p>\n<div id=\"attachment_78910\" class=\"wp-caption alignnone\" style=\"max-width: 2570px;\"><img loading=\"lazy\" decoding=\"async\" class=\"wp-image-78910 size-full\" src=\"\/wp-content\/uploads\/2024\/10\/Kefkir-3-JC-scaled.jpg\" alt=\"\" width=\"2560\" height=\"1707\" \/><span class=\"wp-caption-text\">Soll inoffiziell als Streichkandidat gelten: Oguzhan Kefkir (blaues Trikot) &#8211; \u00a9 Archivfoto Jochen Classen<\/span><\/div>\n<p>\u201eWir sprechen aktuell mit f\u00fcnf Spielern \u00fcber deren Zukunft. Das sind offene Gespr\u00e4che. Es hei\u00dft nicht, dass alle f\u00fcnf gehen m\u00fcssen. Sie haben auch Vertr\u00e4ge. Aber wir m\u00fcssen schauen, welcher Weg f\u00fcr beide &#8211; dem Spieler und dem Wuppertaler SV &#8211; der Beste ist&#8220;, erkl\u00e4rte Trainer Sebastian Tyrala dem Sport-Magazin &#8222;RevierSport&#8220;.<\/p>\n<p>Kapit\u00e4n Niklas Dams hat dann auch seinen Vertrag inzwischen aufgel\u00f6st. Auch der junge Nachwuchsspieler Berkem Kurt verl\u00e4sst den Verein, er hatte bei den WSV-Profis nur einen Einsatz \u00fcber zw\u00f6lf Spielminuten. So dass die Kadergr\u00f6\u00dfe schon einmal von 29 auf 27 Spieler reduziert wurde.<\/p>\n<p>Wer sich \u00fcber die gro\u00dfe Anzahl der Spieler wundert, muss wissen, dass die Ausleihen der Spieler Benedikt Wimmer und Yousef Qashi von der U23 des FC Bayern M\u00fcnchen in erkennbarer Not kurzfristig erfolgten und nicht mit nennenswerten Kosten verbunden sind, da der Bundesliga-Club Interesse daran hat, dass seine Nachwuchsspieler Spielpraxis auf m\u00f6glichst hohem Niveau bekommen.<\/p>\n<h4>\u201eEs gibt noch Streich-Kandiaten\u201c<\/h4>\n<p>Nach &#8222;RevierSport&#8220;-Informationen geh\u00f6ren auch gestandene Profis wie Oguzhan Kefkir und Marco Terrazzino noch zu den Streichkandidaten. Beide blieben bis dato hinter den sportlichen Erwartungen zur\u00fcck. Zudem k\u00f6nnten Talente wie Kilian Bielitza oder Shinnosuke Nishi ausgeliehen werden.<\/p>\n<p>Wenn nicht noch \u00dcberraschungen kommen, rechnet Sportdirektor Gaetano Manno jetzt mit 20 Feldspielern und drei Torw\u00e4chtern, weil es inzwischen Verletzte gibt, die l\u00e4ngerfristig ausfallen. Die Zug\u00e4nge Muhammed Bejdic (Kreuzbandabriss) und der 23j\u00e4hrige Argentinier Pedro Cejas (Erkrankung der Bauchspeicheldr\u00fcse) fallen noch f\u00fcr einige Monate aus.<\/p>\n<div id=\"attachment_68497\" class=\"wp-caption alignnone\" style=\"max-width: 2570px;\"><img loading=\"lazy\" decoding=\"async\" class=\"wp-image-68497 size-full\" src=\"\/wp-content\/uploads\/2023\/09\/Marco-Terratzzino-Jochen-Classen-scaled.jpg\" alt=\"\" width=\"2560\" height=\"1706\" \/><span class=\"wp-caption-text\">Soll inoffiziell als Streichkandidat gelten: Co-Kapit\u00e4n Marco Terrazzino &#8211; \u00a9 Archivfoto Jochen Classen<\/span><\/div>\n<p>Offen ist auch die Personalie Gaetano Manno selbst. \u00dcber Vertragsinhalte spreche man nicht, hatte Pressesprecher Max Schleicher noch vor drei Wochen, bis dahin nachvollziehbar bei einer offiziellen Pressekonferenz des Vereins gesagt.\u00a0 Doch dann l\u00fcftete Sportdirektor Gaetano Manno einige Tage sp\u00e4ter in einem speziellen Podcast der Westdeutschen Zeitung, dem \u201ePremium und Medienpartner\u201c, bereitwillig selbst das &#8222;Geheimnis&#8220;:<\/p>\n<p>Der von EMKA finanzierte Vertrag laufe noch bis zum Saisonende. Er sei mit ganzem Herzen f\u00fcr den WSV t\u00e4tig und wolle\u00a0 auch in Zukunft f\u00fcr seinen Verein arbeiten. Um aber die neue Saison optimal vorbereiten zu k\u00f6nnen, bed\u00fcrfe es bereits jetzt klarer Ansagen, nach denen sich Spieler und Trainer ausrichten k\u00f6nnten. Er wolle einen kontinuierlichen Neuaufbau und nicht wieder mit 20 neuen Spielern beginnen. Klare Worte!<\/p>\n<h4>\u201eAm Ende des Tages z\u00e4hlen immer nur Ergebnisse\u201c<\/h4>\n<p>Die zuletzt gewonnenen drei Spiele ohne Gegentor geben der Hoffnung Raum, dass das Saisonziel \u201eKlassenerhalt\u201c mit m\u00f6glichst einstelligem Tabellenplatz doch noch erreicht werden kann. Mit dem neuen Trainer Sebastian Tyrala (36) kam der Erfolg zur\u00fcck.<\/p>\n<p>\u201eMein Vertrag l\u00e4uft am Saisonende aus. Ich denke, dass wir \u00fcber meine Zukunft im Februar oder M\u00e4rz sprechen werden. Bis dahin will ich zeigen, dass ich der richtige Mann am richtigen Ort bin. Am Ende des Tages geht es in diesem Gesch\u00e4ft immer um Ergebnisse\u201c, erkl\u00e4rte der Fu\u00dfballlehrer gegen\u00fcber dem &#8222;RevierSport&#8220;.<\/p>\n<div id=\"attachment_80573\" class=\"wp-caption alignnone\" style=\"max-width: 2570px;\"><img loading=\"lazy\" decoding=\"async\" class=\"wp-image-80573 size-full\" src=\"\/wp-content\/uploads\/2024\/12\/IMG_7888-scaled.jpg\" alt=\"\" width=\"2560\" height=\"1889\" \/><span class=\"wp-caption-text\">Marwin Klotzkowsky, Verwaltungsratsmitglied, Heimo Schitter, Bausachverst\u00e4ndiger, Dr. Jochen Leonhardt,\u00a0 WSV-Finanz-Vorstand (v.l.) &#8211; \u00a9 Archivfoto Siegfried J\u00e4hne<\/span><\/div>\n<p>Auff\u00e4llig ist, das viele, oft gesch\u00f6nte Informationen um das Team und den Verein oft breit gestreut zu finden sind, auch oder teilweise nur in \u00fcberregionalen Medien. Eine Zeiterscheinung der heutigen, sich ver\u00e4ndernden Medienwelt, die dann oft ohne die notwendige kritische Reflexion der tats\u00e4chlichen Gegebenheiten oberfl\u00e4chlich daher kommt?<\/p>\n<p>Welche Auswirkungen eine Kommunikationspolitik haben kann oder muss, die sich dem Verst\u00e4ndnis von Kommunikation und \u00d6ffentlichkeit durch Einseitigkeit entzieht, wird sich noch zeigen. Ob es da trotz breit angelegter Berichterstattung auch Zusammenh\u00e4nge zum nachlassenden Zuschauerinteresse gibt, ist nicht ganz sicher.<\/p>\n<p>Wissenschaftliche Erfahrungen und Auswertungen mit Massenmedien sprechen da aber schon eher eine deutliche Sprache. Soviel ist aber auch sicher, f\u00fcr den sportlichen Erfolg gibt es keinen Ersatz. Und: Trainer, Spieler, erst recht aber die Zuschauer, kommen oder gehen&#8230;<\/p>\n<p><strong>Text: Siegfried J\u00e4hne<\/strong><\/p>\n<p>&nbsp;<\/p>\n<p>&nbsp;<\/p>\n<p>&nbsp;<\/p>\n<p>&nbsp;<\/p>\n","protected":false},"excerpt":{"rendered":"<p>Es sind schon sehr gemischte Gef\u00fchle, die man beim Wuppertaler SV zum Jahreswechsel sp\u00fcrt. Der Traditionsverein beendet das Jahr nach dem Tod von Haupt-Sponsor Friedhelm Runge (\u2020 85) mit vielen, die Zukunft betreffenden offenen Fragen.<\/p>\n","protected":false},"author":7,"featured_media":0,"comment_status":"open","ping_status":"open","sticky":false,"template":"","format":"standard","meta":{"footnotes":""},"categories":[20],"tags":[],"class_list":["post-80570","post","type-post","status-publish","format-standard","hentry","category-sport"],"publishpress_future_action":{"enabled":false,"date":"2026-05-09 12:52:49","action":"change-status","newStatus":"draft","terms":[],"taxonomy":"category","extraData":[]},"publishpress_future_workflow_manual_trigger":{"enabledWorkflows":[]},"_links":{"self":[{"href":"https:\/\/www.die-stadtzeitung.de\/index.php\/wp-json\/wp\/v2\/posts\/80570","targetHints":{"allow":["GET"]}}],"collection":[{"href":"https:\/\/www.die-stadtzeitung.de\/index.php\/wp-json\/wp\/v2\/posts"}],"about":[{"href":"https:\/\/www.die-stadtzeitung.de\/index.php\/wp-json\/wp\/v2\/types\/post"}],"author":[{"embeddable":true,"href":"https:\/\/www.die-stadtzeitung.de\/index.php\/wp-json\/wp\/v2\/users\/7"}],"replies":[{"embeddable":true,"href":"https:\/\/www.die-stadtzeitung.de\/index.php\/wp-json\/wp\/v2\/comments?post=80570"}],"version-history":[{"count":13,"href":"https:\/\/www.die-stadtzeitung.de\/index.php\/wp-json\/wp\/v2\/posts\/80570\/revisions"}],"predecessor-version":[{"id":80597,"href":"https:\/\/www.die-stadtzeitung.de\/index.php\/wp-json\/wp\/v2\/posts\/80570\/revisions\/80597"}],"wp:attachment":[{"href":"https:\/\/www.die-stadtzeitung.de\/index.php\/wp-json\/wp\/v2\/media?parent=80570"}],"wp:term":[{"taxonomy":"category","embeddable":true,"href":"https:\/\/www.die-stadtzeitung.de\/index.php\/wp-json\/wp\/v2\/categories?post=80570"},{"taxonomy":"post_tag","embeddable":true,"href":"https:\/\/www.die-stadtzeitung.de\/index.php\/wp-json\/wp\/v2\/tags?post=80570"}],"curies":[{"name":"wp","href":"https:\/\/api.w.org\/{rel}","templated":true}]}}