{"id":80476,"date":"2024-12-19T21:27:04","date_gmt":"2024-12-19T20:27:04","guid":{"rendered":"https:\/\/www.die-stadtzeitung.de\/?p=80476"},"modified":"2024-12-19T21:27:04","modified_gmt":"2024-12-19T20:27:04","slug":"ob-uwe-schneidewind-verzichtet-auf-eine-erneute-kandidatur","status":"publish","type":"post","link":"https:\/\/www.die-stadtzeitung.de\/index.php\/2024\/12\/19\/ob-uwe-schneidewind-verzichtet-auf-eine-erneute-kandidatur\/","title":{"rendered":"OB Uwe Schneidewind verzichtet auf eine erneute Kandidatur"},"content":{"rendered":"<div id=\"attachment_50793\" class=\"wp-caption alignnone\" style=\"max-width: 1930px;\"><img loading=\"lazy\" decoding=\"async\" class=\"wp-image-50793 size-full\" src=\"\/wp-content\/uploads\/2022\/03\/898c364a53bc4877d2ff33fed67802a1.jpeg\" alt=\"\" width=\"1920\" height=\"1282\" \/><span class=\"wp-caption-text\">Oberb\u00fcrgermeister Dr. Uwe Schneidewind &#8211; \u00a9 Sabine Stern \/ Stadt Wuppertal<\/span><\/div>\n<p>\u201eNach ausf\u00fchrlicher Abw\u00e4gung habe ich mich aus pers\u00f6nlichen und politischen Gr\u00fcnden entschlossen, nicht f\u00fcr eine weitere Oberb\u00fcrgermeister-Kandidatur zur Verf\u00fcgung zu stehen.<\/p>\n<p>Trotz gro\u00dfer Widrigkeiten und Herausforderungen, wie der Corona-Pandemie, der Ukraine-Krise, personell notwendiger Umbr\u00fcche an der Stadtspitze und fehlender politischer Mehrheiten im Rat, ist es in den vergangenen vier Jahren gelungen, Wuppertal in vielerlei Hinsicht zukunftsf\u00e4hig zu entwickeln:\u00a0Der politische Beschluss und der gewonnene B\u00fcrgerentscheid f\u00fcr die BUGA 2031 erm\u00f6glichen ein umfassendes Zukunftsprojekt f\u00fcr Wuppertal.<\/p>\n<p>Weitere Erfolgsprojekte, die oft im engen Zusammenspiel mit Wirtschaft, Stiftungen und Zivilgesellschaft realisiert werden konnten, sind der Solar Decathlon 2021\/22, die Entwicklung des Bob.Campus zusammen mit der Montag-Stiftung, die \u00f6konomische Neuentwicklung des Schaeffler-Areals, der Aufbau des Visiodroms und des Schwebodroms sowie der Umbau der Bundesbahndirektion zu einem hochmodernen B\u00fcrger-Zentrum f\u00fcr Wuppertal.<\/p>\n<h4>Neue Vergabeverfahren f\u00fcr Schulbau, mehr Frauen in Spitzenpositionen<\/h4>\n<p>Es wurden neue Vergabe- und Realisierungsverfahren im Bereich des Schulbaus eingef\u00fchrt, um auch in der zweiten H\u00e4lfte der 2020er Jahre die Sch\u00fclerinnen und Sch\u00fcler insbesondere an weiterf\u00fchrenden Schulen angemessen mit Schulraum zu versorgen.<\/p>\n<div id=\"attachment_80478\" class=\"wp-caption alignnone\" style=\"max-width: 1930px;\"><img loading=\"lazy\" decoding=\"async\" class=\"wp-image-80478 size-full\" src=\"\/wp-content\/uploads\/2024\/12\/Martin-Mazur.webp\" alt=\"\" width=\"1920\" height=\"1280\" \/><span class=\"wp-caption-text\">Uwe Schneidewind (M.) nach dem gewonnenen BUGA-B\u00fcrgerentscheid. Links Holger Bramsiepe, Vorsitzender des BUGA-F\u00f6rdervereins &#8211; \u00a9 Martin Mazur<\/span><\/div>\n<p>Nicht nur mit der Neubesetzung des Verwaltungsvorstandes ist es gelungen, den Anteil von Frauen in Spitzenpositionen deutlich zu erh\u00f6hen. Dies gilt ebenso innerhalb der Stadtverwaltung wie auch in den st\u00e4dtischen Gesellschaften, etwa durch die Besetzung der Vorst\u00e4nde der Wirtschaftsf\u00f6rderung und des Jobcenters sowie der Gesch\u00e4ftsf\u00fchrung der BUGA gGmbH mit kompetenten und fachlich exzellenten Frauen.<\/p>\n<h4>\u00dcberregionale Au\u00dfenwirkung der Stadt<\/h4>\n<p>Eine positive \u00fcberregionale Au\u00dfenwirkung und starke Sichtbarkeit erlangte Wuppertal \u00fcber Projekte wie den Urbanen Kunstraum, das Circular Valley, aber auch durch eine hohe \u00fcberregionale Sichtbarkeit des Oberb\u00fcrgermeisters und seine Repr\u00e4sentation der Stadt in F\u00fchrungsgremien des St\u00e4dtetages, als Verbandsvorsteher des VRR oder als einer der Sprecher des Aktionsb\u00fcndnisses \u201eF\u00fcr die W\u00fcrde unserer St\u00e4dte\u201c<\/p>\n<h4>Politische Handlungsf\u00e4higkeit beeintr\u00e4chtigt<\/h4>\n<p>Trotz der vielen, auch \u00fcberregional wahrgenommenen, positiven Zukunfts-Entwicklungen in Wuppertal ist es nicht gelungen, die Stadt politisch zu einen. Insbesondere seit dem Auseinanderfallen der schwarz-gr\u00fcnen Koalition im Jahr 2022 ist das Verh\u00e4ltnis zwischen dem Oberb\u00fcrgermeister und den die Mehrheit im Stadtrat tragenden Fraktionen von CDU, SPD und FDP weiter schwierig und beeintr\u00e4chtigt eine geschlossene politische Handlungs- und Entscheidungsf\u00e4higkeit der Stadt. Dies wurde in den letzten Monaten bei wichtigen Entscheidungen immer wieder deutlich und gef\u00e4hrdet die Entwicklung Wuppertals. Dies kann nur durch eine Oberb\u00fcrgermeisterin \u00fcberwunden werden, die Politik und Stadtgesellschaft wieder eint.<\/p>\n<h4>Produktives Ringen um Wuppertals Zukunft<\/h4>\n<p>Zum Wohle Wuppertals m\u00f6chte ich der Stadt daher einen Oberb\u00fcrgermeisterinnen-Wahlkampf erm\u00f6glichen, der vorw\u00e4rtsgewandt durch ein produktives Ringen um Wuppertals Zukunft gepr\u00e4gt ist &#8211; und nicht r\u00fcckw\u00e4rts-gewandt und durch eine polarisierende Personifizierung belastet ist.<\/p>\n<div id=\"attachment_80479\" class=\"wp-caption alignnone\" style=\"max-width: 1930px;\"><img loading=\"lazy\" decoding=\"async\" class=\"wp-image-80479 size-full\" src=\"\/wp-content\/uploads\/2024\/12\/Stefanie-von-Stein.webp\" alt=\"\" width=\"1920\" height=\"1282\" \/><span class=\"wp-caption-text\">OB Uwe Schneidewind vor der alten Bundesbahndirektion am D\u00f6ppersberg &#8211; \u00a9 Stefanie von Stein \/ Stadt Wuppertal<\/span><\/div>\n<p>Ich bin meiner Partei B\u00fcndnis 90\/Die Gr\u00fcnen Wuppertal f\u00fcr das Verst\u00e4ndnis f\u00fcr meine Entscheidung dankbar. Und ich freue mich, dass die Partei in dieser Entscheidung auch die Chance sieht, auf andere demokratische Fraktionen in Wuppertal zuzugehen und sich ab Anfang des neuen Jahres auf den Weg zur Suche einer Oberb\u00fcrgermeister-Kandidatin zu machen, die die Fortsetzung einer Zukunftspolitik in Wuppertal mit hoher Integrationskraft in Politik und Stadtgesellschaft verbindet.<\/p>\n<h4>Dank f\u00fcr konstruktives Miteinander<\/h4>\n<p>Mein Dank geht an alle, die 2020 den Mut hatten, diese innovative und \u00fcberregional gro\u00dfe Beachtung ausl\u00f6sende Oberb\u00fcrgermeister-Konstellation zu unterst\u00fctzen. Ich danke f\u00fcr das \u00e4u\u00dferst konstruktive Miteinander mit der Stadtgesellschaft und in der Verwaltung.<\/p>\n<p>Ich selber werde das verbleibende knappe Jahr meiner Amtszeit mit ganzer Energie daf\u00fcr nutzen, wichtige Zukunftsprozesse f\u00fcr die Stadt zu stabilisieren und weiter voranzutreiben: Dazu geh\u00f6ren insbesondere die weitere Umsetzung der BUGA 2031, der Einsatz f\u00fcr das Pina Bausch Zentrum und die weitere Entwicklung des neu zusammengesetzten Verwaltungsvorstandes zu einem kooperativ und produktiv arbeitenden Vorstandsteam.\u201c<\/p>\n<p>Ich danke f\u00fcr das \u00e4u\u00dferst konstruktive Miteinander mit der Stadtgesellschaft und in der Verwaltung.&#8220;<\/p>\n<p><strong>Oberb\u00fcrgermeister Uwe Schneidewind<\/strong><\/p>\n<p>&nbsp;<\/p>\n","protected":false},"excerpt":{"rendered":"<p>Wuppertals Oberb\u00fcrgermeister Prof. Dr. Uwe Schneidewind verzichtet auf eine Kandidatur f\u00fcr die Oberb\u00fcrgermeister-Wahl im kommenden Jahr. Zu den Gr\u00fcnden erkl\u00e4rte er am Donnerstag (19.12.).<\/p>\n","protected":false},"author":7,"featured_media":0,"comment_status":"open","ping_status":"open","sticky":false,"template":"","format":"standard","meta":{"footnotes":""},"categories":[26],"tags":[],"class_list":["post-80476","post","type-post","status-publish","format-standard","hentry","category-politik"],"publishpress_future_action":{"enabled":false,"date":"2026-05-07 20:02:04","action":"change-status","newStatus":"draft","terms":[],"taxonomy":"category","extraData":[]},"publishpress_future_workflow_manual_trigger":{"enabledWorkflows":[]},"_links":{"self":[{"href":"https:\/\/www.die-stadtzeitung.de\/index.php\/wp-json\/wp\/v2\/posts\/80476","targetHints":{"allow":["GET"]}}],"collection":[{"href":"https:\/\/www.die-stadtzeitung.de\/index.php\/wp-json\/wp\/v2\/posts"}],"about":[{"href":"https:\/\/www.die-stadtzeitung.de\/index.php\/wp-json\/wp\/v2\/types\/post"}],"author":[{"embeddable":true,"href":"https:\/\/www.die-stadtzeitung.de\/index.php\/wp-json\/wp\/v2\/users\/7"}],"replies":[{"embeddable":true,"href":"https:\/\/www.die-stadtzeitung.de\/index.php\/wp-json\/wp\/v2\/comments?post=80476"}],"version-history":[{"count":2,"href":"https:\/\/www.die-stadtzeitung.de\/index.php\/wp-json\/wp\/v2\/posts\/80476\/revisions"}],"predecessor-version":[{"id":80482,"href":"https:\/\/www.die-stadtzeitung.de\/index.php\/wp-json\/wp\/v2\/posts\/80476\/revisions\/80482"}],"wp:attachment":[{"href":"https:\/\/www.die-stadtzeitung.de\/index.php\/wp-json\/wp\/v2\/media?parent=80476"}],"wp:term":[{"taxonomy":"category","embeddable":true,"href":"https:\/\/www.die-stadtzeitung.de\/index.php\/wp-json\/wp\/v2\/categories?post=80476"},{"taxonomy":"post_tag","embeddable":true,"href":"https:\/\/www.die-stadtzeitung.de\/index.php\/wp-json\/wp\/v2\/tags?post=80476"}],"curies":[{"name":"wp","href":"https:\/\/api.w.org\/{rel}","templated":true}]}}