{"id":80440,"date":"2024-12-13T10:28:54","date_gmt":"2024-12-13T09:28:54","guid":{"rendered":"https:\/\/www.die-stadtzeitung.de\/?p=80440"},"modified":"2024-12-24T14:49:14","modified_gmt":"2024-12-24T13:49:14","slug":"weihnachtswunschstern-aktion-230-leuchtende-kinderaugen","status":"publish","type":"post","link":"https:\/\/www.die-stadtzeitung.de\/index.php\/2024\/12\/13\/weihnachtswunschstern-aktion-230-leuchtende-kinderaugen\/","title":{"rendered":"Weihnachtswunschstern-Aktion: 230 leuchtende Kinderaugen"},"content":{"rendered":"<div id=\"attachment_80442\" class=\"wp-caption alignnone\" style=\"max-width: 2570px;\"><img loading=\"lazy\" decoding=\"async\" class=\"wp-image-80442 size-full\" src=\"\/wp-content\/uploads\/2024\/12\/Weihnachtsmann_-scaled.jpg\" alt=\"\" width=\"2560\" height=\"1913\" \/><span class=\"wp-caption-text\">Der Weihnachtsmann verteilte Geschenke an die Kinder und Jugendlichen &#8211; \u00a9 E\/D\/E<\/span><\/div>\n<p>Kleine und gro\u00dfe aufgeregte G\u00e4ste aus den Kinder- und Jugendwohngruppen der Stadt Wuppertal besuchten das E\/D\/E zur Weihnachtswunschstern-Aktion.<\/p>\n<p>Bei diesem allj\u00e4hrlichen Event erf\u00fcllen E\/D\/E Mitarbeiter hilfsbed\u00fcrftigen Kindern und Jugendlichen aus Wuppertaler Kinder- und Jugendheimen ihre Weihnachtsw\u00fcnsche. Ob ein ferngesteuertes Rennauto, eine Puppe oder ein Fu\u00dfball \u2013 die Mitarbeiter spenden Geld oder suchen sich einen Stern aus, besorgen das Geschenk und verpacken es f\u00fcr die Weihnachtsfeier.<\/p>\n<p>Highlight der Aktion: Die abschlie\u00dfende gemeinsame Weihnachtsfeier im E\/D\/E Foyer. Dieses Jahr wurden die kleinen und gro\u00dfen G\u00e4ste aus den Wuppertaler Kinder- und Jugendeinrichtungen mit dem Bus abgeholt und in die E\/D\/E Firmenzentrale gebracht, wo der Weihnachtsmann die Geschenke verteilte.<\/p>\n<div id=\"attachment_80444\" class=\"wp-caption alignnone\" style=\"max-width: 610px;\"><img loading=\"lazy\" decoding=\"async\" class=\"wp-image-80444 size-full\" src=\"\/wp-content\/uploads\/2024\/12\/Geschenke.jpg\" alt=\"\" width=\"600\" height=\"450\" \/><span class=\"wp-caption-text\">E\/D\/E Mitarbeiter hatten die Geschenke vor der Weihnachtsfeier selbst verpackt &#8211; \u00a9 E\/D\/E<\/span><\/div>\n<p>Gemeinsam mit den E\/D\/E Mitarbeitern und Weihnachtshelfern stimmten sich die Kinder dann bei selbstgebackenen Leckereien und Kinderschminken auf Weihnachten ein.<\/p>\n<p>\u201eUns ist es als Familie ein gro\u00dfes Anliegen in unserer Region gesellschaftliche Verantwortung zu \u00fcbernehmen. Umso mehr freue ich mich dar\u00fcber, dass die von meinem Vater f\u00fcr das E\/D\/E ins Leben gerufene Weihnachtswunschstern-Aktion sich in diesem Jahr zum 15. Mal j\u00e4hrt. Mit dieser Aktion, die von unseren Mitarbeitern seit Beginn gro\u00dfz\u00fcgig getragen wird, konnten wir \u00fcber die Jahre hinweg Hunderten von Kindern ihre Weihnachtsw\u00fcnsche erf\u00fcllen, was uns sehr ber\u00fchrt\u201c, so Dr. Andreas Trautwein, Vorsitzender der E\/D\/E Gesch\u00e4ftsf\u00fchrung.<\/p>\n<div id=\"attachment_80445\" class=\"wp-caption alignnone\" style=\"max-width: 510px;\"><img loading=\"lazy\" decoding=\"async\" class=\"wp-image-80445 size-full\" src=\"\/wp-content\/uploads\/2024\/12\/04_Weihnachtsbaumkugel-1.jpg\" alt=\"\" width=\"500\" height=\"667\" \/><span class=\"wp-caption-text\">Besinnliche Weihnachts-Atmosph\u00e4re im Foyer des E\/D\/E &#8211; \u00a9 E\/D\/E<\/span><\/div>\n<p>\u201eIch bin jedes Jahr erneut beeindruckt von dem Engagement und der Gro\u00dfz\u00fcgigkeit der E\/D\/E Wunsch-Erf\u00fcller. Mit gro\u00dfem Einsatz besorgen sie die Geschenke, die sich die Kinder so sehr w\u00fcnschen, spenden aus vollem Herzen und zaubern den Kleinen ein L\u00e4cheln ins Gesicht. Das ist besonders f\u00fcr Kinder und Jugendliche, die derzeit nicht mit ihren Kernfamilien zusammenleben, von unsch\u00e4tzbarem Wert\u201c, freut sich Petra M\u00fcller, Betriebsleiterin der Kinder- und Jugendwohngruppen der Stadt Wuppertal.<\/p>\n<p>Insbesondere in der Weihnachtszeit unterst\u00fctzen das E\/D\/E und die E\/D\/E Stiftung gemeinsam sorgf\u00e4ltig ausgew\u00e4hlte Projekte in Wuppertal, die sich vorrangig der Bildungsf\u00f6rderung und Mildt\u00e4tigkeit verschrieben haben. \u201eIn diesem Jahr sind neben der Junior Uni Wuppertal, der Alten Feuerwache Wuppertal und dem Sozialen Hilfswerk Wuppertal-Langerfeld zahlreiche weitere soziale Einrichtungen dabei\u201c, so Jennifer Tr\u00e4ptau, Nachhaltigkeitsbeauftragte der E\/D\/E Gruppe.<\/p>\n<div id=\"attachment_80446\" class=\"wp-caption alignnone\" style=\"max-width: 610px;\"><img loading=\"lazy\" decoding=\"async\" class=\"wp-image-80446 size-full\" src=\"\/wp-content\/uploads\/2024\/12\/Gruppe_Wichtel.jpg\" alt=\"\" width=\"600\" height=\"313\" \/><span class=\"wp-caption-text\">Die E\/D\/E Azubis halfen als Weihnachtswichtel mit bei der Verteilung der Geschenke &#8211; \u00a9 E\/D\/E<\/span><\/div>\n<p><strong>Link zur Webseite der E\/D\/E:<\/strong><\/p>\n<p><a href=\"http:\/\/www.ede.de\">http:\/\/www.ede.de<\/a><\/p>\n","protected":false},"excerpt":{"rendered":"<p>230 leuchtende Kinderaugen \u2013 das ist das sch\u00f6ne Ergebnis der Weihnachtswunschstern-Aktion des Einkaufsb\u00fcro Deutscher Eisenh\u00e4ndler (E\/D\/E). \u00a0Bei einer gemeinsamen Weihnachtsfeier mit E\/D\/E Mitarbeitern freuten sich die Kinder und Jugendlichen \u00fcber die Erf\u00fcllung ihrer Weihnachtsw\u00fcnsche.<\/p>\n","protected":false},"author":7,"featured_media":0,"comment_status":"open","ping_status":"open","sticky":false,"template":"","format":"standard","meta":{"footnotes":""},"categories":[24],"tags":[],"class_list":["post-80440","post","type-post","status-publish","format-standard","hentry","category-wuppertal"],"publishpress_future_action":{"enabled":false,"date":"2026-05-06 17:39:33","action":"change-status","newStatus":"draft","terms":[],"taxonomy":"category","extraData":[]},"publishpress_future_workflow_manual_trigger":{"enabledWorkflows":[]},"_links":{"self":[{"href":"https:\/\/www.die-stadtzeitung.de\/index.php\/wp-json\/wp\/v2\/posts\/80440","targetHints":{"allow":["GET"]}}],"collection":[{"href":"https:\/\/www.die-stadtzeitung.de\/index.php\/wp-json\/wp\/v2\/posts"}],"about":[{"href":"https:\/\/www.die-stadtzeitung.de\/index.php\/wp-json\/wp\/v2\/types\/post"}],"author":[{"embeddable":true,"href":"https:\/\/www.die-stadtzeitung.de\/index.php\/wp-json\/wp\/v2\/users\/7"}],"replies":[{"embeddable":true,"href":"https:\/\/www.die-stadtzeitung.de\/index.php\/wp-json\/wp\/v2\/comments?post=80440"}],"version-history":[{"count":4,"href":"https:\/\/www.die-stadtzeitung.de\/index.php\/wp-json\/wp\/v2\/posts\/80440\/revisions"}],"predecessor-version":[{"id":80450,"href":"https:\/\/www.die-stadtzeitung.de\/index.php\/wp-json\/wp\/v2\/posts\/80440\/revisions\/80450"}],"wp:attachment":[{"href":"https:\/\/www.die-stadtzeitung.de\/index.php\/wp-json\/wp\/v2\/media?parent=80440"}],"wp:term":[{"taxonomy":"category","embeddable":true,"href":"https:\/\/www.die-stadtzeitung.de\/index.php\/wp-json\/wp\/v2\/categories?post=80440"},{"taxonomy":"post_tag","embeddable":true,"href":"https:\/\/www.die-stadtzeitung.de\/index.php\/wp-json\/wp\/v2\/tags?post=80440"}],"curies":[{"name":"wp","href":"https:\/\/api.w.org\/{rel}","templated":true}]}}