{"id":80259,"date":"2024-12-10T16:08:19","date_gmt":"2024-12-10T15:08:19","guid":{"rendered":"https:\/\/www.die-stadtzeitung.de\/?p=80259"},"modified":"2024-12-10T19:36:11","modified_gmt":"2024-12-10T18:36:11","slug":"wuppertaler-sv-kapitaen-niklas-dams-geht-von-bord","status":"publish","type":"post","link":"https:\/\/www.die-stadtzeitung.de\/index.php\/2024\/12\/10\/wuppertaler-sv-kapitaen-niklas-dams-geht-von-bord\/","title":{"rendered":"Wuppertaler SV: Kapit\u00e4n Niklas Dams geht von Bord"},"content":{"rendered":"<div id=\"attachment_80260\" class=\"wp-caption alignnone\" style=\"max-width: 1610px;\"><img loading=\"lazy\" decoding=\"async\" class=\"wp-image-80260 size-full\" src=\"\/wp-content\/uploads\/2024\/12\/VjKjmMxVvxaQ.jpg\" alt=\"\" width=\"1600\" height=\"1067\" \/><span class=\"wp-caption-text\">Hier jubelt der scheidende Niklas Dams (r.) noch mit seinem Ex-Mannschaftskamerad Semir Saric &#8211; \u00a9 Gunnar Frankenberg<\/span><\/div>\n<p>Niklas Dams war im Sommer 2023 von Borussia Dortmund zum WSV gekommen und \u00fcbernahm zu Beginn dieser Spielzeit die Rolle des Mannschaftskapit\u00e4ns. Mit seiner Erfahrung hat er einen wichtigen Beitrag f\u00fcr die Mannschaft geleistet. In der laufenden Saison bestritt der 1,84 Meter gro\u00dfe Abwehrspieler 14 Pflichtspiele f\u00fcr den Verein.<\/p>\n<p>Niklas Dams erkl\u00e4rt seine Beweggr\u00fcnde: \u201eAus privaten Gr\u00fcnden habe ich mich dazu entschieden, meinen Vertrag beim WSV aufzul\u00f6sen. Ich bedanke mich herzlich f\u00fcr die Zeit in Wuppertal, in der ich tolle Menschen kennenlernen durfte. Hoffentlich haben wir am Ende der Hinrunde den Grundstein f\u00fcr eine erfolgreiche R\u00fcckrunde gelegt. F\u00fcr die restliche Saison w\u00fcnsche ich dem Trainerteam und der Mannschaft selbstverst\u00e4ndlich ganz viel Erfolg.\u201c<\/p>\n<p>Mit der Vertragsaufl\u00f6sung endet eine Zusammenarbeit, die den Wuppertaler SV sportlich wie menschlich bereichert hat. Der Verein bedankt sich bei Niklas Dams f\u00fcr seinen Einsatz und w\u00fcnscht ihm f\u00fcr seine berufliche und private Zukunft alles Gute.<\/p>\n<div id=\"attachment_80268\" class=\"wp-caption alignnone\" style=\"max-width: 2027px;\"><img loading=\"lazy\" decoding=\"async\" class=\"wp-image-80268 size-full\" src=\"\/wp-content\/uploads\/2024\/12\/Classen-25-08-2024-299.jpg\" alt=\"\" width=\"2017\" height=\"1432\" \/><span class=\"wp-caption-text\">Niklas Dams , der Kapit\u00e4n des Regionalligisten Wuppertaler SV, geht w\u00e4hrend der Winterpause von Bord &#8211; \u00a9 Jochen Classen<\/span><\/div>\n<p>&nbsp;<\/p>\n","protected":false},"excerpt":{"rendered":"<p>Kapit\u00e4n geht von Bord! Niklas Dams kehrt der Wupper den R\u00fccken! Der Innenverteidiger hat seinen Vertrag beim Wuppertaler Regionalligisten aufgel\u00f6st. Nach anderthalb Jahren endet damit das Engagement des 34j\u00e4hrigen beim WSV. Es wird vermutlich nicht die einzige \u00c4nderung im Kader w\u00e4hrend der Winterpause bleiben.<\/p>\n","protected":false},"author":7,"featured_media":0,"comment_status":"open","ping_status":"open","sticky":false,"template":"","format":"standard","meta":{"footnotes":""},"categories":[20],"tags":[],"class_list":["post-80259","post","type-post","status-publish","format-standard","hentry","category-sport"],"publishpress_future_action":{"enabled":false,"date":"2026-05-06 17:46:03","action":"change-status","newStatus":"draft","terms":[],"taxonomy":"category","extraData":[]},"publishpress_future_workflow_manual_trigger":{"enabledWorkflows":[]},"_links":{"self":[{"href":"https:\/\/www.die-stadtzeitung.de\/index.php\/wp-json\/wp\/v2\/posts\/80259","targetHints":{"allow":["GET"]}}],"collection":[{"href":"https:\/\/www.die-stadtzeitung.de\/index.php\/wp-json\/wp\/v2\/posts"}],"about":[{"href":"https:\/\/www.die-stadtzeitung.de\/index.php\/wp-json\/wp\/v2\/types\/post"}],"author":[{"embeddable":true,"href":"https:\/\/www.die-stadtzeitung.de\/index.php\/wp-json\/wp\/v2\/users\/7"}],"replies":[{"embeddable":true,"href":"https:\/\/www.die-stadtzeitung.de\/index.php\/wp-json\/wp\/v2\/comments?post=80259"}],"version-history":[{"count":3,"href":"https:\/\/www.die-stadtzeitung.de\/index.php\/wp-json\/wp\/v2\/posts\/80259\/revisions"}],"predecessor-version":[{"id":80270,"href":"https:\/\/www.die-stadtzeitung.de\/index.php\/wp-json\/wp\/v2\/posts\/80259\/revisions\/80270"}],"wp:attachment":[{"href":"https:\/\/www.die-stadtzeitung.de\/index.php\/wp-json\/wp\/v2\/media?parent=80259"}],"wp:term":[{"taxonomy":"category","embeddable":true,"href":"https:\/\/www.die-stadtzeitung.de\/index.php\/wp-json\/wp\/v2\/categories?post=80259"},{"taxonomy":"post_tag","embeddable":true,"href":"https:\/\/www.die-stadtzeitung.de\/index.php\/wp-json\/wp\/v2\/tags?post=80259"}],"curies":[{"name":"wp","href":"https:\/\/api.w.org\/{rel}","templated":true}]}}