{"id":80249,"date":"2024-12-10T12:18:55","date_gmt":"2024-12-10T11:18:55","guid":{"rendered":"https:\/\/www.die-stadtzeitung.de\/?p=80249"},"modified":"2024-12-13T08:24:09","modified_gmt":"2024-12-13T07:24:09","slug":"harmonische-weihnachtskonzerte-scharfzuengiges-kabarett","status":"publish","type":"post","link":"https:\/\/www.die-stadtzeitung.de\/index.php\/2024\/12\/10\/harmonische-weihnachtskonzerte-scharfzuengiges-kabarett\/","title":{"rendered":"Harmonische Weihnachtskonzerte &#038; scharfz\u00fcngiges Kabarett"},"content":{"rendered":"<div id=\"attachment_80326\" class=\"wp-caption alignnone\" style=\"max-width: 1034px;\"><img loading=\"lazy\" decoding=\"async\" class=\"wp-image-80326 size-large\" src=\"\/wp-content\/uploads\/2024\/12\/Schmickler2024-1024x752.jpg\" alt=\"\" width=\"1024\" height=\"752\" \/><span class=\"wp-caption-text\">Wilfried Schmickler, der scharfz\u00fcngige Kabarettist, der wahrlich kein Blatt vor den Mund nimmt &copy;Ilona Klimek<\/span><\/div>\n<p>Fest in der Tradition der orthodoxen Kirchenmusik und der Gregorianik des Mittelalters verwurzelt, spannen \u201eThe Magic Gregorian Voices\u201c am Mittwoch (11.12.) den Bogen \u00fcber geistliche Lieder der Renaissance und des Barocks bis hin zu Klassikern der Popmusik.<\/p>\n<p>Mit \u201eHave yourself a jazzy little Christmas\u201c demonstrieren die WDR Big Band und S\u00e4ngerin Lynne Fiddmont am Freitag (13:12.), dass Weihnachtslieder nicht immer soft, s\u00fc\u00df oder schmalzig klingen m\u00fcssen. Das jazzige Weihnachts-Special ist der kr\u00f6nende Abschluss der Musik-Reihe \u201eIMMANUEL GOES BIGBAND 2024\u201c und im Vorverkauf bereits ausverkauft. Es gibt noch wenige \u201eH\u00f6rpl\u00e4tze\u201c mit eingeschr\u00e4nkter Sicht an der Abendkasse.<\/p>\n<p>\u201eBack from South Africa\u201c pr\u00e4sentiert das Landes-Jugend \u2013Akkordeon -Orchester-NRW beim Jahresabschlusskonzert am Sonntag (15.12.) unter Leitung von Silke D&#8217;Inka sein aktuelles, vielseitiges Tour-Programm.<\/p>\n<div id=\"attachment_80252\" class=\"wp-caption alignnone\" style=\"max-width: 1406px;\"><img loading=\"lazy\" decoding=\"async\" class=\"wp-image-80252 size-full\" src=\"\/wp-content\/uploads\/2024\/12\/Gregorian-Voices.jpg\" alt=\"\" width=\"1396\" height=\"892\" \/><span class=\"wp-caption-text\">Der erfolgreiche Gregorianische Chor \u201eThe Magic Gregorian Voices\u201c &#8211; \u00a9 Pressefoto<\/span><\/div>\n<p>Trompeten und Pauken erklingen, der Chor jubelt: \u201eJauchzet, frohlocket!\u201c Der erste Teil des Weihnachtsoratorium von Johann Sebastian Bach feiert die Geburt Christi mit kraftvollen Ch\u00f6ren. Zu diesem Fest l\u00e4dt die Kantorei Barmen-Gemarke am Samstag (21.12) ein.<\/p>\n<p>Am Montag (23.12.), dem Weihnachtsvorabend erinnern die \u201eFormation Ufermann\u201c und S\u00e4ngerin Hayat Chaoui mit ihrem Kultkonzert \u201e59 Minuten Weihnachten\u201c an das, was alle Menschen in der Welt gleicherma\u00dfen brauchen und ersehnen: Schalom, Salam, Frieden.<\/p>\n<p>Am Mittwoch (08.01.2025) wollen die \u201eNew York Gospel Stars\u201c mit ihrem emotionsgeladenen Auftritt und beliebten Gospelklassikern von \u201eDown by the Riverside\u201c bis \u201eOh Happy Day!\u201c das Publikum begeistern.<\/p>\n<div id=\"attachment_80253\" class=\"wp-caption alignnone\" style=\"max-width: 2570px;\"><img loading=\"lazy\" decoding=\"async\" class=\"wp-image-80253 size-full\" src=\"\/wp-content\/uploads\/2024\/12\/Nadia-Singer_Gershwin_Pressefoto-scaled.jpg\" alt=\"\" width=\"2560\" height=\"1723\" \/><span class=\"wp-caption-text\">Die Pianistin Nadia Singer liebt die Musik des amerikanischen George Gershwin &#8211; \u00a9 Pressefoto<\/span><\/div>\n<p>\u201eamici del canto\u201c singen am Sonntag (12.01.25) die Kantaten IV-VI des Weihnachtsoratoriums von Johann Sebastian Bach, bei denen der Dank f\u00fcr Christi Geburt und der Besuch der Weisen aus dem Morgenland im Mittelpunkt stehen, sowie die Gewissheit, dass Jesus \u201eTod, Teufel, S\u00fcnd\u2019 und H\u00f6lle\u201c \u00fcberwindet. Es ist die Fortf\u00fchrung des Konzertes vom 21. Dezember der Kantorei Barmen Gemarke.<\/p>\n<p>Auf die Pianistin Nadia Singer \u00fcbt \u201eGeorge Gershwin. The Wonderboy\u201c eine starke Anziehungskraft aus. Mit ihrem Konzert am Samstag (18.01.25) verneigt sie sich vor dem gro\u00dfen amerikanischen Pianisten und Komponisten und seiner einzigartigen Musiksprache.<\/p>\n<p>\u201eHerr Schmickler, bitte!\u201c hei\u00dft das neue Programm des Kabarettisten Wilfried Schmickler. Und wer scharfz\u00fcngigen Dauergast der beliebten WDR-Show \u201eMitternachtsspitzen\u201c kennt, der wei\u00df, Wilfried Schmickler l\u00e4sst sich nicht lange bitten. Mit seiner Mischung aus gesprochenem Wort, lyrischen Gedichten und ausdrucksstarkem Gesang echauffiert sich Wilfried Schmickler am Samstag (25.01.15) weiterhin \u00fcber gesellschaftliche Missst\u00e4nde.<\/p>\n<div id=\"attachment_80254\" class=\"wp-caption alignnone\" style=\"max-width: 1597px;\"><img loading=\"lazy\" decoding=\"async\" class=\"wp-image-80254 size-full\" src=\"\/wp-content\/uploads\/2024\/12\/Formation-Ufermann-in-den-Uffizien.jpg\" alt=\"\" width=\"1587\" height=\"992\" \/><span class=\"wp-caption-text\">Die Fans freuen sich auf das Kult-Weihnachtskonzert der &#8222;Formation Ufermann&#8220; &#8211; \u00a9 Pressefoto<\/span><\/div>\n<p>Ausf\u00fchrliche Infos \u00fcber Programm und Tickets finden Sie im Online-Terminkalender unter <a href=\"http:\/\/www.immanuelskirche.de\">www.immanuelskirche.de<\/a>.<\/p>\n<p>&nbsp;<\/p>\n","protected":false},"excerpt":{"rendered":"<p>Von Gregorianischer Musik des Chores \u201eThe Magic Gregorian Voices\u201c, \u00fcber \u201eHave yourself a jazzy little Christmas\u201c, \u00a0das jazzige Weihnachtskonzert der WDR Big Band mit S\u00e4ngerin Lynne Fiddmont, bis hin zu bissigem Kabarett von Wilfried Schmickler, das Dezember- und Januar-Programm des Kulturzentrums Immanuel ist wieder mit Highlights gespickt.<\/p>\n","protected":false},"author":7,"featured_media":0,"comment_status":"open","ping_status":"open","sticky":false,"template":"","format":"standard","meta":{"footnotes":""},"categories":[29],"tags":[],"class_list":["post-80249","post","type-post","status-publish","format-standard","hentry","category-kultur"],"publishpress_future_action":{"enabled":false,"date":"2026-05-08 22:57:27","action":"change-status","newStatus":"draft","terms":[],"taxonomy":"category","extraData":[]},"publishpress_future_workflow_manual_trigger":{"enabledWorkflows":[]},"_links":{"self":[{"href":"https:\/\/www.die-stadtzeitung.de\/index.php\/wp-json\/wp\/v2\/posts\/80249","targetHints":{"allow":["GET"]}}],"collection":[{"href":"https:\/\/www.die-stadtzeitung.de\/index.php\/wp-json\/wp\/v2\/posts"}],"about":[{"href":"https:\/\/www.die-stadtzeitung.de\/index.php\/wp-json\/wp\/v2\/types\/post"}],"author":[{"embeddable":true,"href":"https:\/\/www.die-stadtzeitung.de\/index.php\/wp-json\/wp\/v2\/users\/7"}],"replies":[{"embeddable":true,"href":"https:\/\/www.die-stadtzeitung.de\/index.php\/wp-json\/wp\/v2\/comments?post=80249"}],"version-history":[{"count":7,"href":"https:\/\/www.die-stadtzeitung.de\/index.php\/wp-json\/wp\/v2\/posts\/80249\/revisions"}],"predecessor-version":[{"id":80327,"href":"https:\/\/www.die-stadtzeitung.de\/index.php\/wp-json\/wp\/v2\/posts\/80249\/revisions\/80327"}],"wp:attachment":[{"href":"https:\/\/www.die-stadtzeitung.de\/index.php\/wp-json\/wp\/v2\/media?parent=80249"}],"wp:term":[{"taxonomy":"category","embeddable":true,"href":"https:\/\/www.die-stadtzeitung.de\/index.php\/wp-json\/wp\/v2\/categories?post=80249"},{"taxonomy":"post_tag","embeddable":true,"href":"https:\/\/www.die-stadtzeitung.de\/index.php\/wp-json\/wp\/v2\/tags?post=80249"}],"curies":[{"name":"wp","href":"https:\/\/api.w.org\/{rel}","templated":true}]}}