{"id":80165,"date":"2024-12-06T13:56:04","date_gmt":"2024-12-06T12:56:04","guid":{"rendered":"https:\/\/www.die-stadtzeitung.de\/?p=80165"},"modified":"2024-12-07T13:56:20","modified_gmt":"2024-12-07T12:56:20","slug":"christina-rau-raet-kids-bringt-euch-ein-und-engagiert-euch","status":"publish","type":"post","link":"https:\/\/www.die-stadtzeitung.de\/index.php\/2024\/12\/06\/christina-rau-raet-kids-bringt-euch-ein-und-engagiert-euch\/","title":{"rendered":"Christina Rau r\u00e4t Kids: &#8218;Bringt euch ein und engagiert euch&#8216;"},"content":{"rendered":"<div id=\"attachment_80166\" class=\"wp-caption alignnone\" style=\"max-width: 1810px;\"><img loading=\"lazy\" decoding=\"async\" class=\"wp-image-80166 size-full\" src=\"\/wp-content\/uploads\/2024\/12\/Anna-und-Christina-Rau-in-der-Junior-Uni-2.jpg\" alt=\"\" width=\"1800\" height=\"1180\" \/><span class=\"wp-caption-text\">Christina Rau, Ex-Ehefrau des beliebten Bundespr\u00e4sidenten Johannes Rau, im Gespr\u00e4ch mit jungen Studentinnen der Juni Uni &#8211; \u00a9 Thorsten Cronauge<\/span><\/div>\n<p>Die beiden Frauen \u00a0stellten sich im Kurs \u201ePolitik f\u00fcr Wuppertal \u2013 wir machen mit!\u201c den Fragen der Jugendlichen und tauschten sich intensiv mit ihnen zu politischen Themen und dem Leben Raus aus. Das Aus der Ampelkoalition, Asylpolitik, Frauenrechte, Kindergartenbeitr\u00e4ge oder die Digitalisierung von Schulen &#8211; die Studierenden im Kurs \u201ePolitik f\u00fcr Wuppertal \u2013 wir machen mit!\u201c im Alter von 11 bis 14 Jahren zeigten, dass sie sich bereits mit vielen politischen Themen auseinandersetzen.<\/p>\n<p>\u201eWir f\u00fchlen uns geehrt von diesem besonderen Besuch und freuen uns sehr, dass sich Anna und Christina Rau einen ganzen Nachmittag Zeit f\u00fcr unsere Studiereden genommen haben\u201c, erkl\u00e4rte Junior Uni-Gesch\u00e4ftsf\u00fchrerin Dr. Ariane Staab.<\/p>\n<p>Die Studierenden sprachen mit Anna und Christina Rau unter anderem auch \u00fcber den Krieg in der Ukraine und wollten wissen, wie Johannes Rau diesem Konflikt begegnet w\u00e4re. \u201eEr h\u00e4tte sicher gesagt, dass man im Dialog bleiben und T\u00fcren offen bleiben m\u00fcssen\u201c, erz\u00e4hlte Christina Rau.<\/p>\n<h4>Wie war es, Tochter des Bundespr\u00e4sidenten zu sein?<\/h4>\n<p>Die jungen Studierenden bewegte auch der aktuelle Vertrauensverlust der Menschen in die Politik. \u201eKann man den Politikern \u00fcberhaupt noch vertrauen?\u201c, wollte die elfj\u00e4hrige Sophie wissen. \u201eWenn wir alle sagen, dass wir der Politik nicht mehr vertrauen, dann funktioniert die Demokratie nicht mehr. Das w\u00e4re fatal. Wenn Ihr das Gef\u00fchl habt, selber etwas \u00e4ndern zu wollen, bringt euch ein und engagiert Euch,\u201c lautete der Rat der ehemaligen First Lady.<\/p>\n<p>Die Studierenden des Kurses, der von der Johannes-Rau-Stiftung finanziert wird und eine Veranstaltung der Johannes-Rau-Gesellschaft e.V. ist, nutzen die Gelegenheit auch dazu, um mit Anna und Christina Rau \u00fcber das Leben an der Seite eines bekannten Politikers zu sprechen.<\/p>\n<p>Wie f\u00fchlt es sich an, wenn der eigene Vater Bundespr\u00e4sident ist? Wie gingen die Kinder von Johannes Rau zur Schule? Und wie war es eigentlich die verstorbene Queen Elizabeth pers\u00f6nlich treffen zu d\u00fcrfen? \u2013 Das waren nur einige der Fragen, mit denen die Jugendlichen Anna und Christina Rau l\u00f6cherten.<\/p>\n<div id=\"attachment_80167\" class=\"wp-caption alignnone\" style=\"max-width: 610px;\"><img loading=\"lazy\" decoding=\"async\" class=\"wp-image-80167 size-full\" src=\"\/wp-content\/uploads\/2024\/12\/Anna-und-Christina-Rau-in-der-Junior-Uni-3.jpg\" alt=\"\" width=\"600\" height=\"304\" \/><span class=\"wp-caption-text\">Anna Rau diskutiert angeregt mit Studierenden der Junior Uni &#8211; \u00a9 Thorsten Cronauge<\/span><\/div>\n<p>Die beiden prominenten Besucherinnen berichteten authentisch und auf Augenh\u00f6he von einer Kindheit mit Personensch\u00fctzern und Polizeibeamten vor dem Haus, die sich aber gar nicht so sehr vom Leben anderer Kinder unterschied. \u201eIn der Schule haben die anderen schnell gemerkt, dass wir ganz normale Kinder sind \u2013 auch wenn wir jeden Morgen von Sicherheitsleuten gebracht wurden\u201c, erinnerte sich Anna Rau.<\/p>\n<p>Dabei war der Austausch keineswegs einseitig, denn auch die beiden Frauen hatten viele Fragen zur Lebensrealit\u00e4t der jungen Studierenden. \u201eIch finde es faszinierend, wie intensiv sich die Jugendlichen bereits in diesem jungen Alter mit Politik auseinandersetzen und welche Themen sie bewegen\u201c, betonte Christina Rau nach der Diskussion mit den Junior Uni-Studentinnen und -Studenten. \u201eDiese Jugendlichen machen einfach Hoffnung f\u00fcr die Zukunft\u201c, erg\u00e4nzte Tochter Anna.<\/p>\n<p><strong>Link zur Webseite der Junior Uni:\u00a0<\/strong><\/p>\n<p><a href=\"http:\/\/www.junioruni-wuppertal.de\">http:\/\/www.junioruni-wuppertal.de<\/a><\/p>\n","protected":false},"excerpt":{"rendered":"<p>P\u00fcnktlich zu ihrem 16. Geburtstag (03.12.2008) konnte sich die Junior Uni \u00fcber den Besuch von zwei prominenten Gratulantinnen freuen: Christina Rau und Tochter Anna &#8211; die Ehefrau des verstorbenen Bundespr\u00e4sidenten a.D. Johannes Rau und ihre \u00e4lteste Tochter.<\/p>\n","protected":false},"author":7,"featured_media":0,"comment_status":"open","ping_status":"open","sticky":false,"template":"","format":"standard","meta":{"footnotes":""},"categories":[27],"tags":[],"class_list":["post-80165","post","type-post","status-publish","format-standard","hentry","category-wissen"],"publishpress_future_action":{"enabled":false,"date":"2026-05-08 02:12:09","action":"change-status","newStatus":"draft","terms":[],"taxonomy":"category","extraData":[]},"publishpress_future_workflow_manual_trigger":{"enabledWorkflows":[]},"_links":{"self":[{"href":"https:\/\/www.die-stadtzeitung.de\/index.php\/wp-json\/wp\/v2\/posts\/80165","targetHints":{"allow":["GET"]}}],"collection":[{"href":"https:\/\/www.die-stadtzeitung.de\/index.php\/wp-json\/wp\/v2\/posts"}],"about":[{"href":"https:\/\/www.die-stadtzeitung.de\/index.php\/wp-json\/wp\/v2\/types\/post"}],"author":[{"embeddable":true,"href":"https:\/\/www.die-stadtzeitung.de\/index.php\/wp-json\/wp\/v2\/users\/7"}],"replies":[{"embeddable":true,"href":"https:\/\/www.die-stadtzeitung.de\/index.php\/wp-json\/wp\/v2\/comments?post=80165"}],"version-history":[{"count":3,"href":"https:\/\/www.die-stadtzeitung.de\/index.php\/wp-json\/wp\/v2\/posts\/80165\/revisions"}],"predecessor-version":[{"id":80170,"href":"https:\/\/www.die-stadtzeitung.de\/index.php\/wp-json\/wp\/v2\/posts\/80165\/revisions\/80170"}],"wp:attachment":[{"href":"https:\/\/www.die-stadtzeitung.de\/index.php\/wp-json\/wp\/v2\/media?parent=80165"}],"wp:term":[{"taxonomy":"category","embeddable":true,"href":"https:\/\/www.die-stadtzeitung.de\/index.php\/wp-json\/wp\/v2\/categories?post=80165"},{"taxonomy":"post_tag","embeddable":true,"href":"https:\/\/www.die-stadtzeitung.de\/index.php\/wp-json\/wp\/v2\/tags?post=80165"}],"curies":[{"name":"wp","href":"https:\/\/api.w.org\/{rel}","templated":true}]}}