{"id":80152,"date":"2024-12-02T16:39:31","date_gmt":"2024-12-02T15:39:31","guid":{"rendered":"https:\/\/www.die-stadtzeitung.de\/?p=80152"},"modified":"2024-12-09T09:43:41","modified_gmt":"2024-12-09T08:43:41","slug":"gegen-ferndorf-will-der-bhc-den-8-sieg-in-folge","status":"publish","type":"post","link":"https:\/\/www.die-stadtzeitung.de\/index.php\/2024\/12\/02\/gegen-ferndorf-will-der-bhc-den-8-sieg-in-folge\/","title":{"rendered":"Gegen Ferndorf will der BHC den 8. Sieg in Folge"},"content":{"rendered":"<div id=\"attachment_79121\" class=\"wp-caption alignnone\" style=\"max-width: 2259px;\"><img loading=\"lazy\" decoding=\"async\" class=\"wp-image-79121 size-full\" src=\"\/wp-content\/uploads\/2024\/10\/Noah-Beyer-3-JC.jpg\" alt=\"\" width=\"2249\" height=\"1499\" \/><span class=\"wp-caption-text\">Der BHC setzt gegen den TuS Ferndorf auf die gro\u00dfe Wurfst\u00e4rke von Noah Beyer (M-.)- \u00a9 Jochen Classen<\/span><\/div>\n<p>Der Gegner aus Kreuztal ist um 17 Uhr zu Gast in der Wuppertaler Unihalle. Eigentlich h\u00e4tte die Partie ausw\u00e4rts stattfinden sollen. \u201eAber wir wurden dann um einen Heimrechttausch gebeten und haben dem entsprochen\u201c, sagt Gunnarsson, der die makellose Bilanz vor heimischer Kulisse am Sonntag verteidigen m\u00f6chte. Die Ausbeute bislang: Sieben Siege aus sieben Spielen.<\/p>\n<p>\u201eIn dem Stil wollen wir das nat\u00fcrlich beibehalten\u201c, betont der Coach. Seinem gro\u00dfen Ziel, mit einem guten Gef\u00fchl in die Winterpause zu gehen, ist der BHC vorige Woche ein St\u00fcck n\u00e4her gekommen. Nach der vor allem in der zweiten Halbzeit sehr starken Leistung gegen Nordhorn haben die L\u00f6wen drei Punkte Vorsprung auf HBW Balingen Weilstetten, GWD Minden und dem TV H\u00fcttenberg. Irgendetwas wird sich an der Konstellation voraussichtlich \u00e4ndern, denn am Samstag treffen Balingen und Minden aufeinander.<\/p>\n<p>\u201eMan freut sich nat\u00fcrlich, wenn die anderen uns in die Karten spielen. Aber vor allem m\u00fcssen wir auf uns schauen\u201c, sagt Gunnarsson und hofft auf die n\u00e4chste gute Leistung. \u201eDie Trainingswoche war gut, auch wenn wir ein paar Ausf\u00e4lle hatten.\u201c Noah Beyer hatte wieder Oberschenkelprobleme, Torh\u00fcter Lukas Diedrich ist krank geworden. Gunnarsson: \u201eWir hoffen, dass beide rechtzeitig wieder da sind.\u201c<\/p>\n<div id=\"attachment_78431\" class=\"wp-caption alignnone\" style=\"max-width: 610px;\"><img loading=\"lazy\" decoding=\"async\" class=\"wp-image-78431 size-full\" src=\"\/wp-content\/uploads\/2024\/10\/20240605BHCTrioGutbrodGunnarssonPutz-1.jpg\" alt=\"\" width=\"600\" height=\"512\" \/><span class=\"wp-caption-text\">BHC-Trainer Arnor Thor Gunnarsson &#8211; \u00a9 Jochen Classen<\/span><\/div>\n<p>Beim TuS Ferndorf fiel zuletzt Kreisl\u00e4ufer Valentino Duvancic aus, kehrte allerdings beim j\u00fcngsten 30:34 gegen den VfL L\u00fcbeck-Schwartau zumindest in der Abwehr zur\u00fcck auf die Platte. Der vom HSC Coburg gekommene Fynn Herzig konnte aufgrund eines Kreuzbandrisses noch keine Partie bestreiten.<\/p>\n<h4>Das \u00dcberraschungsteam der Liga<\/h4>\n<p>\u201eFerndorf macht es wirklich gut. Sie sind das \u00dcberraschungsteam der 2. Liga.\u201c 14:12-Punkte hat der achtplatzierte Aufsteiger bisher gesammelt. Zu Saisonbeginn hatte die Truppe sogar 10:2-Z\u00e4hler geholt. \u201eSie haben eine gute Kreiskooperation und nutzen auch den siebten Feldspieler effektiv\u201c, meint Gunnarsson und blickt zur\u00fcck. \u201eMit beidem hatten wir beim Testspiel in der Vorbereitung Probleme.\u201c Lange lagen die Bergischen hinten, ehe sie das Match in der Schlussphase drehten und noch 33:32 gewannen.<\/p>\n<p>\u201eSie spielen inzwischen auch manchmal den Eisenacher Angriff \u2013 also ohne Kreisl\u00e4ufer\u201c, sagt der Coach und verweist daher darauf, dass es einer pr\u00e4zisen Vorbereitung auf den Gegner bedarf. \u201eSpielmacher Janko Kevic macht das richtig gut, auch Julius Fanger ist gef\u00e4hrlich.\u201c<\/p>\n<p>Trotzdem steht f\u00fcr Gunnarsson fest: \u201eDas Ding wollen wir zu Hause holen.\u201c Mit einer \u00e4hnlichen Vorstellung wie zuletzt gegen Nordhorn in der zweiten Halbzeit d\u00fcrfte das gelingen. Denn mit dieser Partie war Gunnarsson sehr zufrieden: \u201eWir sind \u00fcber Nordhorn dr\u00fcbergelaufen\u201c, sagt der Isl\u00e4nder und meint, dass das Tempospiel phasenweise herausragend gut war.<\/p>\n<p>Tickets f\u00fcr das Heimspiel sind im Online-Ticketshop unter <a href=\"http:\/\/www.bhctickets.de\">http:\/\/www.bhctickets.de<\/a>verf\u00fcgbar oder an der Tageskasse erh\u00e4ltlich. Diese \u00f6ffnet in Wuppertal etwa 90 Minuten vor dem Anpfiff.<\/p>\n","protected":false},"excerpt":{"rendered":"<p>Der Auftakt in den Dezember h\u00e4tte f\u00fcr den Bergischen HC nicht besser sein k\u00f6nnen. Mit 35:26 gewann die\u00a0 Mannschaft des Trainergespanns Arnor Gunnarsson und Markus P\u00fctz gegen die HSG Nordhorn-Lingen. Und schon am Sonntag sollen die n\u00e4chsten beiden Punkte gegen den TuS Ferndorf her.<\/p>\n","protected":false},"author":7,"featured_media":0,"comment_status":"open","ping_status":"open","sticky":false,"template":"","format":"standard","meta":{"footnotes":""},"categories":[20],"tags":[],"class_list":["post-80152","post","type-post","status-publish","format-standard","hentry","category-sport"],"publishpress_future_action":{"enabled":false,"date":"2026-05-06 10:47:09","action":"change-status","newStatus":"draft","terms":[],"taxonomy":"category","extraData":[]},"publishpress_future_workflow_manual_trigger":{"enabledWorkflows":[]},"_links":{"self":[{"href":"https:\/\/www.die-stadtzeitung.de\/index.php\/wp-json\/wp\/v2\/posts\/80152","targetHints":{"allow":["GET"]}}],"collection":[{"href":"https:\/\/www.die-stadtzeitung.de\/index.php\/wp-json\/wp\/v2\/posts"}],"about":[{"href":"https:\/\/www.die-stadtzeitung.de\/index.php\/wp-json\/wp\/v2\/types\/post"}],"author":[{"embeddable":true,"href":"https:\/\/www.die-stadtzeitung.de\/index.php\/wp-json\/wp\/v2\/users\/7"}],"replies":[{"embeddable":true,"href":"https:\/\/www.die-stadtzeitung.de\/index.php\/wp-json\/wp\/v2\/comments?post=80152"}],"version-history":[{"count":4,"href":"https:\/\/www.die-stadtzeitung.de\/index.php\/wp-json\/wp\/v2\/posts\/80152\/revisions"}],"predecessor-version":[{"id":80156,"href":"https:\/\/www.die-stadtzeitung.de\/index.php\/wp-json\/wp\/v2\/posts\/80152\/revisions\/80156"}],"wp:attachment":[{"href":"https:\/\/www.die-stadtzeitung.de\/index.php\/wp-json\/wp\/v2\/media?parent=80152"}],"wp:term":[{"taxonomy":"category","embeddable":true,"href":"https:\/\/www.die-stadtzeitung.de\/index.php\/wp-json\/wp\/v2\/categories?post=80152"},{"taxonomy":"post_tag","embeddable":true,"href":"https:\/\/www.die-stadtzeitung.de\/index.php\/wp-json\/wp\/v2\/tags?post=80152"}],"curies":[{"name":"wp","href":"https:\/\/api.w.org\/{rel}","templated":true}]}}