{"id":79978,"date":"2024-11-23T21:38:05","date_gmt":"2024-11-23T20:38:05","guid":{"rendered":"https:\/\/www.die-stadtzeitung.de\/?p=79978"},"modified":"2024-12-01T09:00:53","modified_gmt":"2024-12-01T08:00:53","slug":"wachsen-dem-wsv-nach-dem-ueberraschungs-erfolg-jetzt-fluegel","status":"publish","type":"post","link":"https:\/\/www.die-stadtzeitung.de\/index.php\/2024\/11\/23\/wachsen-dem-wsv-nach-dem-ueberraschungs-erfolg-jetzt-fluegel\/","title":{"rendered":"Wachsen dem WSV nach dem \u00dcberraschungs-Erfolg jetzt Fl\u00fcgel?"},"content":{"rendered":"<div id=\"attachment_79980\" class=\"wp-caption alignnone\" style=\"max-width: 2570px;\"><img loading=\"lazy\" decoding=\"async\" class=\"wp-image-79980 size-full\" src=\"\/wp-content\/uploads\/2024\/11\/classen-20241128-scaled.jpg\" alt=\"\" width=\"2560\" height=\"1549\" \/><span class=\"wp-caption-text\">Bei der Pressekonferenz vor dem Spiel gegen G\u00fctersloh: (v.) Joep Munsters, Pressesprecher Max Schleicher und Trainer Sebastian Tyral &#8211; \u00a9 Jochen Classen<\/span><\/div>\n<p>Damit w\u00fcrden die Wuppertaler f\u00fcrs Erste die abstiegsgef\u00e4hrdete Zone mit Zielrichtung Mittelfeld verlassen. Aber genau diese hohen Erwartungen stellen f\u00fcr Trainer Tyrala ein gewisses Problem dar. Der Ausw\u00e4rts-Erfolg bei den titelambitionierten SF Lotte lie\u00df n\u00e4mlich bei Fans und Spielern Fl\u00fcgel wachsen.<\/p>\n<p>\u201eUnsere Jungs sollten mental noch eine Schippe drauflegen und wie eine Spitzenmannschaft auftreten!\u201c, riet ein Fan vom \u00d6lberg in den vereinseigenen Medien. Trainer Tyrala erkannte schon bei Training eine Ver\u00e4nderung seiner Mannschaft. \u201eDie Spieler brauchten erst einmal einen Arschtritt, um wieder auf Touren zu kommen!\u201c. So, die ihm eigene deutliche Ansage bei der Pressekonferenz. Nur weil wir gewonnen haben, gehe nicht alles von selbst.<\/p>\n<h4>Spieler brauchten erst einmal einen Arschtritt<\/h4>\n<p>F\u00fcr \u00dcberheblichkeit gibt es in der Tat keinen Anlass. Der Gast aus Ostwestfalen belegt mit 21 Punkten bei sechs Siegen und 22 Toren immerhin den neunten Tabellenplatz in der Regionalliga West. Der 13. Rang des WSV t\u00e4uscht da schon ein wenig, wurden ihm doch drei verlorenen Punkte gegen den KFC Uerdingen bekanntlich am gr\u00fcnen Tisch zugesprochen und sind noch nicht in trockenen T\u00fcchern. \u00dcber der Einspruch der Krefelder wurde noch nicht entschieden.<\/p>\n<p>Der FC G\u00fctersloh ist \u00e4hnlich wie der WSV extrem schwach gestartet, war aber &#8211; anders als dieser &#8211; auch nur mit der Zielsetzung Klassenerhalt angetreten. Dank eines recht erfolgreichen Oktobers ist man jetzt, wie es hei\u00dft, in der neuen Saison angekommen. Hier konnte sich G\u00e4ste-Trainer Julian Hesse zuletzt \u00fcber drei Siege in Folge freuen auch wenn er am letzten Spieltag gegen die Gladbacher Fohlen mit 0:2 unterlag.<\/p>\n<div id=\"attachment_78910\" class=\"wp-caption alignnone\" style=\"max-width: 2570px;\"><img loading=\"lazy\" decoding=\"async\" class=\"wp-image-78910 size-full\" src=\"\/wp-content\/uploads\/2024\/10\/Kefkir-3-JC-scaled.jpg\" alt=\"\" width=\"2560\" height=\"1707\" \/><span class=\"wp-caption-text\">Oguzhan Kefkir stand in Lotte \u00fcberraschend nicht im WSV-Kader, hat nach Aussagen von Trainer Tyrala aber ein Zukunft bei den Wuppertalern &#8211; \u00a9 Jochen Classen<\/span><\/div>\n<h4>Zwei G\u00fctersloher Leistungstr\u00e4ger fehlen<\/h4>\n<p>Einen ma\u00dfgeblichen Anteil\u00a0 am Umschwung bei den Ostwestfalen wird Neuzugang Bj\u00f6rn Rother zugeschrieben, dem ehemalige Zweit- und Drittliga-Profi von Hansa Rostock, FC Magdeburg und Rot-Wei\u00df Essen. Der 28j\u00e4hrige Mittelfeldmann bringt &#8222;strategische Komponenten, Organisation und Laufst\u00e4rke&#8220; ein und ist\u00a0 zudem auch &#8222;ein Anf\u00fchrer\u201c, wie er\u00a0 von Trainer Julian Hesse beschrieben wird.<\/p>\n<p>Bj\u00f6rn Rother fehlt den G\u00e4sten allerdings Samstag im Stadion am Zoo ebenso wie der fr\u00fcher Wuppertaler\u00a0 Leistungstr\u00e4ger Phil Beckhoff (24). Beide haben sich am letzten mit 0:2-verlorenem Spiel gegen die Gladbacher Fohlen nach Platzverweisen Sperren eingehandelt. So wird es diesmal bei den G\u00e4sten Mittelfeld-As und Torj\u00e4ger Patrik Twardzik an Unterst\u00fctzung fehlen, der in dieser Spielzeit f\u00fcr die G\u00fctersloher bereits siebenmal traf.<\/p>\n<h4>Tyrala will keinen \u201eKinder-Riegel\u201c<\/h4>\n<p>Wie die WSV-Aufstellung am Samstag sein wird, wurde noch nicht offen gelegt. Aber Chef-Coach Tyrala sagte doch soviel: \u201eIch bin kein Freund von ,never chance a winning team\u2018. Es ist wichtig, dass die Trainingswoche passt. Da muss jeder wieder Gas geben. Wir werden aber keine f\u00fcnf Positionen tauschen, denn insgesamt hat es ja taktisch gepasst.\u201c<\/p>\n<div id=\"attachment_77855\" class=\"wp-caption alignnone\" style=\"max-width: 2569px;\"><img loading=\"lazy\" decoding=\"async\" class=\"wp-image-77855 size-full\" src=\"\/wp-content\/uploads\/2024\/08\/cropped-Timo-Bornemann-JC-scaled-1.jpg\" alt=\"\" width=\"2559\" height=\"1342\" \/><span class=\"wp-caption-text\">Timo Bornemann ist nach Verletzung wieder im Training &#8211; \u00a9 Jochen Classen<\/span><\/div>\n<p>Es muss aber bef\u00fcrchtete werden, dass Kapit\u00e4n Niklas Dams fehlt. \u201eEs ist momentan die ,Wade von Wuppertal&#8220;. Sein Ausfall w\u00fcrde auch wegen seiner Erfahrung schon wehtun. Vincent Gembalies hat trainiert, klagt aber noch \u00fcber leichte Probleme. Cedric Bielitza kann auch einr\u00fccken, aber dann h\u00e4tten wir hinten komplett einen ,Kinderriegel\u2018 drin\u201c, meint Tyrala. \u201eMal sehen, wie wir es l\u00f6sen.\u201c<\/p>\n<p>W\u00e4hrend St\u00fcrmer Timo Bornemann wieder im Training ist, f\u00e4llt Pedro Cejas mehrere Monate aus. Bei ihm wurde eine Zyste an der Bauchspeicheldr\u00fcse diagnostiziert, die eines operativen Eingriffs bedarf.<\/p>\n<h4>Terrazzino und Kefkir noch nicht abgeschrieben<\/h4>\n<p>Optionen bleiben f\u00fcr den Trainer auch noch Marco Terrazzino und Oguzhan Kefkir, die in Lotte nicht zum Aufgebot geh\u00f6rten. Entgegen anderslautenden Einsch\u00e4tzungen bekennt sich Tyrala noch zu den beiden, die im Training wieder voll dabei gewesen seien. \u201eIch denke, dass wir beide noch gut gebrauchen k\u00f6nnen\u201c.<\/p>\n<p><b>Text: Siegfried J\u00e4hne<\/b><\/p>\n","protected":false},"excerpt":{"rendered":"<p>Wachsen dem WSV nach dem \u00fcberraschenden 0:1-Erfolg in Lotte jetzt Fl\u00fcgel? Es spricht einiges daf\u00fcr, dass sich die Bergischen an diesem Spieltag einiger Sorgen entledigen k\u00f6nnten. Am letzten Spieltag der Hinserie trifft das Team von Trainer Sebastian Tyrala auf den FC G\u00fctersloh (Sa. 30.11.Stadion am Zoo) und k\u00f6nnte nach allen Prognosen den 3. Heimsieg dieser Saison einfahren.<\/p>\n","protected":false},"author":7,"featured_media":0,"comment_status":"open","ping_status":"open","sticky":false,"template":"","format":"standard","meta":{"footnotes":""},"categories":[20],"tags":[],"class_list":["post-79978","post","type-post","status-publish","format-standard","hentry","category-sport"],"publishpress_future_action":{"enabled":false,"date":"2026-05-07 04:31:26","action":"change-status","newStatus":"draft","terms":[],"taxonomy":"category","extraData":[]},"publishpress_future_workflow_manual_trigger":{"enabledWorkflows":[]},"_links":{"self":[{"href":"https:\/\/www.die-stadtzeitung.de\/index.php\/wp-json\/wp\/v2\/posts\/79978","targetHints":{"allow":["GET"]}}],"collection":[{"href":"https:\/\/www.die-stadtzeitung.de\/index.php\/wp-json\/wp\/v2\/posts"}],"about":[{"href":"https:\/\/www.die-stadtzeitung.de\/index.php\/wp-json\/wp\/v2\/types\/post"}],"author":[{"embeddable":true,"href":"https:\/\/www.die-stadtzeitung.de\/index.php\/wp-json\/wp\/v2\/users\/7"}],"replies":[{"embeddable":true,"href":"https:\/\/www.die-stadtzeitung.de\/index.php\/wp-json\/wp\/v2\/comments?post=79978"}],"version-history":[{"count":2,"href":"https:\/\/www.die-stadtzeitung.de\/index.php\/wp-json\/wp\/v2\/posts\/79978\/revisions"}],"predecessor-version":[{"id":79981,"href":"https:\/\/www.die-stadtzeitung.de\/index.php\/wp-json\/wp\/v2\/posts\/79978\/revisions\/79981"}],"wp:attachment":[{"href":"https:\/\/www.die-stadtzeitung.de\/index.php\/wp-json\/wp\/v2\/media?parent=79978"}],"wp:term":[{"taxonomy":"category","embeddable":true,"href":"https:\/\/www.die-stadtzeitung.de\/index.php\/wp-json\/wp\/v2\/categories?post=79978"},{"taxonomy":"post_tag","embeddable":true,"href":"https:\/\/www.die-stadtzeitung.de\/index.php\/wp-json\/wp\/v2\/tags?post=79978"}],"curies":[{"name":"wp","href":"https:\/\/api.w.org\/{rel}","templated":true}]}}