{"id":79900,"date":"2024-11-17T14:19:07","date_gmt":"2024-11-17T13:19:07","guid":{"rendered":"https:\/\/www.die-stadtzeitung.de\/?p=79900"},"modified":"2024-11-29T06:49:45","modified_gmt":"2024-11-29T05:49:45","slug":"schloss-luentenbeck-hof-fest-vor-dem-1-advent","status":"publish","type":"post","link":"https:\/\/www.die-stadtzeitung.de\/index.php\/2024\/11\/17\/schloss-luentenbeck-hof-fest-vor-dem-1-advent\/","title":{"rendered":"Schloss L\u00fcntenbeck: Hof-Fest vor dem 1. Advent"},"content":{"rendered":"<div id=\"attachment_75352\" class=\"wp-caption alignnone\" style=\"max-width: 2058px;\"><img loading=\"lazy\" decoding=\"async\" class=\"wp-image-75352 size-full\" src=\"\/wp-content\/uploads\/2024\/05\/Schloss-Luentenbeck_Pressefoto.jpg\" alt=\"\" width=\"2048\" height=\"1365\" \/><span class=\"wp-caption-text\">Schloss L\u00fcntenbeck in Vohwinkel &#8211; Wuppertals einzige Schloss &#8211; \u00a9 Schloss L\u00fcntenbeck<\/span><\/div>\n<p>Interessierte k\u00f6nnen die teilnehmenden Unternehmen besuchen, die geschichtstr\u00e4chtige Schloss-Anlage mit den Teichen erkunden und die festliche Atmosph\u00e4re genie\u00dfen. Schloss L\u00fcntenbeck war urspr\u00fcnglich eine Wasserburg. Der Rittersitz wurde bereits im Jahr 1217 als ein Hof des Damenstiftes Gerresheim urkundlich erw\u00e4hnt. Aus der Zeit stammt h\u00f6chstwahrscheinlich das m\u00e4chtige Kellergew\u00f6lbe des jetzigen Herrenhauses.<\/p>\n<p>Das Schloss ist mittlerweile Heimat verschiedener Unternehmen, des &#8222;Atelier 1907&#8220; der Innenarchitektin Agnes Morguet, des Ateliers des K\u00fcnstlers Christian vom Grumbkow und des Restaurants Schloss L\u00fcntenbeck.<\/p>\n<p>Au\u00dferdem erwartet die Besucherinnen und Besucher ein ganz besonderes Gewinnspiel.<\/p>\n<div id=\"attachment_79908\" class=\"wp-caption alignnone\" style=\"max-width: 460px;\"><img loading=\"lazy\" decoding=\"async\" class=\"size-full wp-image-79908\" src=\"\/wp-content\/uploads\/2024\/11\/cropped-Agnes-Morguet-Portrait-2021_1_by-Freistil-Fotografie-3-scaled-1.jpg\" alt=\"\" width=\"450\" height=\"237\" \/><span class=\"wp-caption-text\">Agnes Morguet \u2013 die Innenarchitektin und Betreiberin des \u201eAtelier 1907\u201c im Schloss Luntenbeck \u2013 \u00a9 Freistil Fotografie<\/span><\/div>\n<p><strong>Termin:<\/strong><\/p>\n<h4>Schloss L\u00fcntenbeck: Hof-Fest vor der Adventszeit<\/h4>\n<p><strong>Freitag \u2013 29.11.2024 \u2013 16 \u2013 21 Uhr<\/strong><\/p>\n<p>Schloss L\u00fcntenbeck &#8211; L\u00fcntenbeck 1 &#8211; 42327 Wuppertal<\/p>\n<p>Der Eintritt ist frei!<\/p>\n<div id=\"attachment_79905\" class=\"wp-caption alignnone\" style=\"max-width: 460px;\"><img loading=\"lazy\" decoding=\"async\" class=\"size-full wp-image-79905\" src=\"\/wp-content\/uploads\/2024\/11\/Showroom_Atelier_1907_by_Agnes_Morguet_Schloss_Luentenbeck-scaled-1.jpg\" alt=\"\" width=\"450\" height=\"338\" \/><span class=\"wp-caption-text\">Eingang zum Showroom &#8222;Atelier 1907&#8220; &#8211; \u00a9 Agnes Morguet<\/span><\/div>\n<p style=\"margin: 0cm; margin-bottom: .0001pt; background: white;\">\n","protected":false},"excerpt":{"rendered":"<p>Romantik pur! Die Hofgemeinschaft von Schloss L\u00fcntenbeck l\u00e4dt herzlich dazu ein, den Beginn der Adventszeit zu feiern! Am Freitag (29.11.) \u00f6ffnen sich die T\u00fcren zu einem gem\u00fctlichen, vorweihnachtlichen Hof-Fest im Schloss L\u00fcntenbeck .<\/p>\n","protected":false},"author":7,"featured_media":0,"comment_status":"open","ping_status":"open","sticky":false,"template":"","format":"standard","meta":{"footnotes":""},"categories":[24],"tags":[],"class_list":["post-79900","post","type-post","status-publish","format-standard","hentry","category-wuppertal"],"publishpress_future_action":{"enabled":false,"date":"2026-05-08 19:38:44","action":"change-status","newStatus":"draft","terms":[],"taxonomy":"category","extraData":[]},"publishpress_future_workflow_manual_trigger":{"enabledWorkflows":[]},"_links":{"self":[{"href":"https:\/\/www.die-stadtzeitung.de\/index.php\/wp-json\/wp\/v2\/posts\/79900","targetHints":{"allow":["GET"]}}],"collection":[{"href":"https:\/\/www.die-stadtzeitung.de\/index.php\/wp-json\/wp\/v2\/posts"}],"about":[{"href":"https:\/\/www.die-stadtzeitung.de\/index.php\/wp-json\/wp\/v2\/types\/post"}],"author":[{"embeddable":true,"href":"https:\/\/www.die-stadtzeitung.de\/index.php\/wp-json\/wp\/v2\/users\/7"}],"replies":[{"embeddable":true,"href":"https:\/\/www.die-stadtzeitung.de\/index.php\/wp-json\/wp\/v2\/comments?post=79900"}],"version-history":[{"count":8,"href":"https:\/\/www.die-stadtzeitung.de\/index.php\/wp-json\/wp\/v2\/posts\/79900\/revisions"}],"predecessor-version":[{"id":79910,"href":"https:\/\/www.die-stadtzeitung.de\/index.php\/wp-json\/wp\/v2\/posts\/79900\/revisions\/79910"}],"wp:attachment":[{"href":"https:\/\/www.die-stadtzeitung.de\/index.php\/wp-json\/wp\/v2\/media?parent=79900"}],"wp:term":[{"taxonomy":"category","embeddable":true,"href":"https:\/\/www.die-stadtzeitung.de\/index.php\/wp-json\/wp\/v2\/categories?post=79900"},{"taxonomy":"post_tag","embeddable":true,"href":"https:\/\/www.die-stadtzeitung.de\/index.php\/wp-json\/wp\/v2\/tags?post=79900"}],"curies":[{"name":"wp","href":"https:\/\/api.w.org\/{rel}","templated":true}]}}