{"id":7984,"date":"2016-09-15T11:32:49","date_gmt":"2016-09-15T09:32:49","guid":{"rendered":"http:\/\/192.168.10.16\/newsportal\/stadtzeitung\/index.php\/2016\/09\/15\/udo-dirkschneider-der-lange-abschied-von-accept\/"},"modified":"2022-12-06T19:48:02","modified_gmt":"2022-12-06T18:48:02","slug":"udo-dirkschneider-der-lange-abschied-von-accept","status":"publish","type":"post","link":"https:\/\/www.die-stadtzeitung.de\/index.php\/2016\/09\/15\/udo-dirkschneider-der-lange-abschied-von-accept\/","title":{"rendered":"Udo Dirkschneider: Der lange Abschied von &#8222;Accept&#8220;"},"content":{"rendered":"<div id=\"attachment_45369\" class=\"wp-caption alignnone\" style=\"max-width: 1034px;\"><img loading=\"lazy\" decoding=\"async\" class=\"size-large wp-image-45369\" src=\"\/wp-content\/uploads\/2018\/08\/RS65499-2-1024x742.jpg\" alt=\"\" width=\"1024\" height=\"742\" \/><span class=\"wp-caption-text\">Rock-R\u00f6hre Udo Dirkschneider &#8211; \u00a9 Ralf Silberkuhl<\/span><\/div>\n<p>31 von insgesamt 48 Europa-Konzerten waren von jetzt auf gleich restlos ausverkauft. Ende des Jahres wird der Musiker aufgrund der hohen Nachfrage noch einmal f\u00fcr einige allerletzte Deutschland-Shows mit Accept-Setlist zur\u00fcckkehren und das Kapitel dort beenden, wo es einst begann: Im Solinger Kult-Club \u201eCobra\u201c.<\/p>\n<p>Am 28.10. wird bereits ein Livealbum mit dem Titel \u201eLive \u2013 Back To The Roots\u201c erscheinen. Es handelt sich dabei um eine Doppel-CD bzw eine 3-Vinyl in den Sammlerfarben schwarz, gold, silber und clear.<\/p>\n<p>Die &#8222;Back To The Roots&#8220; Tour-Daten:<\/p>\n<p>11.12.16 Oberhausen \u0096- Turbinenhalle<\/p>\n<p>15.12.16 N\u00fcrnberg &#8211; L\u00f6wensaal<\/p>\n<p>16.12.16 Memmingen \u0096- Kaminwerk<\/p>\n<p>17.12.16 Karlsruhe \u0096- Schwarwaldhalle<\/p>\n<p>18.12.16 Solingen \u0096- Cobra (sold out)<\/p>\n<p>Anfang der 80er erlebte der Solinger S\u00e4nger mit der Band &#8222;Accept&#8220;seinen weltweiten Durchbruch. Udo Dirkschneider: \u201eIch habe nach wie vor riesigen Spa\u00df, die Songs live zu singen. Sie geh\u00f6ren ja zu meiner Biografie und letztendlich auch zu meiner Stimme. Aber dennoch ist es im Leben eben auch mal an der Zeit, ein Kapitel abzuschlie\u00dfen. Es wurde so viel \u00fcber Accept geredet und so viel spekuliert. Ich gebe dazu nun mein finales musikalisches Statement ab und biete den Leuten die Chance, die Songs und mich noch einmal f\u00fcr die Dauer eines kompletten Konzertes gemeinsam auf der B\u00fchne zu erleben.\u201c<\/p>\n<p>Ab 2017 wird es f\u00fcr Udo Dirkschneider dann nur noch Songs seiner aktuellen Band U.D.O. bei den Konzerten geben. Mit der Ende der 80er nach seinem Rauswurf bei &#8222;Accept&#8220; gegr\u00fcndeten Gruppe gelangen dem S\u00e4nger im Laufe der langj\u00e4hrigen Karriere zahlreiche Klassiker wie beispielsweise \u201eAnimal House\u201c, \u201eTimebomb\u201c oder \u201eMan And Machine\u201c.<\/p>\n<p>&nbsp;<\/p>\n","protected":false},"excerpt":{"rendered":"<p>Sein Name steht wie kaum ein anderer f\u00fcr international erfolgreiche deutsche Metal-Musik. Seine Stimme hauchte den zeitlosen Hits seiner legend\u00e4ren Band &#8222;Accept&#8220; Leben ein &#8211; Songs wie \u201eMetal Heart\u201c, \u201ePrincess Of The Dawn&#8220; oder \u201eBalls To The Wall\u201c. Wuppertals Metal-Ikone Udo Dirkschneider k\u00fcndigte an, sein pers\u00f6nliches Kapitel \u201eAccept\u201c endg\u00fclitg zu beenden. Seither ist er auf &#8222;Accept&#8220;-Abschieds-Tournee. Und die wird immer l\u00e4nger&#8230;<\/p>\n","protected":false},"author":7,"featured_media":7983,"comment_status":"open","ping_status":"open","sticky":false,"template":"","format":"standard","meta":{"footnotes":""},"categories":[29],"tags":[],"class_list":["post-7984","post","type-post","status-publish","format-standard","hentry","category-kultur"],"publishpress_future_action":{"enabled":false,"date":"2026-05-07 19:05:06","action":"change-status","newStatus":"draft","terms":[],"taxonomy":"category","extraData":[]},"publishpress_future_workflow_manual_trigger":{"enabledWorkflows":[]},"_links":{"self":[{"href":"https:\/\/www.die-stadtzeitung.de\/index.php\/wp-json\/wp\/v2\/posts\/7984","targetHints":{"allow":["GET"]}}],"collection":[{"href":"https:\/\/www.die-stadtzeitung.de\/index.php\/wp-json\/wp\/v2\/posts"}],"about":[{"href":"https:\/\/www.die-stadtzeitung.de\/index.php\/wp-json\/wp\/v2\/types\/post"}],"author":[{"embeddable":true,"href":"https:\/\/www.die-stadtzeitung.de\/index.php\/wp-json\/wp\/v2\/users\/7"}],"replies":[{"embeddable":true,"href":"https:\/\/www.die-stadtzeitung.de\/index.php\/wp-json\/wp\/v2\/comments?post=7984"}],"version-history":[{"count":1,"href":"https:\/\/www.die-stadtzeitung.de\/index.php\/wp-json\/wp\/v2\/posts\/7984\/revisions"}],"predecessor-version":[{"id":58837,"href":"https:\/\/www.die-stadtzeitung.de\/index.php\/wp-json\/wp\/v2\/posts\/7984\/revisions\/58837"}],"wp:featuredmedia":[{"embeddable":true,"href":"https:\/\/www.die-stadtzeitung.de\/index.php\/wp-json\/wp\/v2\/media\/7983"}],"wp:attachment":[{"href":"https:\/\/www.die-stadtzeitung.de\/index.php\/wp-json\/wp\/v2\/media?parent=7984"}],"wp:term":[{"taxonomy":"category","embeddable":true,"href":"https:\/\/www.die-stadtzeitung.de\/index.php\/wp-json\/wp\/v2\/categories?post=7984"},{"taxonomy":"post_tag","embeddable":true,"href":"https:\/\/www.die-stadtzeitung.de\/index.php\/wp-json\/wp\/v2\/tags?post=7984"}],"curies":[{"name":"wp","href":"https:\/\/api.w.org\/{rel}","templated":true}]}}