{"id":79782,"date":"2024-11-18T09:13:43","date_gmt":"2024-11-18T08:13:43","guid":{"rendered":"https:\/\/www.die-stadtzeitung.de\/?p=79782"},"modified":"2024-11-20T09:14:03","modified_gmt":"2024-11-20T08:14:03","slug":"ausstellung-mit-ki-kunst-von-boris-eldagsen","status":"publish","type":"post","link":"https:\/\/www.die-stadtzeitung.de\/index.php\/2024\/11\/18\/ausstellung-mit-ki-kunst-von-boris-eldagsen\/","title":{"rendered":"Ausstellung mit KI-Kunst von Boris Eldagsen"},"content":{"rendered":"<div id=\"attachment_35676\" class=\"wp-caption alignnone\" style=\"max-width: 1236px;\"><img loading=\"lazy\" decoding=\"async\" class=\"size-full wp-image-35676\" src=\"\/wp-content\/uploads\/2021\/05\/poehls_010_std-2.jpg\" alt=\"\" width=\"1226\" height=\"967\" \/><span class=\"wp-caption-text\">Der 2023 verstorbene Agenturgr\u00fcnder und Galerist Volkwart Dams (l.) mit Sohn Colja M. Dam, der jetzt auch als Galerist in seine Fu\u00dfstapfen tritt\u00a0 &#8211; \u00a9 Vok Dams iNotes<\/span><\/div>\n<p>In seiner Ausstellung \u201eone step back \u2013 two steps forward\u201c zeigt Boris Eldagsen Kunst, die er mit Hilfe von \u201eK\u00fcnstlicher Intelligenz\u201c (KI) generierte. Der Fotograf wurde 1970 in Pirmasens geboren.<\/p>\n<p>Colja M. Dams: \u201eBoris ist ein international anerkannter Experte f\u00fcr KI-generierte Bilder und regelm\u00e4\u00dfiger Gast bei Podiumsdiskussionen und Veranstaltungen weltweit. Er hat fr\u00fch erkannt, dass wie Ende der 90er mit dem Internet und der Digitalisierung eine weitere technische Revolution bevorstand: die KI-sierung aller bisher digitalisierten Lebensbereiche und damit auch die sich abzeichnenden Konsequenzen f\u00fcr die Fotografie.\u201c<\/p>\n<p>Boris Eldagsens Ablehnung des \u201eSony World Photo Awards\u201c hatte 2023 eine weltweite Debatte \u00fcber die Beziehung zwischen Fotografie und KI-generierten Bildern ausgel\u00f6st. Sein KI-generiertes Bild \u00a0\u201ePseudomnesia: The Electrician\u201c wurde \u00a0zum Symbolbild einer neuen \u00c4ra. Das Nachrichtenmagazin \u201eDer Spiegel\u201c adelte ihn als \u201eKI-Pionier\u201c.<\/p>\n<div id=\"attachment_79786\" class=\"wp-caption alignnone\" style=\"max-width: 325px;\"><img loading=\"lazy\" decoding=\"async\" class=\"wp-image-79786 size-full\" src=\"\/wp-content\/uploads\/2024\/11\/Eldagsen.jpg\" alt=\"\" width=\"315\" height=\"448\" \/><span class=\"wp-caption-text\">Plakat zu Ausstellung &#8211; \u00a9 Vok Dams ATELIERHAUS<\/span><\/div>\n<p><strong>Termin:<\/strong><\/p>\n<p>Kunst-Ausstellung<\/p>\n<p><strong>\u201eon step back \u2013 two steps forward\u201c<\/strong><\/p>\n<p>Von der Fotografie zu KI-generierten Bildern (Promtografie)<\/p>\n<h4>BORIS ELDAGSEN<\/h4>\n<p>Vernissage: Sonntag &#8211; 01. Dezember 2024 \u00a0&#8211; 11:00 Uhr<\/p>\n<p>Vok Dams ATELIERHAUS \u2013 Herberts Katernberg 50 \u2013 42113 Wuppertal<\/p>\n<p>Die Ausstellung l\u00e4uft bis zum 30. Juni 2025<\/p>\n<p><strong>Link zur Webseite des Vok Dams ATELIERHAUSES:\u00a0<\/strong><\/p>\n<p><a href=\"http:\/\/www.vokdamsatelierhaus.de\">http:\/\/www.vokdamsatelierhaus.de<\/a><\/p>\n<p>&nbsp;<\/p>\n<p>&nbsp;<\/p>\n","protected":false},"excerpt":{"rendered":"<p>Colja M. Dams, CEO der weltweit erfolgreichen PR- und Kommunikations-Agentur VOK DAMS worldwide, tritt auch als Galerist in die Fu\u00dfstapfen seines 2023 verstorbenen Vater Volkwart Dams. Am 01. Dezember er\u00f6ffnet er im Vok Dams ATELIERHAUS eine Ausstellung des Foto-K\u00fcnstlers Boris Eldagsen.<\/p>\n","protected":false},"author":7,"featured_media":0,"comment_status":"open","ping_status":"open","sticky":false,"template":"","format":"standard","meta":{"footnotes":""},"categories":[29],"tags":[],"class_list":["post-79782","post","type-post","status-publish","format-standard","hentry","category-kultur"],"publishpress_future_action":{"enabled":false,"date":"2026-05-08 19:27:48","action":"change-status","newStatus":"draft","terms":[],"taxonomy":"category","extraData":[]},"publishpress_future_workflow_manual_trigger":{"enabledWorkflows":[]},"_links":{"self":[{"href":"https:\/\/www.die-stadtzeitung.de\/index.php\/wp-json\/wp\/v2\/posts\/79782","targetHints":{"allow":["GET"]}}],"collection":[{"href":"https:\/\/www.die-stadtzeitung.de\/index.php\/wp-json\/wp\/v2\/posts"}],"about":[{"href":"https:\/\/www.die-stadtzeitung.de\/index.php\/wp-json\/wp\/v2\/types\/post"}],"author":[{"embeddable":true,"href":"https:\/\/www.die-stadtzeitung.de\/index.php\/wp-json\/wp\/v2\/users\/7"}],"replies":[{"embeddable":true,"href":"https:\/\/www.die-stadtzeitung.de\/index.php\/wp-json\/wp\/v2\/comments?post=79782"}],"version-history":[{"count":2,"href":"https:\/\/www.die-stadtzeitung.de\/index.php\/wp-json\/wp\/v2\/posts\/79782\/revisions"}],"predecessor-version":[{"id":79787,"href":"https:\/\/www.die-stadtzeitung.de\/index.php\/wp-json\/wp\/v2\/posts\/79782\/revisions\/79787"}],"wp:attachment":[{"href":"https:\/\/www.die-stadtzeitung.de\/index.php\/wp-json\/wp\/v2\/media?parent=79782"}],"wp:term":[{"taxonomy":"category","embeddable":true,"href":"https:\/\/www.die-stadtzeitung.de\/index.php\/wp-json\/wp\/v2\/categories?post=79782"},{"taxonomy":"post_tag","embeddable":true,"href":"https:\/\/www.die-stadtzeitung.de\/index.php\/wp-json\/wp\/v2\/tags?post=79782"}],"curies":[{"name":"wp","href":"https:\/\/api.w.org\/{rel}","templated":true}]}}