{"id":79762,"date":"2024-11-19T19:40:21","date_gmt":"2024-11-19T18:40:21","guid":{"rendered":"https:\/\/www.die-stadtzeitung.de\/?p=79762"},"modified":"2024-11-19T20:03:05","modified_gmt":"2024-11-19T19:03:05","slug":"prof-korte-kanzler-scholz-hat-keinen-vokabular-ueberschuss","status":"publish","type":"post","link":"https:\/\/www.die-stadtzeitung.de\/index.php\/2024\/11\/19\/prof-korte-kanzler-scholz-hat-keinen-vokabular-ueberschuss\/","title":{"rendered":"Prof. Korte: \u201eKanzler Scholz hat keinen Vokabular-\u00dcberschuss\u201c"},"content":{"rendered":"<div id=\"attachment_79766\" class=\"wp-caption alignnone\" style=\"max-width: 2570px;\"><img loading=\"lazy\" decoding=\"async\" class=\"wp-image-79766 size-full\" src=\"\/wp-content\/uploads\/2024\/11\/Stadtgespraeche_2024_11_00070-scaled.jpg\" alt=\"\" width=\"2560\" height=\"1859\" \/><span class=\"wp-caption-text\">Moderator J\u00fcrgen Zurheide (r.) im Gespr\u00e4ch mit Prof. Dr. Karl-Rudolf Korte &#8211; \u00a9 Claudia Posern \/ Fotostudio Essen<\/span><\/div>\n<p>Der Dozent der Uni Duisburg und Direktor der NRW-School of Governance pr\u00e4sentierte sich als geistreicher und eloquenter Impulsgast. Seinen launigen Talk mit TV- und Rundfunk-Moderator J\u00fcrgen Zurheide stuften hinterher viele als eines des herausragenden Interview-Highlights der bisherigen \u201eSTADTGESPR\u00c4CHE.ruhr\u201c-\u00c4ra ein.<\/p>\n<p>In seiner Begr\u00fc\u00dfungsansprache wies Initiator Dr. Richard Kiessler darauf hin, dass er, was die Aktualit\u00e4t angehe, keinen\u00a0 besseren Impulsgast als Prof. Korte h\u00e4tte einladen k\u00f6nnen. Da spielte nat\u00fcrlich auch der Zufall eine Rolle \u00a0Denn als der Wissenschaftler angefragt wurde, war die Berliner Ampel noch Realit\u00e4t.<\/p>\n<p>Selbstverst\u00e4ndlich stand die geplante, vorgezogene Bundestagswahl am 23. Februar 2025 im Mittelpunkt des Gespr\u00e4chs. Der SPD r\u00e4t Karl-Rudolf Korte, mit der Nominierung des Kanzlerkandidaten nicht bis Januar zu warten, weil sonst die Diskussionen rund um Scholz und Pistorius nicht aufh\u00f6ren und dadurch beide geschw\u00e4cht w\u00fcrden.<\/p>\n<p>Er geht von einem Duell zwischen Scholz und\u00a0 Merz aus und lie\u00df durchblicken, dass ihn beide Kandidaten nicht so richtig \u00fcberzeugen. Sein flapsiger Kommentar: \u201eScholz und Merz das ist Schmerz\u201c. Scholz lebe von der Hoffnung, das Kunstst\u00fcck von 2021 wiederholen zu k\u00f6nnen, als es ihm gelang, den CDU-Kandidaten Armin Laschet trotz eines gro\u00dfen R\u00fcckstands in den Umfragen noch zu \u00fcberholen. Doch diesmal seien die Voraussetzungen v\u00f6llig andere, kann Prof. Korte den Optimismus des spr\u00f6den Hamburgers nicht so recht teilen.<\/p>\n<div id=\"attachment_79767\" class=\"wp-caption alignnone\" style=\"max-width: 2570px;\"><img loading=\"lazy\" decoding=\"async\" class=\"wp-image-79767 size-full\" src=\"\/wp-content\/uploads\/2024\/11\/Stadtgespraeche_2024_11_00036-scaled.jpg\" alt=\"\" width=\"2560\" height=\"1707\" \/><span class=\"wp-caption-text\">Dr. Richard Kiessler, Initiator der STADTGESPR\u00c4CHE.ruhr, mit Ehefrau Eva und Impulsgast Prof, Dr. Karl-Rudolf Korte &#8211; \u00a9 Claudia Posern \/ Fotostudio Essen<\/span><\/div>\n<p>\u201eWie viele Fehler wird sich Friedrich Merz noch erlauben?\u201c\u00a0 bohrte J\u00fcrgen Zurheide nach. Da hat der Wissenschaftler eine klare Meinung: \u201eWeniger als die anderen! Merz hat jetzt sein Lebensziel erreicht, die Umfragen sprechen f\u00fcr ihn und die CDU steht geschlossen hinter ihm.\u201c<\/p>\n<p>Robert Habeck attestiert der Uni-Dozent ein gro\u00dfes rhetorisches Talent und die Gabe, andere Menschen f\u00fcr sich einzunehmen. Sein Heizungsgesetz habe aber f\u00fcr einen Vertrauensabriss gesorgt, weil er damit das Zuhause-Gef\u00fchl vieler Menschen verletzt habe. Habeck hebe sich aber von vielen anderen Politikern ab, die immer behaupteten, die Bev\u00f6lkerung sch\u00fctzen zu wollen. Prof. Dr. Karl-Rudolf Korte: \u201eIch habe noch nie einen Wirtschaftsminister erlebt, der gesagt hat: \u201aIhr werdet jetzt alle \u00e4rmer und ich begleite Euch dabei\u2018.\u201c<\/p>\n<p>Die FDP und ihr Frontmann kommen gar nicht gut bei ihm weg: \u201eChristian Lindner hat sich als Opfer inszeniert, doch in Wirklichkeit war er T\u00e4ter. Und das wird sich am Wahltag r\u00e4chen!\u201c<\/p>\n<div id=\"attachment_79768\" class=\"wp-caption alignnone\" style=\"max-width: 2570px;\"><img loading=\"lazy\" decoding=\"async\" class=\"wp-image-79768 size-full\" src=\"\/wp-content\/uploads\/2024\/11\/Stadtgespraeche_2024_11_00039-scaled.jpg\" alt=\"\" width=\"2560\" height=\"1707\" \/><span class=\"wp-caption-text\">Der bekannte Saxophonist Wolf Codera mit der S\u00e4ngerin Camilla Urbanczyk &#8211; \u00a9 Claudia Posern \/ Fotostudio Essen<\/span><\/div>\n<p>Die AfD hat f\u00fcr Prof. Korte ihr Potential inzwischen voll ausgesch\u00f6pft. Und das begr\u00fcndete er so: Das Migrationsthema stehe inzwischen nicht mehr ganz oben auf der Agenda, daf\u00fcr r\u00fccke die Wirtschaft wie schon \u00a0im US-Wahlkampf in den Vordergrund. Und bei dem Thema biete die Rechtsau\u00dfenpartei erst recht keine L\u00f6sungen an.<\/p>\n<p>Der Politikwissenschaftler, der gerne auf Wochenm\u00e4rkten einkauft, um dort mit ganz normalen Menschen ungefiltert ins Gespr\u00e4ch zu kommen, macht sich Sorgen um die Demokratie an sich. Der Diskurs habe sich ver\u00e4ndert, viele Menschen lebten mittlerweile in einer Blase und lie\u00dfen andere Meinungen gar nicht mehr zu.<\/p>\n<p>Das, was Demokratie ausmache, dass man Kompromisse suchen m\u00fcsse, finde heute immer weniger statt. Es g\u00e4be eine politische Einsamkeit, die dort entstehe, wo sich der Staat immer mehr zur\u00fcckziehe, wo keine Busse mehr verkehren, es keine Postfilialen oder Polizeiposten mehr g\u00e4be.<\/p>\n<div id=\"attachment_79769\" class=\"wp-caption alignnone\" style=\"max-width: 2570px;\"><img loading=\"lazy\" decoding=\"async\" class=\"wp-image-79769 size-full\" src=\"\/wp-content\/uploads\/2024\/11\/Stadtgespraeche_2024_11_00003-scaled.jpg\" alt=\"\" width=\"2560\" height=\"1528\" \/><span class=\"wp-caption-text\">K\u00fcnstler Shary Azhdari (l.) mit dem Unternehmensberater Dr. Klaus-Peter Reintges &#8211; \u00a9 Claudia Posern \/ Fotostudio Essen<\/span><\/div>\n<p>Genau dort w\u00fcrden die Parteien der politischen R\u00e4nder immer st\u00e4rker. Man k\u00f6nne allerdings gegensteuern. Prof. Korte: \u201eGanz klar: Investitionen gerade in die Infrastruktur sind ganz wichtig f\u00fcr die Freiheit und st\u00e4rken die politische Mitte.\u201c<\/p>\n<p>\u201eDer W\u00e4hler ist ein irrationales Wesen\u201c, behauptet Wahlanalyst Prof. Dr. Karl-Rudolf Korte in seinem aktuellen Buch \u201eW\u00e4hlerm\u00e4rkte\u201c. Er liefert f\u00fcr seine These auch ein plakatives Beispiel: \u201eMan sieht Leute beim Discounter einkaufen und trifft sie dann eine Stunde sp\u00e4ter in einer Luxus-Einkaufs-Passage wieder.\u201c \u00dcbersetzt hei\u00dft das: Genauso irrational oder unberechenbar ist auch der W\u00e4hler.<\/p>\n<p>Umso berechenbarer war die Reaktion der \u00fcber 200 Zuh\u00f6rerinnen und Zuh\u00f6rer nach einem gut 30 Minuten langen spannendem, informativem und hochkar\u00e4tigem Polit-Talk: Tosender Applaus f\u00fcr Prof. Dr. Karl-Rudolf Korte und\u00a0 Moderator J\u00fcrgen Zurheide.<\/p>\n<div id=\"attachment_79770\" class=\"wp-caption alignnone\" style=\"max-width: 2570px;\"><img loading=\"lazy\" decoding=\"async\" class=\"wp-image-79770 size-full\" src=\"\/wp-content\/uploads\/2024\/11\/Stadtgespraeche_2024_11_00077-scaled.jpg\" alt=\"\" width=\"2560\" height=\"1660\" \/><span class=\"wp-caption-text\">Impulsgast Prof. Dr. Karl-Rudolf Korte beim Signieren seines aktuellen Buches &#8222;W\u00e4hlerm\u00e4rkte&#8220; &#8211; \u00a9 Claudia Posern \/ Fotostudio Essen<\/span><\/div>\n<p>Die Gesangs-Darbietungen der begnadeten Sopranistin Marija Grinevska, begleitet von Pianist Alexander Eberle, gepflegte, k\u00fchle Getr\u00e4nke und die von \u201eChefs &amp; Butchers\u201c-Chef und seinem Team servierten kulinarischen Leckerbissen rundeten eine sehr gelungene Netzwerk-Veranstaltung ab.<\/p>\n<p><strong>Text Peter Pionke<\/strong><\/p>\n<p>&nbsp;<\/p>\n<p><img loading=\"lazy\" decoding=\"async\" class=\"alignnone wp-image-79763\" src=\"\/wp-content\/uploads\/2024\/11\/9783593518350.jpg\" alt=\"\" width=\"269\" height=\"410\" \/><\/p>\n<h4>W\u00c4HLERM\u00c4RKTE<\/h4>\n<p>\u201eWahlverhalten und Regierungspolitik in der Berline Republik\u201c<\/p>\n<p>Prof. Dr. Karl-Rudolf Korte<\/p>\n<p>Campus Verlag GmbH<\/p>\n<p>231 Seiten<\/p>\n<p>ISBN-13: 978 3593518350<\/p>\n<p>&nbsp;<\/p>\n<p><strong>\u00a0<\/strong><\/p>\n<p>&nbsp;<\/p>\n","protected":false},"excerpt":{"rendered":"<p>\u201eKanzler Scholz ist typischer Hanseat und hat keinen Vokabular-\u00dcberschuss\u201c, so charakterisierte der durch Funk- und Fernsehen bekannte Politikwissenschaftler und Wahlanalyst Prof. Dr. Karl-Rudolf Korte (66) den angeschlagenen deutschen Regierungschef bei der renommierten Netzwerkveranstaltung \u201eSTADTGESPR\u00c4CHE.ruhr\u201c. Die \u00fcber 200 G\u00e4ste im Chorforum Essen quittierten den lockeren Spruch mit lautem Gel\u00e4chter.<\/p>\n","protected":false},"author":7,"featured_media":0,"comment_status":"open","ping_status":"open","sticky":false,"template":"","format":"standard","meta":{"footnotes":""},"categories":[26],"tags":[],"class_list":["post-79762","post","type-post","status-publish","format-standard","hentry","category-politik"],"publishpress_future_action":{"enabled":false,"date":"2026-05-06 11:02:34","action":"change-status","newStatus":"draft","terms":[],"taxonomy":"category","extraData":[]},"publishpress_future_workflow_manual_trigger":{"enabledWorkflows":[]},"_links":{"self":[{"href":"https:\/\/www.die-stadtzeitung.de\/index.php\/wp-json\/wp\/v2\/posts\/79762","targetHints":{"allow":["GET"]}}],"collection":[{"href":"https:\/\/www.die-stadtzeitung.de\/index.php\/wp-json\/wp\/v2\/posts"}],"about":[{"href":"https:\/\/www.die-stadtzeitung.de\/index.php\/wp-json\/wp\/v2\/types\/post"}],"author":[{"embeddable":true,"href":"https:\/\/www.die-stadtzeitung.de\/index.php\/wp-json\/wp\/v2\/users\/7"}],"replies":[{"embeddable":true,"href":"https:\/\/www.die-stadtzeitung.de\/index.php\/wp-json\/wp\/v2\/comments?post=79762"}],"version-history":[{"count":4,"href":"https:\/\/www.die-stadtzeitung.de\/index.php\/wp-json\/wp\/v2\/posts\/79762\/revisions"}],"predecessor-version":[{"id":79773,"href":"https:\/\/www.die-stadtzeitung.de\/index.php\/wp-json\/wp\/v2\/posts\/79762\/revisions\/79773"}],"wp:attachment":[{"href":"https:\/\/www.die-stadtzeitung.de\/index.php\/wp-json\/wp\/v2\/media?parent=79762"}],"wp:term":[{"taxonomy":"category","embeddable":true,"href":"https:\/\/www.die-stadtzeitung.de\/index.php\/wp-json\/wp\/v2\/categories?post=79762"},{"taxonomy":"post_tag","embeddable":true,"href":"https:\/\/www.die-stadtzeitung.de\/index.php\/wp-json\/wp\/v2\/tags?post=79762"}],"curies":[{"name":"wp","href":"https:\/\/api.w.org\/{rel}","templated":true}]}}