{"id":79748,"date":"2024-11-18T22:54:55","date_gmt":"2024-11-18T21:54:55","guid":{"rendered":"https:\/\/www.die-stadtzeitung.de\/?p=79748"},"modified":"2024-11-18T22:54:55","modified_gmt":"2024-11-18T21:54:55","slug":"tv-star-oliver-fleischer-als-kunst-werk-verewigt","status":"publish","type":"post","link":"https:\/\/www.die-stadtzeitung.de\/index.php\/2024\/11\/18\/tv-star-oliver-fleischer-als-kunst-werk-verewigt\/","title":{"rendered":"TV-Star Oliver Fleischer als Kunst-Werk verewigt"},"content":{"rendered":"<div id=\"attachment_79742\" class=\"wp-caption alignnone\" style=\"max-width: 2570px;\"><img loading=\"lazy\" decoding=\"async\" class=\"wp-image-79742 size-full\" src=\"\/wp-content\/uploads\/2024\/11\/IMG_2092-scaled.jpg\" alt=\"\" width=\"2560\" height=\"1698\" \/><span class=\"wp-caption-text\">Film-Star Oliver Fleischer mit &#8222;seinem&#8220; Kunstwerk. Links der K\u00fcnstler Sharyar &#8222;Shary&#8220; Azhdari mit Ehefrau Azadeh &#8211; \u00a9 Paul Coon<\/span><\/div>\n<p>Der geb\u00fcrtige Bottroper, der gerade mit seiner Biografie \u201eDer Oma h\u00e4tte das gefallen\u201c erfolgreich auf Lesereise ist, war v\u00f6llig perplex, als er jetzt Zwischenstation in Shary\u2019s Kunst- &amp; Kultur-Galerie \u201eS-Art\u201c in der Essener Lindenallee machte.<\/p>\n<p>Eigentlich wollte er nur die Einzelheiten f\u00fcr eine am 20. Februar 2025 geplante Lesung in der Autoren-Reihe \u201eShary\u2018s LES-ART\u201c abstimmen. Doch K\u00fcnstler Shary \u00fcberraschte Oliver Fleischer mit einem beindruckenden Portrait, das aus dem \u201eRahmen f\u00e4llt\u201c.<\/p>\n<p>Es war sozusagen Liebe auf den ersten Blick. Der TV-Star schw\u00e4rmt von der ausdrucksstarken Collage: \u201eDie \u00dcberraschung ist Shary Azhdari wirklich total gelungen. Ich war sofort begeistert. Ein gro\u00dfartiges Werk, auf das ich stolz bin.\u201c<\/p>\n<h4>Schauspieler mit au\u00dfergew\u00f6hnlichem Nebenjob<\/h4>\n<p>Oliver Fleischer ist selbst kein K\u00fcnstler von der Stange. Als eine Art Gegenpol zur schrillen Showbiz-Glitzerwelt arbeitet er im Nebenjob als Sargtr\u00e4ger. \u201eDas erdet mich und h\u00e4lt mir immer wieder vor Augen, dass das Leben verg\u00e4nglich ist. Niemand kommt hier lebend raus. Der Job hat mir aber ein St\u00fcck weit die Angst vor dem Tod genommen\u201c, erkl\u00e4rt der TV-Star voller Demut.<\/p>\n<p>Fleischer wird auch regelm\u00e4\u00dfig von der Wuppertaler Unternehmerin Marion Flossbach, Inhaberin des Agentur \u00a0\u201eSargtr\u00e4ger Bergisch Land\u201c, f\u00fcr Eins\u00e4tze auf dem Friedhof gebucht..<\/p>\n<p>Seine zum Teil skurrilen und manchmal sogar lustigen Erlebnisse als Sargtr\u00e4ger hat Oliver Fleischer \u00a0in seinem lesenswerten Buch \u201eDer Oma h\u00e4tte das gefallen\u201c festgehalten. Wenn Sie die Friedhofs-Geschichten aus erster Hand erfahren wollen, \u00a0kein Problem. Der Termin f\u00fcr die Lesung am 20. Februar 2025 steht.<\/p>\n<div id=\"attachment_79743\" class=\"wp-caption alignnone\" style=\"max-width: 2570px;\"><img loading=\"lazy\" decoding=\"async\" class=\"wp-image-79743 size-full\" src=\"\/wp-content\/uploads\/2024\/11\/IMG_2081-scaled.jpg\" alt=\"\" width=\"2560\" height=\"1707\" \/><span class=\"wp-caption-text\">Oliver Fleischer signiert &#8222;sein&#8220; Werk. Rechts der Essener K\u00fcnstler Sh\u00e1ry Azhdari &#8211; \u00a9 Paul Coon<\/span><\/div>\n<p>Au\u00dferdem beschlossen die beiden K\u00fcnstler unterschiedlichster Genres, dass das Original-Oliver-Fleischer-Portrait (Format 120 x 120 cm auf Leinwand und mit Keilrahmen), das vom Schauspieler handsigniert wurde, ab sofort k\u00e4uflich zu erwerben ist.<\/p>\n<p>Interessenten k\u00f6nnen sich per E-Mail an Oliver Fleischer (<a href=\"mailto:post@oliver-fleischer.de\">post@oliver-fleischer.de<\/a>) oder an Shary Azhdari (<a href=\"mailto:info@s-art-infinity.de\">info@s-art-infinity.de<\/a>) wenden. Das Bild ist in der Kunst- &amp; Kultur-Galerie \u201eS-Art\u201c (Lindenallee 10 \u2013 45127 Essen) zu besichtigen.<\/p>\n<h4>Portrait als Kunstdruck in Top-Qualit\u00e4t<\/h4>\n<p>Und zudem gibt es das Werk als Kunstdruck in Top-Qualit\u00e4t (Format\u00a0 80 x 80 cm auf Leinwand, mit Keilrahmen und mit Harz veredelt) und nat\u00fcrlich von Oliver Fleischer handsigniert. Die Auflage ist auf 300 St\u00fcck limitiert. Der Preis pro Kunstdruck: 350 \u20ac.<\/p>\n<p>Also wer sich den sympathischen, vielseitigen und erfolgreichen Schauspieler als attraktives Kunstwerk ins Wohnzimmer h\u00e4ngen m\u00f6chte, kann das jetzt tun. Und das zu einem erschwinglichen Preis.<\/p>\n<p><strong>Text Peter Pionke<\/strong><\/p>\n<p>&nbsp;<\/p>\n<p><img loading=\"lazy\" decoding=\"async\" class=\"alignnone size-full wp-image-79744\" src=\"\/wp-content\/uploads\/2024\/11\/Plakat-Fleischer.jpg\" alt=\"\" width=\"297\" height=\"420\" \/><\/p>\n<p><strong>&#8222;Der Oma h\u00e4tte das gefallen&#8220;<\/strong><\/p>\n<h4>OLIVER FLEISCHER<\/h4>\n<p><strong>Autoren -Lesung in der Reihe &#8222;SHARY&#8217;s LES-ART&#8220;<\/strong><\/p>\n<p>Donnerstag &#8211; 20.02.2025 &#8211; 20:00 Uhr &#8211; Einlass:19:00 Uhr<\/p>\n<p>Kunst- &amp; Kultur-Galerie S-ART &#8211; Lindenallee 10 &#8211; 45127 Essen<\/p>\n<p>Parkhaus direkt hinter Lindengalerie<\/p>\n<p><strong>Tickets<\/strong>: 20 \u20ac zzgl VvK-Geb<\/p>\n<p><strong>Tickets<\/strong> unter\u00a0<a href=\"http:\/\/s-art.reservix.de\/events\">http:\/\/s-art.reservix.de\/events<\/a><\/p>\n<p>und an der <strong>ABENDKASSE<\/strong><\/p>\n<div id=\"wrapper\" class=\"clearfix\">\n<div id=\"attachment_79754\" class=\"wp-caption alignnone\" style=\"max-width: 460px;\"><img loading=\"lazy\" decoding=\"async\" class=\"wp-image-79754 size-full\" src=\"\/wp-content\/uploads\/2024\/11\/PHOTO-2024-08-03-16-57-27.jpg\" alt=\"\" width=\"450\" height=\"614\" \/><span class=\"wp-caption-text\">Oliver Fleischer als ber\u00fcchtigte Nazi-Gr\u00f6\u00dfe Hermann G\u00f6ring im aufw\u00fchlenden Kinofilm &#8222;F\u00fchrer und Verf\u00fchrer&#8220; &#8211; \u00a9 privat<\/span><\/div>\n<div class=\"content-part\">\n<div class=\"content\">\n<article id=\"post-78236\" class=\"post-78236 post type-post status-publish format-standard hentry category-kultur\">\n<div class=\"singlepage-content\">\n<div class=\"content-box\">\n<p><strong>Ausschnitt aus seiner umfangreichen Filmografie:<\/strong><\/p>\n<p>\u201eAdelheid und ihre M\u00f6rder\u201c (ARD-TV-Serie) \u2013 \u201eVollidiot\u201c (Kino-Film) \u2013 \u201eSOKO K\u00f6ln\u201c (ZDF-TV-Serie) \u2013 \u201eEin Fall f\u00fcr zwei\u201c (ZDF-TV-Serie u.a. mit Claus-Theo G\u00e4rtner) \u2013 \u201eKommissar Stolberg\u201c (ZDF-TV-Serie u.a. mit Rudolf Kowalski) \u2013 \u201eFlirtcamp\u201c (TV-Film u.a. mit Kai Wiesinger) \u2013 \u201eDie Superbullen\u201c (Kino-Film u.a. mit Tom Gerhardt u. Axel Stein) \u2013 \u201eMein Song f\u00fcr Dich\u201c (Kino-Film u.a. mit Jeanette Biedermann) \u2013 \u201eKein Sex ist auch keine L\u00f6sung\u201c (Kino-Film u.a. mit Corinna Harfouch u. Armin Rohde) \u2013 \u201eTatort \u2013 Das Wunder von Wolbeck\u201c (ARD-TV-Serie mit u.a. Axel Prahl u. Jan-Josef Liefers) \u2013 \u201eNotruf Hafenkante\u201c (ZDF-TV-Serie) \u2013 Inga Lindstr\u00f6m\u201c (ZDF-TV-Reihe) \u2013 \u201eDas beste St\u00fcck vom Braten\u201c (TV-Film mit u.a. mit Herbert Knaup u. Martin Brambach) \u2013 \u201eWilsberg\u201c (ZDF-TV-Serie u.a. mit Leonard Lansink) \u2013 \u201eHeldt\u201c (ZDF-TV-Serie u.a. mit Janine Kunze u. Kai Schumann) \u2013 \u201eFalk\u201c (ARD-TV-Serie u.a. mit Peter Prager) \u2013 \u201eLuther\u201c (ZDF-TV-Serie u.a. mit Joachim Kr\u00f3l) \u2013 \u201eDanni Lowinski\u201c (Sat 1-TV-Serie u.a. mit Annette Frier) \u2013 \u201eDer letzte Bulle\u201c (Sat 1-TV-Serie mit Henning Baum) \u2013 \u201eBeste Schwestern\u201c (RTL-TV-Serie u.a. mit Mirja Boes) \u2013 \u201eIn aller Freundschaft\u201c (ARD-TV-Serie) \u2013 \u201eGro\u00dfstadtrevier\u201c (ARD-TV-Serie) \u2013 \u201eDaheim in den Bergen\u201c (ARD-TV-Serie) \u2013 \u201eF\u00fchrer und Verf\u00fchrer\u201c (Kino-Film).<\/p>\n<p><strong>Link zur Homepage von Oliver Fleischer:<\/strong><\/p>\n<p><a href=\"http:\/\/www.oliver-fleischer.de\/\">http:\/\/www.oliver-fleischer.de<\/a><\/p>\n<\/div>\n<\/div>\n<\/article>\n<\/div>\n<\/div>\n<\/div>\n","protected":false},"excerpt":{"rendered":"<p>Oliver Fleischer hat bei Kinofilmen wie \u201eF\u00fchrer und Verf\u00fchrer\u201c vor der Kamera gestanden, ist Stammgast in vielen erfolgreichen TV-Serien wie \u201eTatort\u201c, \u201eWilsberg\u201c oder \u201eDaheim in den Bergen\u201c und steht auch regelm\u00e4\u00dfig auf der Theaterb\u00fchne. Doch diese Rolle ist f\u00fcr den au\u00dfergew\u00f6hnlichen Schauspieler Oliver Fleischer (50) v\u00f6llig neu: Der Essener K\u00fcnstler Sharyar \u201eShary\u201c Azhdari hat ihn in unnachahmlicher Weise auf Leinwand verewigt.<\/p>\n","protected":false},"author":7,"featured_media":0,"comment_status":"open","ping_status":"open","sticky":false,"template":"","format":"standard","meta":{"footnotes":""},"categories":[29],"tags":[],"class_list":["post-79748","post","type-post","status-publish","format-standard","hentry","category-kultur"],"publishpress_future_action":{"enabled":false,"date":"2026-05-08 19:26:44","action":"change-status","newStatus":"draft","terms":[],"taxonomy":"category","extraData":[]},"publishpress_future_workflow_manual_trigger":{"enabledWorkflows":[]},"_links":{"self":[{"href":"https:\/\/www.die-stadtzeitung.de\/index.php\/wp-json\/wp\/v2\/posts\/79748","targetHints":{"allow":["GET"]}}],"collection":[{"href":"https:\/\/www.die-stadtzeitung.de\/index.php\/wp-json\/wp\/v2\/posts"}],"about":[{"href":"https:\/\/www.die-stadtzeitung.de\/index.php\/wp-json\/wp\/v2\/types\/post"}],"author":[{"embeddable":true,"href":"https:\/\/www.die-stadtzeitung.de\/index.php\/wp-json\/wp\/v2\/users\/7"}],"replies":[{"embeddable":true,"href":"https:\/\/www.die-stadtzeitung.de\/index.php\/wp-json\/wp\/v2\/comments?post=79748"}],"version-history":[{"count":6,"href":"https:\/\/www.die-stadtzeitung.de\/index.php\/wp-json\/wp\/v2\/posts\/79748\/revisions"}],"predecessor-version":[{"id":79756,"href":"https:\/\/www.die-stadtzeitung.de\/index.php\/wp-json\/wp\/v2\/posts\/79748\/revisions\/79756"}],"wp:attachment":[{"href":"https:\/\/www.die-stadtzeitung.de\/index.php\/wp-json\/wp\/v2\/media?parent=79748"}],"wp:term":[{"taxonomy":"category","embeddable":true,"href":"https:\/\/www.die-stadtzeitung.de\/index.php\/wp-json\/wp\/v2\/categories?post=79748"},{"taxonomy":"post_tag","embeddable":true,"href":"https:\/\/www.die-stadtzeitung.de\/index.php\/wp-json\/wp\/v2\/tags?post=79748"}],"curies":[{"name":"wp","href":"https:\/\/api.w.org\/{rel}","templated":true}]}}