{"id":79487,"date":"2024-11-09T10:14:44","date_gmt":"2024-11-09T09:14:44","guid":{"rendered":"https:\/\/www.die-stadtzeitung.de\/?p=79487"},"modified":"2024-12-03T18:33:44","modified_gmt":"2024-12-03T17:33:44","slug":"ministerin-brandes-besuchte-neu-eroeffnete-kunsthalle-barmen","status":"publish","type":"post","link":"https:\/\/www.die-stadtzeitung.de\/index.php\/2024\/11\/09\/ministerin-brandes-besuchte-neu-eroeffnete-kunsthalle-barmen\/","title":{"rendered":"Ministerin Brandes besuchte neu er\u00f6ffnete Kunsthalle Barmen"},"content":{"rendered":"<div id=\"attachment_79488\" class=\"wp-caption alignnone\" style=\"max-width: 910px;\"><img loading=\"lazy\" decoding=\"async\" class=\"size-full wp-image-79488\" src=\"\/wp-content\/uploads\/2024\/11\/csm_Brandesbesuch_Kunsthalle_5_867e9f1b5f.jpg\" alt=\"\" width=\"900\" height=\"596\" \/><span class=\"wp-caption-text\">Ministerin Ina Brandes (l.) lie\u00df sich von Kuratorin Isabelle Meiffert (2.v.l.), Rektorin Prof. Dr. Birgitta Wolff (2.v.r.) und Prof. Katja Pfeiffer (r.) die Ausstellung in der &#8222;Kunsthalle Barmen&#8220; zeigen &#8211; \u00a9 Bergische Universit\u00e4t<\/span><\/div>\n<p>Die Politikerin zeigte sich beeindruckt von Qualit\u00e4t und Spektrum der hier pr\u00e4sentierten internationalen Gegenwartskunst und der von Studierenden entwickelten Vermittlungsangebote.<\/p>\n<p>Kulturministerin Ina Brandes erkl\u00e4rte: \u201eMit der Ausstellung &#8218;Shared Spaces&#8216; ist es der Kunsthalle und der Design- und Kunstfakult\u00e4t der Bergischen Universit\u00e4t hervorragend gelungen, Gegenwartskunst und Kulturelle Bildung miteinander zu verbinden. So bekommen Menschen Lust auf Kunst und Kultur gemacht, die nicht zum Stammpublikum von Museen und Ausstellungen geh\u00f6ren. Ich bin sicher, dass Angebote der Kulturellen Bildung helfen werden, unsere Ausstellungen und Museen zum Lagerfeuer zu machen, an dem alle zusammenkommen \u2013 unabh\u00e4ngig von Herkunft, Hautfarbe, Geschlecht, k\u00f6rperlicher Einschr\u00e4nkung, Alter oder sexueller Identit\u00e4t.\u201c<\/p>\n<h4><strong>F\u00fchrung durch eine Ausstellung mit gesellschaftspolitischem Impuls<\/strong><\/h4>\n<p>Empfangen worden war Ina Brandes von Uni-Rektorin Prof. Dr. Birgitta Wolff auf dem repr\u00e4sentativen Treppenaufgang des alten und neuen Kulturtempels. \u201eEs freut uns sehr, dass die Ministerin dieses Projekt, das f\u00fcr die Bergische Universit\u00e4t in den n\u00e4chsten drei Jahren einen wirklichen Kraftakt bedeutet, pers\u00f6nlich in Augenschein nimmt\u201c, w\u00fcrdigt die Rektorin der Bergischen Universit\u00e4t damit zugleich den enormen Einsatz der Fakult\u00e4t.<\/p>\n<p>Deren Initiatorin Prof. Katja Pfeiffer und die K\u00fcnstlerische Leitung Isabelle Meiffert geleiteten ihren Gast nicht nur durch renommierte Neon- und Licht-Installationen, Videos und Soundarbeiten, sondern auch \u00fcber den Vorplatz der Kunsthalle, vorbei an dem \u201eHot Cube Public Luxury\u201c, einer Sauna mit integrierter Bar von Baltic Raw Org und einer Brunnen-Installation von Raul Walch, die sich bereits als soziale Treffpunkte rumgesprochen haben.<\/p>\n<h4>Beeindruckt von \u201eShares Spaces\u201c<\/h4>\n<p>\u201eDie Ausstellung bewegt sich entlang des Spannungsfeldes zwischen gesellschaftlichem Zusammenhalt und dem Gef\u00fchl, auf sich selbst zur\u00fcckgeworfen zu sein. Sie ist eine Einladung, die St\u00e4rken von Gemeinschaften zu erkunden und einander neu zu begegnen\u201c, erl\u00e4utert Isabelle Meiffert die Idee der von ihr f\u00fcr diesen Standort und Anlass kuratierten Ausstellung \u201eShares Spaces\u201c.<\/p>\n<p>Und auch Initiatorin Prof. Katja Pfeiffer bekr\u00e4ftigt einmal mehr den Impuls zum Start des ehrgeizigen Projektes: \u201eUnser Bem\u00fchen, diesen traditionsreichen Kulturstandort wieder mit Leben zu f\u00fcllen, k\u00f6nnen wir als Erfolg verbuchen, wenn es uns gelingt, binnen drei Jahren ebenso mutig und auch widerspenstig gesellschaftlich relevante Themen zu verhandeln, wie es einst dem Barmer Kunstverein gelungen ist.\u201d<\/p>\n<p>&nbsp;<\/p>\n","protected":false},"excerpt":{"rendered":"<p>Hoher Besuch in der neu er\u00f6ffneten \u201eKunsthalle Barmen\u201c. Ina Brandes, Ministerin f\u00fcr Kultur und Wissenschaft des Landes Nordrhein-Westfalen, sah sich die Auftaktausstellung \u201eShared Spaces\u201c in dem historischen Prachtbau am Geschwister-Scholl-Platz an.<\/p>\n","protected":false},"author":7,"featured_media":0,"comment_status":"open","ping_status":"open","sticky":false,"template":"","format":"standard","meta":{"footnotes":""},"categories":[29],"tags":[],"class_list":["post-79487","post","type-post","status-publish","format-standard","hentry","category-kultur"],"publishpress_future_action":{"enabled":false,"date":"2026-05-09 05:03:05","action":"change-status","newStatus":"draft","terms":[],"taxonomy":"category","extraData":[]},"publishpress_future_workflow_manual_trigger":{"enabledWorkflows":[]},"_links":{"self":[{"href":"https:\/\/www.die-stadtzeitung.de\/index.php\/wp-json\/wp\/v2\/posts\/79487","targetHints":{"allow":["GET"]}}],"collection":[{"href":"https:\/\/www.die-stadtzeitung.de\/index.php\/wp-json\/wp\/v2\/posts"}],"about":[{"href":"https:\/\/www.die-stadtzeitung.de\/index.php\/wp-json\/wp\/v2\/types\/post"}],"author":[{"embeddable":true,"href":"https:\/\/www.die-stadtzeitung.de\/index.php\/wp-json\/wp\/v2\/users\/7"}],"replies":[{"embeddable":true,"href":"https:\/\/www.die-stadtzeitung.de\/index.php\/wp-json\/wp\/v2\/comments?post=79487"}],"version-history":[{"count":1,"href":"https:\/\/www.die-stadtzeitung.de\/index.php\/wp-json\/wp\/v2\/posts\/79487\/revisions"}],"predecessor-version":[{"id":79489,"href":"https:\/\/www.die-stadtzeitung.de\/index.php\/wp-json\/wp\/v2\/posts\/79487\/revisions\/79489"}],"wp:attachment":[{"href":"https:\/\/www.die-stadtzeitung.de\/index.php\/wp-json\/wp\/v2\/media?parent=79487"}],"wp:term":[{"taxonomy":"category","embeddable":true,"href":"https:\/\/www.die-stadtzeitung.de\/index.php\/wp-json\/wp\/v2\/categories?post=79487"},{"taxonomy":"post_tag","embeddable":true,"href":"https:\/\/www.die-stadtzeitung.de\/index.php\/wp-json\/wp\/v2\/tags?post=79487"}],"curies":[{"name":"wp","href":"https:\/\/api.w.org\/{rel}","templated":true}]}}