{"id":79451,"date":"2024-11-03T11:38:50","date_gmt":"2024-11-03T10:38:50","guid":{"rendered":"https:\/\/www.die-stadtzeitung.de\/?p=79451"},"modified":"2024-11-11T09:57:13","modified_gmt":"2024-11-11T08:57:13","slug":"wsv-hofft-gegen-den-msv-auf-einen-zuschauer-rekord","status":"publish","type":"post","link":"https:\/\/www.die-stadtzeitung.de\/index.php\/2024\/11\/03\/wsv-hofft-gegen-den-msv-auf-einen-zuschauer-rekord\/","title":{"rendered":"WSV hofft gegen den MSV auf einen Zuschauer-Rekord"},"content":{"rendered":"<div id=\"attachment_79390\" class=\"wp-caption alignnone\" style=\"max-width: 2570px;\"><img loading=\"lazy\" decoding=\"async\" class=\"wp-image-79390 size-full\" src=\"\/wp-content\/uploads\/2024\/11\/Classen-05-11-2024-011-scaled.jpg\" alt=\"\" width=\"2560\" height=\"1707\" \/><span class=\"wp-caption-text\">WSV-Sportdirektor Gaetano Manno (l.) mit dem neuen Trainer Sebastian Tyrala &#8211; \u00a9 Jochen Classen<\/span><\/div>\n<p>Genau den Optimismus, der den Wuppertalern zuletzt doch so sehr fehlte. Ansto\u00df im Stadion am Zoo ist am Sonntag (10.11.) um 14 Uhr. WSV-Sportdirektor Gaetano Manno: \u201eSebastian bringt ein tiefes Verst\u00e4ndnis f\u00fcr das Spiel und einen modernen Ansatz mit, der perfekt zu unserer Mannschaft und unseren Zielen passt\u201c.<\/p>\n<p>Auch wenn Sebastian Tyrala beim Regionalliga-Tabellenletzten und Abstiegskandidaten Nummer eins, T\u00fcrkspor Dortmund, zuletzt entlassen wurde, so weist seine Vita doch bemerkenswerte Stationen und Erfolge auf, die eindeutig f\u00fcr ihn sprechen.<\/p>\n<h4>Tyrala schon mit \u201e16\u201c beim BVB in der 1. Bundesliga<\/h4>\n<p>Schon mit 16 Jahren gelang ihm der Sprung in den Bundesliga-Kader von Borussia Dortmund. Sein Deb\u00fct gab er am 22. Juni 2006 im Spiel gegen Borussia M\u00f6nchengladbach. Insgesamt brachte er es auf sieben Bundesliga-Eins\u00e4tze. Begegnungen mit dem damaligen Borussen-Trainer J\u00fcrgen Klopp oder Mario G\u00f6tze sind f\u00fcr ihn in nachhaltiger Erinnerung geblieben. Tyra\u0142a wurde vom DFB mit dem dritten Platz als \u201eNachwuchsspieler des Jahres 2005\u201c (Fritz-Walter Medaille) in der Kategorie U-17 ausgezeichnet.<\/p>\n<p>Bereits als elfj\u00e4hriger war er vom BV Bad Sassendorf zum BVB nach Dortmund gewechselt. Der 1988 im polnischen <a href=\"https:\/\/de.wikipedia.org\/wiki\/Racib%C3%B3rz\">Racib\u00f3rz<\/a> geborene Sebastian Tyrala wurde 2008 in die polnische Nationalmannschaft berufen, nachdem er dort schon zwei Jahre in der polnischen U-21-Nationalmannschaft stand.<\/p>\n<p>Schwere Verletzungen, unter anderem drei Kreuzband-Risse, beendeten seine steile Spielerkarriere j\u00e4h. \u201eIch war fr\u00fcher ein etwas abgehobenes Arschloch, Die Tatsache, BVB-Profi zu sein, ist mir manchmal zu Kopf gestiegen\u201c, wurde er im Interview mit \u201eSpox\u201c und \u201eGoal\u201c\u00a0 in der &#8222;Sport Bild&#8220; vor drei Jahren zitiert.<\/p>\n<h4>Tyrala erfolgreich in der neuen \u201eBaller League\u201c<\/h4>\n<p>Als Trainer f\u00fchrte er T\u00fcrkspor Dortmund in zwei aufeinanderfolgende Aufstiege von der Westfalenliga zur Regionalliga West, wurde aber hier nach sieben Spielen in der vierten Liga entlassen &#8211; nur zwei Tage nach seinem ersten Sieg in dieser Spielzeit. Lokale Medien schrieben \u201eEs scheint, dass Faktoren jenseits der sportlichen Leistungen eine Rolle gespielt haben\u201c.<\/p>\n<div id=\"attachment_77519\" class=\"wp-caption alignnone\" style=\"max-width: 2570px;\"><img loading=\"lazy\" decoding=\"async\" class=\"wp-image-77519 size-full\" src=\"\/wp-content\/uploads\/2024\/08\/Timo-Bornemann-JC-scaled.jpg\" alt=\"\" width=\"2560\" height=\"1707\" \/><span class=\"wp-caption-text\">Die WSV-Fans hoffen, das St\u00fcrmer Timo Bornemann gen den MSV mehr Schussgl\u00fcck hat als in den letzten Spielen &#8211; \u00a9 Jochen Classen<\/span><\/div>\n<p>Man darf mutma\u00dfen, dass diese Entlassung in Zusammenhang mit seinem \u00fcberragenden Engagement in der \u201eBaller League\u201c, einer neuen Hallenfu\u00dfball-Liga, stand.\u00a0 Mit den \u201eLas Ligas Ladies\u201c gewann er als Coach vor 10.000 Zuschauern im D\u00fcsseldorfer DOME am 7. Oktober 2024 das Endspiel\u00a0 (Final4) dieses, von von Mats Hummels und Lukas Podolski ins Leben gerufene lukrative Fu\u00dfballturniers.<\/p>\n<p>In diesem neuen Format coachte er die \u201eLas Ligas Ladies\u201c, bei dem auch die Frauen-Nationalspielerinnen Ana Maria Markovic und Selina Cerci als Team-Manager und Co-Trainer mitwirkten. Im Aufgebot seines Teams standen gleich f\u00fcnf Akteure des von ihm, (allerdings erfolglos) trainierten Regionalliga-Schlusslicht T\u00fcrkspor Dortmund.<\/p>\n<p>So auch Alessandro Tomasello, der mit einem Fernschuss aus 30 Metern die \u201eLas Ligas Ladies\u201c auf die Siegerstra\u00dfe brachte. Bein 5:2-Sieg im Endspiel wirkte beim Gegner G\u00f6ngry Allstars auch WSV-Kapit\u00e4n Niklas Dams mit. Man sah einen abwechslungsreicher Spielverlauf und viele Traumtore. Es wird beschrieben, dass die Fans auf den R\u00e4ngen dies mit einer \u201ekochenden Stimmung\u201c goutierten.<\/p>\n<p>Man mu\u00df wissen, dass in der Baller League auch Fu\u00dfball-Weltmeister und TV-Experte Christoph Kramer eine nicht unbedeutende Rolle hat und die Spiele der im Live-Stream inzwischen Reichweite von inzwischen \u00fcber 100.000 haben d\u00fcrften. Man muss kein Prophet sein, um von einem Projekt mit Zukunft zu sprechen. Inzwischen wird schon vom Neubau einer eigenen Sport-Arena gesprochen. Die n\u00e4chste Spielzeit beginnt hier voraussichtlich im Januar 2025<\/p>\n<h4>MSV Duisburg, das \u201eZugpferd\u201c der Liga<\/h4>\n<p>Am Sonntag kommt nun in der Regionalliga Spitzenreiter\u00a0 MSV Duisburg ins Stadion am Zoo und macht krass den Reformbedarf \u00fcberholter Strukturen im etablierten Fu\u00dfball deutlich. Die &#8222;Zebras&#8220; nehmen mit einem Zuschauerschnitt von aktuell 15.286 Besuchern die Rolle eines \u201eZugpferdes\u201c ein. Der Schnitt der Regionalliga, die offiziell als Profi-Liga eingestuft wird, liegt bei 2.269 &#8211; neun Teams erreichen hier allerdings weniger als 1.000 Zuschauer.<\/p>\n<div id=\"attachment_78908\" class=\"wp-caption alignnone\" style=\"max-width: 2570px;\"><img loading=\"lazy\" decoding=\"async\" class=\"wp-image-78908 size-full\" src=\"\/wp-content\/uploads\/2024\/10\/Benedict-Wimmer-JC-scaled.jpg\" alt=\"\" width=\"2560\" height=\"1707\" \/><span class=\"wp-caption-text\">Vermutlich wird auch der neue WSV-Trainer Sebastian Tyrala in der Innenverteidigung auf den Abwehrriesen Benedikt Wimmer (l.) setzen &#8211; \u00a9 Jochen Classen<\/span><\/div>\n<p>Der neue WSV-Cheftrainer Sebastian Tyrala stuft seinen ersten WSV-Auftritt gegen den Spitzenreiter so ein: \u201eEinen besseren Gegner k\u00f6nnte es zum Start gar nicht geben. Ich habe mit T\u00fcrkspor 0:5 in Duisburg verloren. Da gilt es auch noch etwas gutzumachen\u201c. Seinen Kommunikations-Stil beschreibt er so: \u201eOffen und klar!\u201c Und eine Kostprobe lieferte er gleich mit. &#8222;Meine Aufgabe ist es jetzt, den Jungs in den Arsch zu treten\u201c (RevierSport 05.11.).<\/p>\n<h4>&#8222;Meine Aufgabe ist es jetzt,\u00a0den Jungs in den Arsch zu treten\u201c<\/h4>\n<p>Erfolgreich wolle man wieder sein, so auch Sportdirektor Gaetano Manno. Aber was hei\u00dft das im Klartext? wollten wir von ihm wissen. Manno: \u201eWir sind zufrieden, wenn die Zuschauer nach 90 Minuten mit der Leistung der Mannschaft zufrieden sind. Man kann und darf verlieren, aber\u00a0 ich erwarte, dass man nicht kampflos aufgibt und sich bis zur letzten Minute zerrei\u00dft. Wir wissen, dass Duisburg den besten Kader der Regionalliga hat und eine Top-Mannschaft ist. Aber wir werden dennoch die Sache so angehen, dass wir drei Punkte holen wollen. Ich bin sehr zuversichtlich\u201c. Ziel sei es, bis Weihnachten den Abstiegsr\u00e4ngen zu entkommen.<\/p>\n<p>Unsere Frage an Trainer Tyrala, wie er seine Mannschaft motiviere, beantwortete der so. \u201eWenn ich das Team vor einem solchen Spiel noch motivierten m\u00fcsste, h\u00e4tten wir alles falsch gemacht. Nein, die Spieler brennen und wollen sich beweisen.\u201c<\/p>\n<p>Er werde seinen Spieler allerdings einen klaren Plan mitgeben. Man darf also gespannt sein, ob es ihm gelingt, die Kreise der erfolgreichen Duisburger Torj\u00e4ger Bookjans und Fakhro (je 5 Treffer) sowie Hahn und Sussek (je vier Tore) in Grenzen zu halten. Tyrala selbst versteht sich als \u201eMenschenf\u00e4nger\u201c und sieht kein Problem, seinen gro\u00dfen Kader in Stimmung zu halten. Gegen Duisburg hat er zahlreiche Optionen, auch wenn er neben den verletzten Dams und Terrazzino zus\u00e4tzlich die gelbgesperrten Kevin Hagemann und Ricardo Grym ersetzen mu\u00df.<\/p>\n<div id=\"attachment_79454\" class=\"wp-caption alignnone\" style=\"max-width: 2514px;\"><img loading=\"lazy\" decoding=\"async\" class=\"wp-image-79454 size-full\" src=\"\/wp-content\/uploads\/2024\/11\/IMG_9077.jpg\" alt=\"\" width=\"2504\" height=\"1242\" \/><span class=\"wp-caption-text\">Bei der Pressekonferenz vor dem Spiel gegen den MSV Duisburg: (v.l.) Sportdirektor Gaetano Manno, Pressesprecher Max Schleicher und der neue Cheftrainer Sebastian Tyrala &#8211; \u00a9 Siegfried J\u00e4hne<\/span><\/div>\n<p>Pressesprecher Max Schleicher berichtete vom Vorverkauf, wo bis Donnerstag bereits \u00fcber 7.000 Karten verkauft wurden. Gaetano Manno sprach die Hoffnung aus, diesmal die \u201e10.000\u201c knacken zu k\u00f6nnen. Allein aus Duisburg erwartet man mehr als 5.000 Besucher. Die Kassen werden am Sonntag bereits um 12 Uhr ge\u00f6ffnet sein. Wegen der arg begrenzten Parkm\u00f6glichkeiten wird appelliert, den \u00d6PNV zu nutzen.<\/p>\n<h4>Ren\u00e9 Klingbeil jetzt bei Hessen Kassel<\/h4>\n<p>Gute Nachrichten kamen f\u00fcr den WSV aus Kassel, wo der entlassene Trainer Ren\u00e9 Klingbeil beim abstiegsgef\u00e4hrdeten Regionalligisten KSV Hessen Kassel angeheuert hat. \u201eMit Ren\u00e9 Klingbeil\u00a0 gewinnen wir einen jungen Trainer, der eine klare Idee von Fu\u00dfball hat und wei\u00df, wie die Kabine riecht. Er bringt die notwendige Energie und den fachlichen Inhalt mit, um gemeinsam mit der Mannschaft die Wende hinzubekommen. Ich bin \u00fcberzeugt davon, dass es ihm gelingt unsere jungen Spieler weiterzuentwickeln und der Mannschaft die n\u00f6tige Stabilit\u00e4t zu geben, sowohl im Kopf, als auch auf dem Platz\u201c, sagt KSV-Gesch\u00e4ftsf\u00fchrer S\u00f6ren Gonther.<\/p>\n<p>F\u00fcr den Wuppertaler SV, der sich mit Klingbeil g\u00fctlich getrennt hatte, bedeutet diese Entwicklung, dass er ihn nicht mehr auf der Gehaltsliste hat. Sein Vertrag lief eigenlich noch bis zum Saisonende.<\/p>\n<p><b>Text: Siegfried J\u00e4hne<\/b><\/p>\n","protected":false},"excerpt":{"rendered":"<p>Der WSV k\u00f6nnte ganz spannenden Zeiten entgegengehen. Das verspricht jedenfalls die Verpflichtung von Trainer Sebastian Tyrala (36), einem charismatischen Typen mit interessanter Vergangenheit. Auch wenn er sagt \u201eIm Fu\u00dfball kann man wenig versprechen, schon gar nicht Siege\u201c, so strahlt er doch vor dem Spiel gegen Spitzenreiter MSV Duisburg Zuversicht und Optimismus aus.<\/p>\n","protected":false},"author":7,"featured_media":0,"comment_status":"open","ping_status":"open","sticky":false,"template":"","format":"standard","meta":{"footnotes":""},"categories":[20],"tags":[],"class_list":["post-79451","post","type-post","status-publish","format-standard","hentry","category-sport"],"publishpress_future_action":{"enabled":false,"date":"2026-05-08 05:07:29","action":"change-status","newStatus":"draft","terms":[],"taxonomy":"category","extraData":[]},"publishpress_future_workflow_manual_trigger":{"enabledWorkflows":[]},"_links":{"self":[{"href":"https:\/\/www.die-stadtzeitung.de\/index.php\/wp-json\/wp\/v2\/posts\/79451","targetHints":{"allow":["GET"]}}],"collection":[{"href":"https:\/\/www.die-stadtzeitung.de\/index.php\/wp-json\/wp\/v2\/posts"}],"about":[{"href":"https:\/\/www.die-stadtzeitung.de\/index.php\/wp-json\/wp\/v2\/types\/post"}],"author":[{"embeddable":true,"href":"https:\/\/www.die-stadtzeitung.de\/index.php\/wp-json\/wp\/v2\/users\/7"}],"replies":[{"embeddable":true,"href":"https:\/\/www.die-stadtzeitung.de\/index.php\/wp-json\/wp\/v2\/comments?post=79451"}],"version-history":[{"count":4,"href":"https:\/\/www.die-stadtzeitung.de\/index.php\/wp-json\/wp\/v2\/posts\/79451\/revisions"}],"predecessor-version":[{"id":79456,"href":"https:\/\/www.die-stadtzeitung.de\/index.php\/wp-json\/wp\/v2\/posts\/79451\/revisions\/79456"}],"wp:attachment":[{"href":"https:\/\/www.die-stadtzeitung.de\/index.php\/wp-json\/wp\/v2\/media?parent=79451"}],"wp:term":[{"taxonomy":"category","embeddable":true,"href":"https:\/\/www.die-stadtzeitung.de\/index.php\/wp-json\/wp\/v2\/categories?post=79451"},{"taxonomy":"post_tag","embeddable":true,"href":"https:\/\/www.die-stadtzeitung.de\/index.php\/wp-json\/wp\/v2\/tags?post=79451"}],"curies":[{"name":"wp","href":"https:\/\/api.w.org\/{rel}","templated":true}]}}