{"id":79334,"date":"2024-11-04T21:54:43","date_gmt":"2024-11-04T20:54:43","guid":{"rendered":"https:\/\/www.die-stadtzeitung.de\/?p=79334"},"modified":"2024-11-07T09:13:10","modified_gmt":"2024-11-07T08:13:10","slug":"chr-v-grumbkow-nach-der-hochzeit-ist-vor-den-ausstellungen","status":"publish","type":"post","link":"https:\/\/www.die-stadtzeitung.de\/index.php\/2024\/11\/04\/chr-v-grumbkow-nach-der-hochzeit-ist-vor-den-ausstellungen\/","title":{"rendered":"Chr. v. Grumbkow: Nach der Hochzeit ist vor den Ausstellungen"},"content":{"rendered":"<div id=\"attachment_79341\" class=\"wp-caption alignnone\" style=\"max-width: 1529px;\"><img loading=\"lazy\" decoding=\"async\" class=\"wp-image-79341 size-full\" src=\"\/wp-content\/uploads\/2024\/11\/PHOTO-2024-11-02-20-58-45xcvb.jpg\" alt=\"\" width=\"1519\" height=\"1067\" \/><span class=\"wp-caption-text\">Christian von Grumbkow und Daria Antsiferova als Brautpaar im Standesamt Schloss Ettlingen &#8211; \u00a9 Michael Utz<\/span><\/div>\n<p>Das Happy-end vor dem Standesamt im malerischen Schloss von Ettlingen (bei Karlsruhe) ist wohl sein bislang emotionalstes &#8222;Werk&#8220;. \u201eIch haben das ja schon einmal erlebt, aber die Zeremonie mit amtlicher Heiratsformel durch die sympathische Standesbeamtin, das Ringe tauschen und dem erstem offiziellen Kuss als getrautes Ehepaar war schon sehr bewegend. Ich muss zugeben: Da bekommt man schon feuchte Augen.\u201c<\/p>\n<p>In erster Ehe war der Maler und Musiker (Mitbegr\u00fcnder und Gitarrist der Art-Rock-Band &#8222;Hoelderlin&#8220;) \u00a0mit der &#8222;Hoelderlin&#8220;-S\u00e4ngerin und K\u00fcnstlerin Nanny de Ruig verheiratet. Sie ist auch die Mutter seiner Kinder Daniel und Anna.<\/p>\n<p>Daria Antsiferova hat Christian von Grumbkow in einem seiner Malkurse kennengelernt. Es war so etwas wie Liebe auf den ersten Pinselstrich. &#8222;Wir sind beide \u00fcbergl\u00fccklich&#8220;, schw\u00e4rmte der erfolgreiche K\u00fcnstler nach der Trauung.<\/p>\n<div id=\"attachment_79345\" class=\"wp-caption alignnone\" style=\"max-width: 560px;\"><img loading=\"lazy\" decoding=\"async\" class=\"wp-image-79345 size-full\" src=\"\/wp-content\/uploads\/2024\/11\/PHOTO-2024-11-02-20-58-f345-2.jpg\" alt=\"\" width=\"550\" height=\"789\" \/><span class=\"wp-caption-text\">Ein gl\u00fcckliches Paar: Christian von Grumbkow und Daria Antsiferova &#8211; \u00a9 Michael Utz<\/span><\/div>\n<p>Die erste positive \u00dcberraschung erlebten Christian und Daria, als sie vor dem Ettlinger Schloss vorfuhren. Dort hatten sich mehr Freunde und Verwandte versammelt, als eigentlich geplant. Eingeladen waren in erster Linie der Ettlinger Freundeskreis des Paares. Die gro\u00dfe Hochzeitsparty wird erst im April 2025 in Christian von Grumbkow Atelier im Wuppertaler Schluss L\u00fcntenbeck steigen.<\/p>\n<p>\u201eWir haben uns dann sehr \u00fcber den \u00dcberraschungsbesuch gefreut, das Buffet auf der Hochzeitsfeier, die hinterher in der tollen Villa eines Ettlinger Kunsth\u00e4ndler-Ehepaars stattfand, war mehr als \u00fcppig. Alle G\u00e4ste wurden satt\u201c, erz\u00e4hlt der K\u00fcnstler lachend.<\/p>\n<div id=\"attachment_79346\" class=\"wp-caption alignnone\" style=\"max-width: 1560px;\"><img loading=\"lazy\" decoding=\"async\" class=\"wp-image-79346 size-full\" src=\"\/wp-content\/uploads\/2024\/11\/PHOTO-2024-11-02-20-58-45-bbb.jpg\" alt=\"\" width=\"1550\" height=\"987\" \/><span class=\"wp-caption-text\">Eine Familie: Das Brautpaar Christian und Daria mit ihren T\u00f6chtern &#8211; \u00a9 Michael Utz<\/span><\/div>\n<p>Nach dem Essen hatte der DJ seinen Auftritt. Und Christian tanzte mit seiner Daria bis fr\u00fch in den Morgen hinein. Legende Fred Astaire h\u00e4tte sicher seine helle Freude daran gehabt. Unterm Strich war es eine stilvolle, romantische Bilderbuch-Hochzeit. F\u00fcr alle ein unvergesslicher Tag.<\/p>\n<p>Die Buchung eines Hochzeits-Fotografen konnte sich das Paar \u00fcbrigens sparen. F\u00fcr \u00a0tolle Fotos sorgte Christian von Grumbkows Freund und kongenialer Partner, der Foto-K\u00fcnstler Michael Utz.<\/p>\n<p>Mit wundersch\u00f6nen Erinnerungen fuhr der Maler nach Wuppertal zur\u00fcck. Er und \u00a0\u00a0seine Ehefrau haben zumindest vorerst weiter zwei unterschiedliche Lebensmittelpunkte. Daria lebt in Ettlingen mit ihren beiden T\u00f6chtern zusammen. Christian wohnt weiter in Wuppertal, wo er auch sein Atelier hat. Der K\u00fcnstler ist \u00fcberzeugt: \u201eUnsere Wochenendbeziehung hat bisher super funktioniert. Warum sollte das als Ehepaar anders sein?\u201c<\/p>\n<div id=\"attachment_79351\" class=\"wp-caption alignnone\" style=\"max-width: 560px;\"><img loading=\"lazy\" decoding=\"async\" class=\"wp-image-79351 size-full\" src=\"\/wp-content\/uploads\/2024\/11\/PHOTO-2024-11-02-20-58-45vvbnnm-Kopie-2.jpg\" alt=\"\" width=\"550\" height=\"453\" \/><span class=\"wp-caption-text\">Christian und Daria bedanken sich bei ihren G\u00e4sten &#8211; \u00a9 Michael Utz<\/span><\/div>\n<p>Den n\u00e4chsten gemeinsamen Termin haben beide \u00fcbrigens schon vor Augen: Die Hochzeitsreise nach Island.<\/p>\n<p>Zuhause in Wuppertal wartete die n\u00e4chste sch\u00f6ne \u00dcberraschung auf Christian von Grumbkow. Vor seiner Haust\u00fcr stand ein Weinstock, das Hochzeitsgeschenk von Freunden. \u201eEin sehr symbolisches Pr\u00e4sent\u201c, freute er sich.<\/p>\n<p>Das Feiern ist f\u00fcr den Maler erst einmal vorbei. Auf ihn wartet jede Menge Arbeit im Atelier. Denn \u00a0gro\u00dfe Ausstellungen werfen ihre Schatten voraus.<\/p>\n<div id=\"attachment_79353\" class=\"wp-caption alignnone\" style=\"max-width: 560px;\"><img loading=\"lazy\" decoding=\"async\" class=\"wp-image-79353 size-full\" src=\"\/wp-content\/uploads\/2024\/11\/PHOTO-2024-11-02-20-58-2345-1.jpg\" alt=\"\" width=\"550\" height=\"603\" \/><span class=\"wp-caption-text\">Das Brautpaar schneidet die Hochzeits-Torte an &#8211; \u00a9 Michael Utz<\/span><\/div>\n<h4>Die lange Liste der Ausstellungen:<\/h4>\n<p>Am Donnerstag (07.11.) ist Christian von Grumbkow mit dem Werk \u201eLandscape \u2013 2024 &#8211; 50 x 70 cm \u2013 Acryl, Silber auf Leinwand) bei der Kunst-Auktion \u201eKunst Kann\u2019s\u201c im Wuppertaler Schauspielhaus vertreten. 50 Prozent des ersteigerten Betrages kommt wie immer einem guten Zweck zugute.<\/p>\n<div id=\"attachment_79338\" class=\"wp-caption alignnone\" style=\"max-width: 1610px;\"><img loading=\"lazy\" decoding=\"async\" class=\"size-full wp-image-79338\" src=\"\/wp-content\/uploads\/2024\/11\/PHOTO-2024-11-04-12-35-19.jpg\" alt=\"\" width=\"1600\" height=\"1131\" \/><span class=\"wp-caption-text\">Das Werk \u201eLandscape \u2013 2024 &#8211; 50 x 70 cm \u2013 Acryl, Silber auf Leinwand &#8211; \u00a9 Christian v. Grumbkow<\/span><\/div>\n<p>Am 15.11 beginnt er mit den Vorbereitungen zu seiner bisher gr\u00f6\u00dften Einzelausstellungen \u00fcberhaupt. Diese wird im Museum \u201eGut Altenkamp\u201c im norddeutschen Papenburg zu sehen sein.<\/p>\n<p>Am 26.11. starten die Vorbereitungen f\u00fcr seine Ausstellung \u201eVice Versa\u201c (28.11.2024 \u2013 10.01.2025) in der Galerie Heike Schumacher in \u00dcberlingen am Bodensee. Die Ausstellung stellt u.a. eine Kooperation mit dem Heidelberger Fotok\u00fcnstler Michael Utz dar, der Fotos zur Verf\u00fcgung stellt, die Christian von Grumbkow stilvoll \u00fcbermalt. Thema sind die Schweizer Alpen. Beide K\u00fcnstler sind zudem auch mit eigenen Werken vertreten.<\/p>\n<div id=\"attachment_79337\" class=\"wp-caption alignnone\" style=\"max-width: 1290px;\"><img loading=\"lazy\" decoding=\"async\" class=\"wp-image-79337 size-full\" src=\"\/wp-content\/uploads\/2024\/11\/PHOTO-2024-11-04-12-32-18.jpg\" alt=\"\" width=\"1280\" height=\"640\" \/><span class=\"wp-caption-text\">Flyer der Ausstellung &#8222;Vice Versa&#8220; in \u00dcberlingen\/Bodensee &#8211; \u00a9 Heike Schumacher\/CvG<\/span><\/div>\n<p>Au\u00dferdem arbeitet der erfolgreiche Wuppertaler Maler gerade an einer sehr gro\u00dfen Auftragsarbeit &#8211; f\u00fcr wen oder was sie ist, darf er noch nicht verraten.<\/p>\n<p>Bis zum 16.12.2024 l\u00e4uft ist im Foyer des Wuppertal Instituts (D\u00f6ppersberg 19 \u2013 42103 Wuppertal) noch die Ausstellung \u201eDer\u00a0 Wald und der Sturm\u201c, eine Kooperation mit dem Fotok\u00fcnstler Markus Bollen aus Bergisch-Gladbach. (Die Ausstellung kann Mo. \u2013 Do. von 09:00 \u2013 16:30 und Fr. von 09:00 \u2013 15:00 Uhr besichtigt werden)<\/p>\n<p>In der Galerie \u201eGOLKAR Art projects\u201c in Hamburg-Blankenese l\u00e4uft au\u00dferdem noch bis zum 31.01.2025 Christian von Grumbkows Einzelausstellung \u201eGelebte Farbe\u201c mit Werken aus 50 Jahren Farbfeldmalerei.<\/p>\n<div id=\"attachment_79336\" class=\"wp-caption alignnone\" style=\"max-width: 1610px;\"><img loading=\"lazy\" decoding=\"async\" class=\"wp-image-79336 size-full\" src=\"\/wp-content\/uploads\/2024\/11\/PHOTO-2024-11-04-12-40-53.jpg\" alt=\"\" width=\"1600\" height=\"1091\" \/><span class=\"wp-caption-text\">Das Werk &#8222;Ostern 3 (2024 &#8211; \u00d6l\/Diptychon &#8211; 170 x 240 cm) ist Titelbild der Ausstellung &#8222;Gelebte Farbe&#8220; in Hamburg &#8211; \u00a9 Christian von Grumbkow<\/span><\/div>\n<p><strong>Nahtlos geht es im neuen Jahr weiter:<\/strong><\/p>\n<p>Im Februar pr\u00e4sentiert die \u201eGalerie Heike Schumacher\u201c Werke des Wuppertaler Malers auf der Kunstmesse \u201eART Karlsruhe\u201c.<\/p>\n<p>Die BACKSTUBENGALERIE in der Schreinerstra\u00dfe feiert 2025 ihr 50j\u00e4hriges Jubil\u00e4um. Darum l\u00e4dt die Galerie K\u00fcnstler \u201cder ersten Stunde\u201d f\u00fcr diverse Ausstellungen ein. Christian v. Grumbkow (Malerei) und Martin Smida (mit dreidimensionalen Arbeiten), er\u00f6ffnen den bunten Reigen am 14.02.25.<\/p>\n<p>Es gibt also viel zu tun f\u00fcr den frischgebackenen Ehemann\u2026<\/p>\n<p><strong>Text Peter Pionke<\/strong><\/p>\n<p>&nbsp;<\/p>\n<p><strong>Link zur Webseite von Christian von Grumbkow:<\/strong><\/p>\n<p><a href=\"http:\/\/www.grumbkow-colors.de\">http:\/\/www.grumbkow-colors.de<\/a><\/p>\n","protected":false},"excerpt":{"rendered":"<p>Hinter dem erfolgsverw\u00f6hnten Wuppertaler K\u00fcnstler Christian von Grumbkow\u00a0 liegt eine ereignisreiche und emotionale Woche. Erst die traumhafte Hochzeit mit seiner langj\u00e4hrigen Lebensgef\u00e4hrtin Daria Antsiferova und einer anschlie\u00dfenden rauschenden Party und dann feierte am Samstag (02.11.) noch seinen 78. Geburtag \u2013 allerdings in aller Ruhe.<\/p>\n","protected":false},"author":7,"featured_media":0,"comment_status":"open","ping_status":"open","sticky":false,"template":"","format":"standard","meta":{"footnotes":""},"categories":[29],"tags":[],"class_list":["post-79334","post","type-post","status-publish","format-standard","hentry","category-kultur"],"publishpress_future_action":{"enabled":false,"date":"2026-05-06 11:02:23","action":"change-status","newStatus":"draft","terms":[],"taxonomy":"category","extraData":[]},"publishpress_future_workflow_manual_trigger":{"enabledWorkflows":[]},"_links":{"self":[{"href":"https:\/\/www.die-stadtzeitung.de\/index.php\/wp-json\/wp\/v2\/posts\/79334","targetHints":{"allow":["GET"]}}],"collection":[{"href":"https:\/\/www.die-stadtzeitung.de\/index.php\/wp-json\/wp\/v2\/posts"}],"about":[{"href":"https:\/\/www.die-stadtzeitung.de\/index.php\/wp-json\/wp\/v2\/types\/post"}],"author":[{"embeddable":true,"href":"https:\/\/www.die-stadtzeitung.de\/index.php\/wp-json\/wp\/v2\/users\/7"}],"replies":[{"embeddable":true,"href":"https:\/\/www.die-stadtzeitung.de\/index.php\/wp-json\/wp\/v2\/comments?post=79334"}],"version-history":[{"count":10,"href":"https:\/\/www.die-stadtzeitung.de\/index.php\/wp-json\/wp\/v2\/posts\/79334\/revisions"}],"predecessor-version":[{"id":79356,"href":"https:\/\/www.die-stadtzeitung.de\/index.php\/wp-json\/wp\/v2\/posts\/79334\/revisions\/79356"}],"wp:attachment":[{"href":"https:\/\/www.die-stadtzeitung.de\/index.php\/wp-json\/wp\/v2\/media?parent=79334"}],"wp:term":[{"taxonomy":"category","embeddable":true,"href":"https:\/\/www.die-stadtzeitung.de\/index.php\/wp-json\/wp\/v2\/categories?post=79334"},{"taxonomy":"post_tag","embeddable":true,"href":"https:\/\/www.die-stadtzeitung.de\/index.php\/wp-json\/wp\/v2\/tags?post=79334"}],"curies":[{"name":"wp","href":"https:\/\/api.w.org\/{rel}","templated":true}]}}