{"id":79299,"date":"2024-11-01T06:34:28","date_gmt":"2024-11-01T05:34:28","guid":{"rendered":"https:\/\/www.die-stadtzeitung.de\/?p=79299"},"modified":"2024-11-11T10:20:41","modified_gmt":"2024-11-11T09:20:41","slug":"hochkaraeter-des-kabaretts-sorgen-fuer-humor-offensive","status":"publish","type":"post","link":"https:\/\/www.die-stadtzeitung.de\/index.php\/2024\/11\/01\/hochkaraeter-des-kabaretts-sorgen-fuer-humor-offensive\/","title":{"rendered":"Hochkar\u00e4ter des Kabaretts sorgen f\u00fcr Humor-Offensive"},"content":{"rendered":"<div id=\"attachment_79302\" class=\"wp-caption alignnone\" style=\"max-width: 2570px;\"><img loading=\"lazy\" decoding=\"async\" class=\"wp-image-79302 size-full\" src=\"\/wp-content\/uploads\/2024\/11\/Florian-Schroeder_Foto-Frank-Eidel-scaled.jpg\" alt=\"\" width=\"2560\" height=\"1690\" \/><span class=\"wp-caption-text\">Der Kabarettist und Parodist Florian Schroeder kommt mit seinem satirischen Jahresr\u00fcckblick ins Tal &#8211; \u00a9 Frank Eidel<\/span><\/div>\n<p>Gerburg Jahnke, ehemalige H\u00e4lfte des legend\u00e4ren Missfits-Duos sowie Gastgeberin der \u201eLadies Night\u201c, l\u00e4dt in die Stadthalle ein. Und an wen geht die Einladung? An Kolleginnen aus Kabarett, Comedy, Entertainment! Damen, die sich nicht um Genre-Grenzen scheren. Weiblicher Humor heftiger, schneller, unanst\u00e4ndiger. Und das Publikum hat seinen Spa\u00df.<\/p>\n<p>Gerburg Jahnke hat noch nie ein Blatt vor den Mund genommen und mit dieser entwaffnenden Offenheit f\u00fchrt sie auch durch den Abend. Verst\u00e4rkung erh\u00e4lt sie durch:<\/p>\n<p><strong>Sarah Hakenberg<\/strong> \u00a0&#8211; Die mit dem &#8222;Deutschen Kabarettpreis&#8220; ausgezeichnete Liedermacherin hat wieder einmal eine Menge neuer mitrei\u00dfender Schm\u00e4hlieder, raffinierter Protestsongs und unverfrorener Ohrw\u00fcrmer mit im Gep\u00e4ck.<\/p>\n<p><strong>Dagmar Sch\u00f6nleber<\/strong> &#8211;\u00a0 Sie steht f\u00fcr kluges Kabarett mit Herz und Haltung bei gleichzeitigem Spa\u00df an der \u00a0Albernheit. Trotz krisengesch\u00fcttelter Welt bewahrt sie den Optimismus und den Blick auf die ber\u00fchrenden Kleinigkeiten des Alltags.<\/p>\n<p><strong>Anka Zink<\/strong> &#8211; Das Spannungsfeld zwischen Sicherheit und Risiko, zwischen Elementarversicherung und Wohnwagen, zwischen Wetter App und der M\u00f6glichkeit aus dem Fenster zu sehen, unserer Sehnsucht nach Geborgenheit und dem Reiz des Abenteuers &#8211; davon handelt ihr neues Programm.<\/p>\n<p><strong>Marie Diot<\/strong> \u2013 Sie macht Musik und Quatsch, oder anders gesagt: Eine Mischung aus Indie-Pop, Chanson und jede Menge Spa\u00df.<\/p>\n<p><strong>Termin:<\/strong><\/p>\n<h4>Gerburg Jahnke &amp; G\u00e4stinnen<\/h4>\n<p>&#8222;Frau Jahnke hat eingeladen&#8230;ma gucken wer kommt!&#8220;<\/p>\n<p><strong>Freitag &#8211; 06. Dezember 2024 &#8211; 20:00 Uhr<\/strong><\/p>\n<p>Historische Stadthalle Wuppertal &#8211; Johannisberg 40 &#8211; 42103 Wuppertal<\/p>\n<p><strong>Tickets:<\/strong> \u20ac 15,- bis \u20ac 36,- bei <a href=\"http:\/\/www.wuppertal-live.de\">www.wuppertal-live.de<\/a> &amp; <a href=\"http:\/\/www.eventim.de\">www.eventim.de<\/a><\/p>\n<div id=\"attachment_79303\" class=\"wp-caption alignnone\" style=\"max-width: 613px;\"><img loading=\"lazy\" decoding=\"async\" class=\"wp-image-79303\" src=\"\/wp-content\/uploads\/2024\/11\/Gerburg-Jahnke_\u00a9-Harald-Hoffmann.jpg\" alt=\"\" width=\"603\" height=\"450\" \/><span class=\"wp-caption-text\">Gerburg Jahnke bringt jede Menge Verst\u00e4rkung mit in die Historische Stadthalle &#8211; \u00a9 Harald Hoffmann<\/span><\/div>\n<h2>Florian Schroeder: Schluss jetzt!<\/h2>\n<p>Florian Schroeder analysiert, kommentiert und parodiert in seinem satirischen Jahresr\u00fcckblick \u00a0\u201eSchluss jetzt!\u201c in gewohnt scharfz\u00fcngiger Art das bewegte und bewegende Jahr 2024.<\/p>\n<p>Von der gro\u00dfen Politik bis zu den kleinen Ereignissen des Alltags. Zw\u00f6lf Monate in zwei Stunden \u2013 schnell, lustig, b\u00f6se und keine Sekunde langweilig.<\/p>\n<p>Schluss jetzt!\u201c \u2013 von wegen! Am Ende wird sein Publikum skandieren: Mehr davon!<\/p>\n<p><strong>Termin:<\/strong><\/p>\n<h4>Florian Schroeder<\/h4>\n<p>&#8222;Schluss jetzt! &#8211; Ein satirischer Jahresr\u00fcckblick&#8220;<\/p>\n<p><strong>Samstag &#8211; \u00a007. Dezember 2024 &#8211; 20:00 Uhr<\/strong><\/p>\n<p>Kulturzentrum Immanuel &#8211; Sternstra\u00dfe 73 &#8211; 42275 Wuppertal<\/p>\n<p><strong>Tickets: \u00a0<\/strong>25,- \u20ac bei <a href=\"http:\/\/www.wuppertal-live.de\">www.wuppertal-live.de<\/a> &amp; <a href=\"http:\/\/www.eventim.de\">www.eventim.de<\/a><\/p>\n<div id=\"attachment_79307\" class=\"wp-caption alignnone\" style=\"max-width: 610px;\"><img loading=\"lazy\" decoding=\"async\" class=\"size-full wp-image-79307\" src=\"\/wp-content\/uploads\/2024\/11\/Andreas-Rebers_Rein-geschaeftlich_Foto_Susie-Knoll-Kopie.jpg\" alt=\"\" width=\"600\" height=\"424\" \/><span class=\"wp-caption-text\">&#8222;Moralapostel&#8220; Andreas Rebers &#8211; Kabarett mit Humor und Musik &#8211; \u00a9 Susie Knoll<\/span><\/div>\n<h2>Andreas Rebers: &#8222;Rein gesch\u00e4ftlich&#8220;<\/h2>\n<p>Was ist das Leben? Zufall? Witz, oder eben doch nur ein Gesch\u00e4ft? Um diese Frage geht es in Andreas Rebers aktuellem Programm \u201eRein gesch\u00e4ftlich\u201c. F\u00fcr ihn ist die B\u00fchne das Schlachtfeld im Kampf gegen \u00dcberwachungskapitalismus, die digitale Diktatur und eine scheinbar unaufhaltsam um sich greifende Verbl\u00f6dung des online P\u00f6bels. Andreas Rebers gibt sich auf der B\u00fchne als\u00a0 Mann der Extreme. Einer, der alles gibt und f\u00fcr den jedes Gastspiel ein Endspiel zu sein scheint.<\/p>\n<p>.Es steht nicht gut um den \u201eHumorstandort\u201c Deutschland. Wo man hinschaut, grassieren Seuchen, Erziehungseifer und Unvernunft.\u00a0Andreas Rebers ist ein Mann mit Mutterwitz, viel Musik, \u00fcberbordender Kreativit\u00e4t und strotzender Liebe f\u00fcr das Menschliche. So haut er auf die Pauke, in die Tasten oder um sich und manchmal denkt er auch schon mal daran, einfach abzuhauen. Aber darum geht es dann erst im n\u00e4chsten und letzten Programm. Diesmal geht es nur ums Gesch\u00e4ft!!<\/p>\n<p><strong>Termin:<\/strong><\/p>\n<h4>Andreas Rebers<\/h4>\n<p>\u201eRein gesch\u00e4ftlich\u201c<\/p>\n<p><strong>Samstag &#8211; 15. M\u00e4rz 2025 &#8211; 20:00 Uhr<\/strong><\/p>\n<p>Kulturzentrum Immanuel &#8211; Sternstra\u00dfe 73 &#8211; 42275 Wuppertal<\/p>\n<p><strong>Tickets:<\/strong> \u20ac 25,- \/ erm \u20ac 20,- bei \u00a0<a href=\"http:\/\/www.wuppertal-live.de\">www.wuppertal-live.de<\/a> &amp; <a href=\"http:\/\/www.eventim.de\">www.eventim.de<\/a><\/p>\n<div id=\"attachment_59395\" class=\"wp-caption alignnone\" style=\"max-width: 610px;\"><img loading=\"lazy\" decoding=\"async\" class=\"wp-image-59395\" src=\"\/wp-content\/uploads\/2022\/12\/Martina-Steimer-2-1024x845-1.jpeg\" alt=\"\" width=\"600\" height=\"495\" \/><span class=\"wp-caption-text\">Die erfolgreiche Wuppertaler Kultur-Managerin Martina Steimer &#8211; \u00a9 \u00a9 Joerg Lange<\/span><\/div>\n<p>Weitere Informationen zu den einzelnen Veranstaltungen finden Sie unten und unter <a href=\"http:\/\/www.forum-maximum.de\/programm\/\">www.forum-maximum.de\/programm\/<\/a>.<\/p>\n","protected":false},"excerpt":{"rendered":"<p>Kulturmanagerin Martina Steimer und ihr \u201eForum Maximum\u201c sorgen mit drei hochkar\u00e4tigen Kabarett-Veranstaltungen f\u00fcr Ablenkung und einen Schuss Humor in der tristen Jahreszeit. Gerburg Jahnke &#038; Co., Florian Schroeder und Andreas Rebers bringen Licht ins Dunkel.<\/p>\n","protected":false},"author":7,"featured_media":0,"comment_status":"open","ping_status":"open","sticky":false,"template":"","format":"standard","meta":{"footnotes":""},"categories":[29],"tags":[],"class_list":["post-79299","post","type-post","status-publish","format-standard","hentry","category-kultur"],"publishpress_future_action":{"enabled":false,"date":"2026-05-09 11:02:10","action":"change-status","newStatus":"draft","terms":[],"taxonomy":"category","extraData":[]},"publishpress_future_workflow_manual_trigger":{"enabledWorkflows":[]},"_links":{"self":[{"href":"https:\/\/www.die-stadtzeitung.de\/index.php\/wp-json\/wp\/v2\/posts\/79299","targetHints":{"allow":["GET"]}}],"collection":[{"href":"https:\/\/www.die-stadtzeitung.de\/index.php\/wp-json\/wp\/v2\/posts"}],"about":[{"href":"https:\/\/www.die-stadtzeitung.de\/index.php\/wp-json\/wp\/v2\/types\/post"}],"author":[{"embeddable":true,"href":"https:\/\/www.die-stadtzeitung.de\/index.php\/wp-json\/wp\/v2\/users\/7"}],"replies":[{"embeddable":true,"href":"https:\/\/www.die-stadtzeitung.de\/index.php\/wp-json\/wp\/v2\/comments?post=79299"}],"version-history":[{"count":6,"href":"https:\/\/www.die-stadtzeitung.de\/index.php\/wp-json\/wp\/v2\/posts\/79299\/revisions"}],"predecessor-version":[{"id":79309,"href":"https:\/\/www.die-stadtzeitung.de\/index.php\/wp-json\/wp\/v2\/posts\/79299\/revisions\/79309"}],"wp:attachment":[{"href":"https:\/\/www.die-stadtzeitung.de\/index.php\/wp-json\/wp\/v2\/media?parent=79299"}],"wp:term":[{"taxonomy":"category","embeddable":true,"href":"https:\/\/www.die-stadtzeitung.de\/index.php\/wp-json\/wp\/v2\/categories?post=79299"},{"taxonomy":"post_tag","embeddable":true,"href":"https:\/\/www.die-stadtzeitung.de\/index.php\/wp-json\/wp\/v2\/tags?post=79299"}],"curies":[{"name":"wp","href":"https:\/\/api.w.org\/{rel}","templated":true}]}}