{"id":79248,"date":"2024-10-30T23:14:50","date_gmt":"2024-10-30T22:14:50","guid":{"rendered":"https:\/\/www.die-stadtzeitung.de\/?p=79248"},"modified":"2024-11-07T18:02:05","modified_gmt":"2024-11-07T17:02:05","slug":"tamara-alves-gibt-streetart-werk-ein-neues-gesicht","status":"publish","type":"post","link":"https:\/\/www.die-stadtzeitung.de\/index.php\/2024\/10\/30\/tamara-alves-gibt-streetart-werk-ein-neues-gesicht\/","title":{"rendered":"Tamara Alves gibt StreetArt-Werk ein neues Gesicht"},"content":{"rendered":"<div id=\"attachment_79250\" class=\"wp-caption alignnone\" style=\"max-width: 2570px;\"><img loading=\"lazy\" decoding=\"async\" class=\"wp-image-79250 size-full\" src=\"\/wp-content\/uploads\/2024\/10\/Pina-Masurca-Fogo-by-Tamara-Alves-Lissabon-scaled-1.jpg\" alt=\"\" width=\"2560\" height=\"1920\" \/><span class=\"wp-caption-text\">Das von Tamara AlvStreetArt-Kunstwerk &#8222;Masurca Fogo&#8220; auf der Fassade Kasinostr. 27 noch mit dem Phantasiegesicht &#8211; \u00a9 wupperone929 UrbanArt e.V.<\/span><\/div>\n<p>Und das steckt dahinter: Das Mural \u201eMasurca Fogo\u201c im Rahmen der Pina Bausch Gallery \u201eWuppertal tanzt\u201c sollte urspr\u00fcnglich die T\u00e4nzerin Julie Shanahan zeigen, die den Charakter der Ballonfrau in dem Tanzst\u00fcck \u00fcber viele Jahre nahezu ikonische gepr\u00e4gt und verk\u00f6rpert hat.<\/p>\n<p>Daf\u00fcr wurde das Einverst\u00e4ndnis der K\u00fcnstlerin gebraucht. Aber leider gab es keine R\u00fcckmeldung von Julie Shanahan.<\/p>\n<p>Valentina Manojlov, Head of Project: \u201eDaher sind wir davon ausgegangen, dass sie nicht riesengro\u00df an eine Fassade will. Ein Plan B musste her und Tamara Alves hat eine Fantasiefigur, angelehnt die junge Julie, gemalt.\u201c<\/p>\n<p>Wie sich aber im Nachhinein herausstellte, hatte Julie Shanahan die Anfrage \u00fcberhaupt nicht erhalten. Als sie die Message schlie\u00dflich doch noch bekam, war das Mural l\u00e4ngst fertig und die K\u00fcnstlerin wieder zuhause. Die bekannte T\u00e4nzerin machte aber unmissverst\u00e4ndlich klar, dass sie es als gro\u00dfe Ehre empfinden w\u00fcrde, auf einer Hausfassade in Wuppertal, der Heimat des Pina Bausch Tanztheaters verewigt zu sein.<\/p>\n<div id=\"attachment_79253\" class=\"wp-caption alignnone\" style=\"max-width: 611px;\"><img loading=\"lazy\" decoding=\"async\" class=\"wp-image-79253 size-full\" src=\"\/wp-content\/uploads\/2024\/10\/UKW_Team_2024-001-1.jpg\" alt=\"\" width=\"601\" height=\"702\" \/><span class=\"wp-caption-text\">Valentina Manojlov, Head of Projekt &#8211; \u00a9 wupperone929 UrbanArt e.V.<\/span><\/div>\n<p>Also nahm Valentina Manojlov wieder Kontakt mit der StreetArt-K\u00fcnstlerin Tamara Alves auf und diese erkl\u00e4rte sich bereit, vom 01. Bis zum 06. November wieder in den Hubsteiger zu klettern, um das Phantasiegesicht der Ballonfrau in ein Portrait von Julie Shanahan zu verwandeln. Happy-end einer kuriosen StreetArt-Story!<\/p>\n<p>Valentina Manojlov: \u201eEin gro\u00dfer Dank geht an Tamara, die der Idee sofort zugestimmt hat und wir somit zu ihrem urspr\u00fcnglichen Plan zur\u00fcckkehren k\u00f6nnen. Welcome Tamara!\u201c<\/p>\n<h4>Voten f\u00fcr die Edition 2025<\/h4>\n<p>5 Tanzwerke in 5 Bezirken wurden bereits gevotet: Ten Chi\/ Uellendahl-Katernberg, Palermo Palermo\/<\/p>\n<p>Barmen, Agua\/ Elberfeld-West, Masurca Fogo\/ Elberfeld und Nur Du\/ Oberbarmen \u2013 welches krankheitsbedingt auf das n\u00e4chste Jahr verschoben werden musste.<\/p>\n<p><strong>10 Tanzwerke stehen noch zum Voten zur Verf\u00fcgung:<\/strong><\/p>\n<p>Viktor (Rom, 1986), Tanzabend II (Madrid, 1991), Ein Trauerspiel (Wien, 1994), The Fensterputzer (Hongkong, 1997), O Dido (Rom, 1999), Wiesenland (Budapest, 2000), Nef\u00e9s (Istanbul, 2003), Rough Cut (Seoul, 2005), Bamboo Blues (Kalkutta, 2007) und \u201eWie das Moos auf dem Stein\u201c (Santiago, 2008-2009).<\/p>\n<p><strong>5 verbliebenen Stadtbezirke k\u00f6nnen noch voten:<\/strong><\/p>\n<p>Vohwinkel \/ Langerfeld-Beyenburg \/ Heckinghausen \/ Cronenberg \/ Ronsdorf<\/p>\n<p>Bis zum 31.12.2024 k\u00f6nnen Menschen aus den ausstehenden Bezirken auf der Website https:\/\/www.urbaner-kunstraum.de\/pina-bausch-gallery\/ voten.<\/p>\n<p>Valentina Manojlov: \u201eIhr k\u00f6nnnt damit Euer Lieblingsst\u00fcck aus dem \u201eWelttheater der Pina Bausch\u201c in Euren ihren Bezirk holen. JUST DO IT. Wir sind gespannt auf die Auswahl und freuen uns drauf.\u201c<\/p>\n","protected":false},"excerpt":{"rendered":"<p>Kaum ist das Mural \u201eMasurca Fogo\u201c fertig, muss es schon grundlegend \u00fcberarbeitet werden. Dahinter steckt ein kleines Missverst\u00e4ndnis. Das bedeutet \u201e\u00dcberstunden\u201c f\u00fcr die StreetArt-K\u00fcnstlerin Tamara Alves, die der Ballonfrau aus dem legend\u00e4ren Pina Bausch-St\u00fcck auf der Fassade Kasinostr. 27 buchst\u00e4blich ein neues Gesicht gibt.<\/p>\n","protected":false},"author":7,"featured_media":0,"comment_status":"open","ping_status":"open","sticky":false,"template":"","format":"standard","meta":{"footnotes":""},"categories":[29],"tags":[],"class_list":["post-79248","post","type-post","status-publish","format-standard","hentry","category-kultur"],"publishpress_future_action":{"enabled":false,"date":"2026-05-07 02:06:45","action":"change-status","newStatus":"draft","terms":[],"taxonomy":"category","extraData":[]},"publishpress_future_workflow_manual_trigger":{"enabledWorkflows":[]},"_links":{"self":[{"href":"https:\/\/www.die-stadtzeitung.de\/index.php\/wp-json\/wp\/v2\/posts\/79248","targetHints":{"allow":["GET"]}}],"collection":[{"href":"https:\/\/www.die-stadtzeitung.de\/index.php\/wp-json\/wp\/v2\/posts"}],"about":[{"href":"https:\/\/www.die-stadtzeitung.de\/index.php\/wp-json\/wp\/v2\/types\/post"}],"author":[{"embeddable":true,"href":"https:\/\/www.die-stadtzeitung.de\/index.php\/wp-json\/wp\/v2\/users\/7"}],"replies":[{"embeddable":true,"href":"https:\/\/www.die-stadtzeitung.de\/index.php\/wp-json\/wp\/v2\/comments?post=79248"}],"version-history":[{"count":7,"href":"https:\/\/www.die-stadtzeitung.de\/index.php\/wp-json\/wp\/v2\/posts\/79248\/revisions"}],"predecessor-version":[{"id":79270,"href":"https:\/\/www.die-stadtzeitung.de\/index.php\/wp-json\/wp\/v2\/posts\/79248\/revisions\/79270"}],"wp:attachment":[{"href":"https:\/\/www.die-stadtzeitung.de\/index.php\/wp-json\/wp\/v2\/media?parent=79248"}],"wp:term":[{"taxonomy":"category","embeddable":true,"href":"https:\/\/www.die-stadtzeitung.de\/index.php\/wp-json\/wp\/v2\/categories?post=79248"},{"taxonomy":"post_tag","embeddable":true,"href":"https:\/\/www.die-stadtzeitung.de\/index.php\/wp-json\/wp\/v2\/tags?post=79248"}],"curies":[{"name":"wp","href":"https:\/\/api.w.org\/{rel}","templated":true}]}}