{"id":78959,"date":"2024-10-18T10:01:09","date_gmt":"2024-10-18T08:01:09","guid":{"rendered":"https:\/\/www.die-stadtzeitung.de\/?p=78959"},"modified":"2024-10-24T17:01:30","modified_gmt":"2024-10-24T15:01:30","slug":"wsv-schmeisst-cheftrainer-rene-klingbeil-raus","status":"publish","type":"post","link":"https:\/\/www.die-stadtzeitung.de\/index.php\/2024\/10\/18\/wsv-schmeisst-cheftrainer-rene-klingbeil-raus\/","title":{"rendered":"WSV schmei\u00dft Cheftrainer Ren\u00e9 Klingbeil raus!"},"content":{"rendered":"<div id=\"attachment_78320\" class=\"wp-caption alignnone\" style=\"max-width: 2010px;\"><img loading=\"lazy\" decoding=\"async\" class=\"size-full wp-image-78320\" src=\"\/wp-content\/uploads\/2024\/09\/Rene-Klingbeil-JC.jpg\" alt=\"\" width=\"2000\" height=\"1333\" \/><span class=\"wp-caption-text\">Ren\u00e9 Klingbeil hatte einfach kein Gl\u00fcck beim WSV &#8211; er scheitete an den hohen Erwartungen &#8211; \u00a9 Jochen Classen<\/span><\/div>\n<p>Ren\u00e9 Klingbeil hatte das Amt des Cheftrainers im Sommer dieses Jahres mit viel Elan und gro\u00dfer Motivation \u00fcbernommen. Doch dann kam alles ganz anders. Seine Bilanz ist ern\u00fcchternd: 12 Punkte und Tabellenplatz 14 nach 12 Spieltagen.<\/p>\n<p>Der ambitionierte Verein sah sich gezwungen, die Notbremse zu ziehen. In der Pressemitteilung liest sich das so: \u201eNach intensiven Gespr\u00e4chen zwischen dem Sportlichen Leiter, dem gesamten Vorstand und dem Verwaltungsratsvorsitzenden ist die Entscheidung \u00a0getroffen worden, sich von dem gl\u00fccklosen Fu\u00dfballehrer zu trennen. Ab sofort \u00fcbernehmen Thomas Richter, Vorstand Sport, und Gaetano Manno, Sportlicher Leiter, die Verantwortung f\u00fcr unsere Regionalligamannschaft. Sie werden das Team gemeinsam mit dem verbleibenden Trainerteam auf das kommende Ausw\u00e4rtsspiel in M\u00f6nchengladbach vorbereiten.\u201c<\/p>\n<div id=\"attachment_78961\" class=\"wp-caption alignnone\" style=\"max-width: 2570px;\"><img loading=\"lazy\" decoding=\"async\" class=\"size-full wp-image-78961\" src=\"\/wp-content\/uploads\/2024\/10\/Klingbeil-Bank-JC-scaled.jpg\" alt=\"\" width=\"2560\" height=\"1707\" \/><span class=\"wp-caption-text\">Ren\u00e9 Klingbeil war die Entt\u00e4uschung \u00fcber den ausbleibenden Erfolg bereits in den letzten Spielen anzumerken &#8211; \u00a9 Jochen Classen<\/span><\/div>\n<p>\u00dcber die zuk\u00fcnftige Besetzung der Cheftrainerposition will der WSV informieren, sobald es Neuigkeiten gibt. Und dann folgt in der Mitteilung des Klubs noch die in solchen F\u00e4llen \u00fcbliche Floskel: \u201eDer Wuppertaler Sportverein bedankt sich bei Rene Klingbeil f\u00fcr seine geleistete Arbeit und sein Engagement in den vergangenen Monaten. Wir w\u00fcnschen ihm f\u00fcr seine private und berufliche Zukunft alles Gute.\u201c<\/p>\n<p>Die WSV-Fans hoffen garantiert, dass die Verantwortlichen jetzt ein gl\u00fccklicheres H\u00e4ndchen bei der Auswahl des n\u00e4chsten Cheftrainers haben. Und das sollte ein Volltreffer werden!<\/p>\n<div id=\"attachment_78962\" class=\"wp-caption alignnone\" style=\"max-width: 2570px;\"><img loading=\"lazy\" decoding=\"async\" class=\"wp-image-78962 size-full\" src=\"\/wp-content\/uploads\/2024\/10\/Richter-Manno-classen-scaled.jpg\" alt=\"\" width=\"2560\" height=\"1707\" \/><span class=\"wp-caption-text\">Springen jetzt als Interimstrainer ein: Sportvorstand Thomas Richter (l.) und Sportdirektor Gaetano Manno &#8211; \u00a9 Jochen Classen<\/span><\/div>\n","protected":false},"excerpt":{"rendered":"<p>Ren\u00e9 Klingbeil ist nicht mehr Trainer des Regionalligisten Wuppertaler SV. Er ist gefeuert! Der Traditionsverein gibt in einer Pressemitteilung bekannt, dass der Cheftrainer mit sofortiger Wirkung von seinen Aufgaben freigestellt wurde.<\/p>\n","protected":false},"author":7,"featured_media":0,"comment_status":"open","ping_status":"open","sticky":false,"template":"","format":"standard","meta":{"footnotes":""},"categories":[20],"tags":[],"class_list":["post-78959","post","type-post","status-publish","format-standard","hentry","category-sport"],"publishpress_future_action":{"enabled":false,"date":"2026-05-06 11:04:49","action":"change-status","newStatus":"draft","terms":[],"taxonomy":"category","extraData":[]},"publishpress_future_workflow_manual_trigger":{"enabledWorkflows":[]},"_links":{"self":[{"href":"https:\/\/www.die-stadtzeitung.de\/index.php\/wp-json\/wp\/v2\/posts\/78959","targetHints":{"allow":["GET"]}}],"collection":[{"href":"https:\/\/www.die-stadtzeitung.de\/index.php\/wp-json\/wp\/v2\/posts"}],"about":[{"href":"https:\/\/www.die-stadtzeitung.de\/index.php\/wp-json\/wp\/v2\/types\/post"}],"author":[{"embeddable":true,"href":"https:\/\/www.die-stadtzeitung.de\/index.php\/wp-json\/wp\/v2\/users\/7"}],"replies":[{"embeddable":true,"href":"https:\/\/www.die-stadtzeitung.de\/index.php\/wp-json\/wp\/v2\/comments?post=78959"}],"version-history":[{"count":2,"href":"https:\/\/www.die-stadtzeitung.de\/index.php\/wp-json\/wp\/v2\/posts\/78959\/revisions"}],"predecessor-version":[{"id":78964,"href":"https:\/\/www.die-stadtzeitung.de\/index.php\/wp-json\/wp\/v2\/posts\/78959\/revisions\/78964"}],"wp:attachment":[{"href":"https:\/\/www.die-stadtzeitung.de\/index.php\/wp-json\/wp\/v2\/media?parent=78959"}],"wp:term":[{"taxonomy":"category","embeddable":true,"href":"https:\/\/www.die-stadtzeitung.de\/index.php\/wp-json\/wp\/v2\/categories?post=78959"},{"taxonomy":"post_tag","embeddable":true,"href":"https:\/\/www.die-stadtzeitung.de\/index.php\/wp-json\/wp\/v2\/tags?post=78959"}],"curies":[{"name":"wp","href":"https:\/\/api.w.org\/{rel}","templated":true}]}}