{"id":78842,"date":"2024-10-12T14:06:03","date_gmt":"2024-10-12T12:06:03","guid":{"rendered":"https:\/\/www.die-stadtzeitung.de\/?p=78842"},"modified":"2024-10-20T22:42:14","modified_gmt":"2024-10-20T20:42:14","slug":"beeindruckende-foto-ausstellung-im-kukuna","status":"publish","type":"post","link":"https:\/\/www.die-stadtzeitung.de\/index.php\/2024\/10\/12\/beeindruckende-foto-ausstellung-im-kukuna\/","title":{"rendered":"Beeindruckende Foto-Ausstellung im &#8222;KuKuNa&#8220;"},"content":{"rendered":"<div id=\"attachment_77116\" class=\"wp-caption alignnone\" style=\"max-width: 1473px;\"><img loading=\"lazy\" decoding=\"async\" class=\"wp-image-77116 size-full\" src=\"\/wp-content\/uploads\/2024\/08\/Charles-Petersohn-@-Anita-Muminovic.jpg\" alt=\"\" width=\"1463\" height=\"1096\" \/><span class=\"wp-caption-text\">Der Wuppertaler Musiker, Komponist, DJ Moderator und Autor Charles Petersohn &#8211; \u00a9 Anita-Muminovic<\/span><\/div>\n<p>Am Sonntag (20.10.) treffen sich Emnet Habteab und Daniel Schmitt um 15 Uhr im KuKuNa. Sie stellen Fotografien aus, die Emnet in Addis Abeba (\u00c4thiopien) und Daniel in einem Township(S\u00fcdafrika) aufgenommen haben.<\/p>\n<p>Es geht um analoge Fotografie und pers\u00f6nliche Eindr\u00fccke, sowie der Stadt (Emnet). Und um ein Solidarit\u00e4ts-Projekt einer Wuppertaler Schule in Koop mit einer GHO in einem Township und Eindr\u00fccke der Menschen, vor allem Kinder, die in einem solchen Township leben.<\/p>\n<p>Daniel Schmitt hat ein Reel mit Eindr\u00fccken aus Robben Island vorbereitet, dem Gef\u00e4ngnis, in dem Nelson Mandela inhaftiert war.<\/p>\n<p>Das wird ein besonderer Nachmittag im KuKuNa. Das Publikum ist eingeladen, mit der K\u00fcnstlerin und dem K\u00fcnstler ins Gespr\u00e4ch zu kommen.<\/p>\n<p>Wir sehen uns,<\/p>\n<p><strong>Euer Charles Petersohn<\/strong><\/p>\n<p>&nbsp;<\/p>\n<div id=\"attachment_78843\" class=\"wp-caption alignnone\" style=\"max-width: 460px;\"><img loading=\"lazy\" decoding=\"async\" class=\"wp-image-78843 size-full\" src=\"\/wp-content\/uploads\/2024\/10\/Digitale-karte-.jpg\" alt=\"\" width=\"450\" height=\"563\" \/><span class=\"wp-caption-text\">Das Plakat zur Ausstellung &#8211; \u00a9 KuKuNa<\/span><\/div>\n","protected":false},"excerpt":{"rendered":"<p>Charles Petersohn, Musiker, Komponist, DJ, Moderator, l\u00e4sst seine Fans in seiner Kolumne regelm\u00e4\u00dfig an seiner k\u00fcnstlerischen und musikalischen Gef\u00fchlswelt teilhaben. Und er macht auch auf Veranstaltungen aufmerksam, bei denen er oder seine Musik-Kolleginnen und -Kollegen f\u00fcr das coole Feeling und den Groove sorgen.<\/p>\n","protected":false},"author":7,"featured_media":0,"comment_status":"open","ping_status":"open","sticky":false,"template":"","format":"standard","meta":{"footnotes":""},"categories":[29],"tags":[],"class_list":["post-78842","post","type-post","status-publish","format-standard","hentry","category-kultur"],"publishpress_future_action":{"enabled":false,"date":"2026-05-06 11:05:03","action":"change-status","newStatus":"draft","terms":[],"taxonomy":"category","extraData":[]},"publishpress_future_workflow_manual_trigger":{"enabledWorkflows":[]},"_links":{"self":[{"href":"https:\/\/www.die-stadtzeitung.de\/index.php\/wp-json\/wp\/v2\/posts\/78842","targetHints":{"allow":["GET"]}}],"collection":[{"href":"https:\/\/www.die-stadtzeitung.de\/index.php\/wp-json\/wp\/v2\/posts"}],"about":[{"href":"https:\/\/www.die-stadtzeitung.de\/index.php\/wp-json\/wp\/v2\/types\/post"}],"author":[{"embeddable":true,"href":"https:\/\/www.die-stadtzeitung.de\/index.php\/wp-json\/wp\/v2\/users\/7"}],"replies":[{"embeddable":true,"href":"https:\/\/www.die-stadtzeitung.de\/index.php\/wp-json\/wp\/v2\/comments?post=78842"}],"version-history":[{"count":5,"href":"https:\/\/www.die-stadtzeitung.de\/index.php\/wp-json\/wp\/v2\/posts\/78842\/revisions"}],"predecessor-version":[{"id":78848,"href":"https:\/\/www.die-stadtzeitung.de\/index.php\/wp-json\/wp\/v2\/posts\/78842\/revisions\/78848"}],"wp:attachment":[{"href":"https:\/\/www.die-stadtzeitung.de\/index.php\/wp-json\/wp\/v2\/media?parent=78842"}],"wp:term":[{"taxonomy":"category","embeddable":true,"href":"https:\/\/www.die-stadtzeitung.de\/index.php\/wp-json\/wp\/v2\/categories?post=78842"},{"taxonomy":"post_tag","embeddable":true,"href":"https:\/\/www.die-stadtzeitung.de\/index.php\/wp-json\/wp\/v2\/tags?post=78842"}],"curies":[{"name":"wp","href":"https:\/\/api.w.org\/{rel}","templated":true}]}}