{"id":78636,"date":"2024-10-19T23:09:06","date_gmt":"2024-10-19T21:09:06","guid":{"rendered":"https:\/\/www.die-stadtzeitung.de\/?p=78636"},"modified":"2024-10-24T17:05:05","modified_gmt":"2024-10-24T15:05:05","slug":"mariella-ahrens-comeback-bei-gzsz-theaterpremiere","status":"publish","type":"post","link":"https:\/\/www.die-stadtzeitung.de\/index.php\/2024\/10\/19\/mariella-ahrens-comeback-bei-gzsz-theaterpremiere\/","title":{"rendered":"Mariella Ahrens: Comeback bei &#8222;GZSZ&#8220; &#038; Theaterpremiere"},"content":{"rendered":"<div id=\"attachment_59834\" class=\"wp-caption alignnone\" style=\"max-width: 2570px;\"><img loading=\"lazy\" decoding=\"async\" class=\"size-full wp-image-59834\" src=\"\/wp-content\/uploads\/2023\/01\/Lebensherbst_reportage_001_18-7-2-3-scaled.jpg\" alt=\"\" width=\"2560\" height=\"1734\" \/><span class=\"wp-caption-text\">Das Gespr\u00e4ch mit der Altenheimbewohnerin macht Mariela Ahrens sichtbar Spa\u00df &#8211; \u00a9 Petra Kr\u00f6tzsch \/ Lebensherbst e.V.<\/span><\/div>\n<p>Bereits von Folge 792 bis 837 hatte die erfolgreiche Schauspielerin ihre die Rolle an der Seite ihren Chefs und Liebhabers Prof. Dr. Dr. Hans-Joachim \u201eJo\u201c Gerner, dargestellt Wolfgang Bahro, bereits 41 Mal gespielt: \u201eIch freue \u00fcber meine R\u00fcckkehr in die Erfolgsserie. Ich bin in mehreren Folgen zu sehen und es ist gut m\u00f6glich, dass im neuen Jahr weitere dazu kommen.\u201c<\/p>\n<p>Quasi Back tot he Roots! GZSZ war f\u00fcr Mariella Ahrens der erste verhei\u00dfungsvolle Schritt in einer erfolgreiche Karriere. Einem breiten Publikum bekannt wurde sie durch ihre Hauptrolle in der ARD-Primetime-Serie \u201eEin Fall von Liebe\u201c, durch Fernsehfilme wie \u201eInga Lidstr\u00f6m: Das Herz meines Vaters\u201c, durch die Rosamunde Pilcher-Romanzen \u00a0\u201eIm Licht des Feuers\u201c und \u201eDer gestohlene Sommer\u201c oder auch durch das Biopic \u201eBeate Uhse: Das Recht auf Liebe\u201c und vieles mehr.<\/p>\n<h4>Spa\u00df auf der Theaterb\u00fchne<\/h4>\n<p>Und auch die Theaterb\u00fchne mit direktem Kontakt zum Publikum ist f\u00fcr Mariella Ahrens inzwischen eine echte Herzensangelegenheit. Ebenfalls am 25. Oktober steht sie in der Kom\u00f6die am Klosterplatz bei der Premiere des Klassikers \u201eDas Blaue vom Himmel\u201c im Scheinwerferlicht. \u201eDie traumhafte Kom\u00f6die von Eric Assous spielen wir dann mit einem tollen Ensemble bis zum 24. November. Ich bin schon voller Vorfreude\u201c, schw\u00e4rmt Mariella Ahrens. Mit ihr in Bielefeld auf der B\u00fchne stehen dann Eva Habermann, Steffen Laube, Marko Pustisek und Barbara Sava.<\/p>\n<div id=\"attachment_78640\" class=\"wp-caption alignnone\" style=\"max-width: 710px;\"><img loading=\"lazy\" decoding=\"async\" class=\"size-full wp-image-78640\" src=\"\/wp-content\/uploads\/2024\/10\/AAD_2558-Kopie-2-2-scaled-1.jpg\" alt=\"\" width=\"700\" height=\"494\" \/><span class=\"wp-caption-text\">Mariella Ahrens mit Marko Pustisek (l.) und Martin Semmelrogge &#8211; \u00a9 Anna Dylla \/ Theater an der K\u00f6<\/span><\/div>\n<p>Und im n\u00e4chsten Jahr hat der sozial sehr stark engagierte TV-Star den n\u00e4chsten Grund zum Feiern. Dann \u00a0besteht der von ihr gegr\u00fcndete Charity-Verein \u201eLebensherbst e.V.\u201c 20 Jahre. Der gemeinn\u00fctzige Verein, dessen Schirmherrin und 1. Vorsitzende sie ist, erf\u00fcllt in Kooperation mit \u00fcber 50 Pflegeeinrichtungen in ganz Deutschland alten und kranken Menschen Herzensw\u00fcnsche, sorgt f\u00fcr Unterhaltung, Feste und Abwechslung im Alltag der alten Menschen, richtet in vielen St\u00e4dten Senioren-Treffpunkte ein.<\/p>\n<p>Mariella Ahrens selbst opfert sehr viel Freizeit f\u00fcr ihr Herzensprojekt. Wenn Sie ihre Arbeit und die ihres hochmotivierten Teams unterst\u00fctzen wollen, sind Sie herzlich willkommen. Das Spendenkonto finden Sie weiter unten. Doch warum liegen ihr gerade einsame, \u00e4ltere Menschen ganz besonders am Herzen?<\/p>\n<h4>Ein Herz f\u00fcr alte Menschen<\/h4>\n<p>Mariella Ahrens: \u201eDie Senioren haben mit ihrer Arbeit die Grundlage f\u00fcr unser heutiges Leben und f\u00fcr unseren heutigen Wohlstand geschaffen. Viele von ihnen waren aber selbst nicht in der Lage, R\u00fccklagen zu bilden. Und da helfe ich gerne, weil das auch eine M\u00f6glichkeit ist, den Senioren etwas zur\u00fcck zu geben, wof\u00fcr sie in Vorleistung getreten sind. Sie haben den Krieg erlebt, zum Teil ihre M\u00e4nner, Kinder, Verwandte und Freunde verloren und dennoch das Land wieder aufgebaut. Ihnen sind wir als j\u00fcngere Generation etwas schuldig.\u201c Klare Worte einer prominenten Frau mit einem gro\u00dfen Herzen.<\/p>\n<p><strong>Text Peter Pionke<\/strong><\/p>\n<div id=\"attachment_78641\" class=\"wp-caption alignnone\" style=\"max-width: 710px;\"><img loading=\"lazy\" decoding=\"async\" class=\"size-full wp-image-78641\" src=\"\/wp-content\/uploads\/2024\/10\/IMG_3898_a-3-scaled-1.jpg\" alt=\"\" width=\"700\" height=\"454\" \/><span class=\"wp-caption-text\">Die Schauspielerin &amp; Moderatorin Mariella Ahrens im Gespr\u00e4ch mit dem Essener Sternekoch und S\u00e4nger Nelson M\u00fcller\u00a0 &#8211; \u00a9 Dirk Sengotta<\/span><\/div>\n<h4>VITA Mariella Ahrens<\/h4>\n<p>Die deutsche Schauspielerin, Moderatorin und Schauspiel-Lehrerin Mariella Ahrens wurde am 02.04.1969 in Leningrad (Ex-Sowjetunion) geboren.<\/p>\n<p>Sie ist Tochter eines deutschen Computerspezialisten und einer bulgarischen\u00a0Augen\u00e4rztin. Ihre ersten Lebensjahre verbrachte sie in Bulgarien. 1974 zog sie mit ihren Eltern nach Berlin-Friedrichshain in der ehemaligen DDR.<\/p>\n<p>Ihre Ausbildung als Schauspielerin absolvierte Mariella Ahrens an der von Fritz Kirchhoff gegr\u00fcndeten Schauspielschule \u201eDer Kreis\u201c in Berlin.\u00a0Erste Auftritte auf der B\u00fchne hatte sie im \u201eKleinen Theater\u201c im \u201eHaus der jungen Talente\u201c in Berlin. 1999\u00a0\u00a0brachte sie ihre Tochter Isabella Maria zur Welt. Vater ist der Anlageberater Dragan Banic. Tochter Lucia wurde im M\u00e4rz 2007 geboren. Sie stammt aus Mariellas Ehe mit Patrick Graf von Faber-Castell.<\/p>\n<div id=\"attachment_56594\" class=\"wp-caption alignnone\" style=\"max-width: 631px;\"><img loading=\"lazy\" decoding=\"async\" class=\"size-full wp-image-56594\" src=\"\/wp-content\/uploads\/2022\/11\/AAD_2601-2-1024x823-2.jpeg\" alt=\"\" width=\"621\" height=\"488\" \/><span class=\"wp-caption-text\">Mariella Ahrens gl\u00e4nzte in der Rolle der &#8222;Katja&#8220; im Theaterst\u00fcck &#8222;Das Abschiedsdinner&#8220; im Theater an der K\u00f6\u00a0 &#8211; \u00a9 Anna Dylla<\/span><\/div>\n<p>Mariella Ahrens lebt in Berlin. Sie lehrt Filmschauspiel an der Filmschauspielschule Berlin. Neben ihrer Karriere als Film- und Theater-Schauspielerin ist sie als zudem als Moderatorin und Kamera-Coach t\u00e4tig.<\/p>\n<p>Die K\u00fcnstlerin ist Gr\u00fcnderin, Schirmherrin\u00a0und 1. Vorsitzende von \u201eLebensherbst e.\u00a0V\u201c. Der Verein unterst\u00fctzt seit 2005 Bewohnerinnen und Bewohner von Altenheimen auf vielf\u00e4ltige Weise.<\/p>\n<p>Filmografie\u00a0(Ausz\u00fcge): Mariella Ahrens spielte in bislang \u00a041 Folgen der RTL-Serie \u201eGute Zeiten, schlechte Zeiten\u201c mit \u2013 sowie in 49 Episoden der Serie \u201eOP ruft Dr. Bruckner\u201c. (RTL) \u2013 Polizeiruf 110 (Folgen \u201eHei\u00dfkalte Liebe\u201c \u00a0\u2013 \u201eFliegende Holl\u00e4nder\u201c (ARD) \u2013 Edgar Wallace: Die unheimlichen Briefe \u2013 \u201eDer Bergdoktor\u201c (ZDF \u2013 7 Folgen) \u2013 Utta Danella: Pl\u00f6tzlich ist es Liebe \u2013 ARD-Serie \u201eEin Fall von Liebe \u201c mit Francis Dalton-Smith (16 Episoden) \u2013 Inga Lidstr\u00f6m: \u201eDas Herz meines Vaters\u201c \u2013 \u201eBeate Uhse: Das Recht auf Liebe\u201c \u2013 \u00a0Rosamunde Pilcher: \u201eIm Licht des Feuers\u201c \u2013 \u201eDer gestohlene Sommer\u201c.<\/p>\n<p>Theater (u.a.): \u201eMirandolina\u201c \u2013 \u201eDas Abschiedsdinner\u201c \u2013 \u201eDas Blaue vom Himmel\u201c.<\/p>\n<p><strong>Link zur Webseite von Mariella Ahrens:\u00a0<\/strong><\/p>\n<p><a href=\"http:\/\/www.mariella-ahrens.de\/\">http:\/\/www.mariella-ahrens.de<\/a><\/p>\n<h3>Hier k\u00f6nnen Sie spenden:<\/h3>\n<p><strong>Spendenkonto<\/strong><\/p>\n<h4>LEBENSHERBST e.V.<\/h4>\n<p>IBAN:DE70 1002 0500 0001 1434 00<\/p>\n<p>BIC: BFSWDE33BER<\/p>\n<p>Bank f\u00fcr Sozialwirtschaft e.V.<\/p>\n<p><strong>Link zur Webseite des Vereins &#8222;Lebensherbst e.V.&#8220;<\/strong><\/p>\n<p><a href=\"http:\/\/www.lebensherbst.de\">www.lebensherbst.de<\/a><\/p>\n<p>&nbsp;<\/p>\n<p>Kom\u00f6die am Klosterplatz \u2013 Ritterstr. 1 \u2013 33602 Bielefeld<\/p>\n<p><a href=\"http:\/\/www.komoedie-am-klosterplatz.de\">http:\/\/www.komoedie-am-klosterplatz.de<\/a><\/p>\n","protected":false},"excerpt":{"rendered":"<p>Auf dieses Comeback haben die Fans der RTL-Langzeit-Serie \u201eGute Zeiten, schlechte Zeiten\u201c (GZSZ) lange gewartet. Am 25. Oktober kehrt Mariella Ahrens in Folge 8.134 als Psychologin Elinor Schwarz in den TV-Dauerbrenner zur\u00fcck. Und dann steht auch noch eine Theater-Premiere in ihrem Terminkalender. <\/p>\n","protected":false},"author":7,"featured_media":0,"comment_status":"open","ping_status":"open","sticky":false,"template":"","format":"standard","meta":{"footnotes":""},"categories":[25],"tags":[],"class_list":["post-78636","post","type-post","status-publish","format-standard","hentry","category-lifestyle"],"publishpress_future_action":{"enabled":false,"date":"2026-05-09 02:16:24","action":"change-status","newStatus":"draft","terms":[],"taxonomy":"category","extraData":[]},"publishpress_future_workflow_manual_trigger":{"enabledWorkflows":[]},"_links":{"self":[{"href":"https:\/\/www.die-stadtzeitung.de\/index.php\/wp-json\/wp\/v2\/posts\/78636","targetHints":{"allow":["GET"]}}],"collection":[{"href":"https:\/\/www.die-stadtzeitung.de\/index.php\/wp-json\/wp\/v2\/posts"}],"about":[{"href":"https:\/\/www.die-stadtzeitung.de\/index.php\/wp-json\/wp\/v2\/types\/post"}],"author":[{"embeddable":true,"href":"https:\/\/www.die-stadtzeitung.de\/index.php\/wp-json\/wp\/v2\/users\/7"}],"replies":[{"embeddable":true,"href":"https:\/\/www.die-stadtzeitung.de\/index.php\/wp-json\/wp\/v2\/comments?post=78636"}],"version-history":[{"count":5,"href":"https:\/\/www.die-stadtzeitung.de\/index.php\/wp-json\/wp\/v2\/posts\/78636\/revisions"}],"predecessor-version":[{"id":78644,"href":"https:\/\/www.die-stadtzeitung.de\/index.php\/wp-json\/wp\/v2\/posts\/78636\/revisions\/78644"}],"wp:attachment":[{"href":"https:\/\/www.die-stadtzeitung.de\/index.php\/wp-json\/wp\/v2\/media?parent=78636"}],"wp:term":[{"taxonomy":"category","embeddable":true,"href":"https:\/\/www.die-stadtzeitung.de\/index.php\/wp-json\/wp\/v2\/categories?post=78636"},{"taxonomy":"post_tag","embeddable":true,"href":"https:\/\/www.die-stadtzeitung.de\/index.php\/wp-json\/wp\/v2\/tags?post=78636"}],"curies":[{"name":"wp","href":"https:\/\/api.w.org\/{rel}","templated":true}]}}