{"id":78616,"date":"2024-10-04T13:03:18","date_gmt":"2024-10-04T11:03:18","guid":{"rendered":"https:\/\/www.die-stadtzeitung.de\/?p=78616"},"modified":"2024-10-11T11:18:06","modified_gmt":"2024-10-11T09:18:06","slug":"das-drama-moby-dick-aus-neuem-blickwinkel","status":"publish","type":"post","link":"https:\/\/www.die-stadtzeitung.de\/index.php\/2024\/10\/04\/das-drama-moby-dick-aus-neuem-blickwinkel\/","title":{"rendered":"Das Drama &#8222;Moby Dick&#8220; aus neuem Blickwinkel"},"content":{"rendered":"<div id=\"attachment_78622\" class=\"wp-caption alignnone\" style=\"max-width: 545px;\"><img loading=\"lazy\" decoding=\"async\" class=\"wp-image-78622 size-full\" src=\"\/wp-content\/uploads\/2024\/10\/internet_113397.jpg\" alt=\"\" width=\"535\" height=\"497\" \/><span class=\"wp-caption-text\">Inszenieren die Geschichte von &#8222;Moby Dick&#8220; neu: Christiane Gibiec und Camilla Jacob &#8211; \u00a9 privat<\/span><\/div>\n<p>Sie verstehen &#8222;Moby Dick&#8220; als Gleichnis f\u00fcr den Raubbau des Menschen an den nat\u00fcrlichen Ressourcen der Meere und die Bedrohung der Wale.<\/p>\n<p>Ihre neue Inszenierung von \u201eMoby Dick\u201c mit Musik und Kl\u00e4ngen erz\u00e4hlt die Geschichte aus der Perspektive einer ehemaligen Kapit\u00e4nsfrau, die sich an vergangene Walfangfahrten erinnert. Camilla Jacob (Schauspiel, Dramturgie) und Christiane Gibiec (Autorin, Dramaturgie) f\u00fchren den Text zu einem selbstkomponierten Soundtrack aus Meereskl\u00e4ngen, Walges\u00e4ngen und klassischer Musik(Cello, Loop-Station)\u00a0 von Magdalena Wolf auf. Die Premiere findet am 21.10. (18 Uhr) in \u201eder b\u00f6rse\u201c statt.<\/p>\n<h4><strong>\u00dcber Christiane Gibiec (Autorin)<\/strong><\/h4>\n<p>Die Autorin Christiane Gibiec hat zahlreiche Romane und Sachb\u00fccher ver\u00f6ffentlicht und hatte einen Lehrauftrag an der Bergischen Universit\u00e4t f\u00fcr \u201ecreative writing\u201c. Sie hat langj\u00e4hrige Erfahrungen in der Literaturvermittlung, sei es durch die Rezitation eigener Werke oder insierung von zenierte Lesungen mit SchauspielerInnen, beispielsweise ihres Klassikers \u201eT\u00fcrkischrot\u201c. Ebenso hat sie vielf\u00e4ltige Erfahrungen in der Leitung von Schreibwerkst\u00e4tten f\u00fcr Erwachsene und Schulklassen. Gibiec hat mehrere Dokumentarfilme gedreht, u.a. \u201eDas Tanztheater der Pina Bausch\u201c. (<a href=\"http:\/\/www.cgibiec.de\">www.cgibiec.de<\/a>)<\/p>\n<div id=\"attachment_78623\" class=\"wp-caption alignnone\" style=\"max-width: 310px;\"><img loading=\"lazy\" decoding=\"async\" class=\"wp-image-78623 size-full\" src=\"\/wp-content\/uploads\/2024\/10\/internet_113397-Kopie-Kopie.jpg\" alt=\"\" width=\"300\" height=\"193\" \/><span class=\"wp-caption-text\">Christiane Gibiec &#8211; \u00a9 privat<\/span><\/div>\n<h4><strong>Camilla Jacob (Schauspiel) <\/strong><\/h4>\n<p>Camilla Jacob geboren am 12. August 1989 in Hannover als Camilla Nowogrodzki ist eine deutsche Schauspielerin, die in Polen und Deutschland aufgewachsen ist. Sie absolvierte das Schauspielstudium an der Hochschule f\u00fcr Musik und Theater Rostock. W\u00e4hrend der Ausbildung spielte sie am Volkstheater Rostock, am Mecklenburgischen Staatstheater Schwerin und im Maxim-Gorki-Theater Berlin. 2012 bekam sie den ersten Preis im hochschulinternen Wettbewerb \u201eHMT-Interdisziplin\u00e4r\u201c f\u00fcr den selbst inszenierten und dramaturgisch bearbeiteten \u201aWoyzeck\u2018 von Georg B\u00fcchner. Nach ihrem Abschluss war sie am Vorarlberger Landestheater in Bregenz (\u00d6sterreich) engagiert, wo sie 2016 den Preis ASSISTEJ (Stella-Darstellender-Kunst-Preis f\u00fcr junges Publikum) f\u00fcr die Produktion \u201eAn der Arche um Acht\u201c erhielt.<\/p>\n<p>Sie spielte au\u00dferdem in der amerikanischen Serie \u201eBerlin Station\u201c an der Seite von Mina Tander die Rolle der \u201eCrystal\u201c unter der Regie von John David Coles (\u201eThe Tourist\u201c \u2013 \u201eHouse of Cards\u201c) und in der Folge \u201eLeonessa\u201c des \u201eTatort Ludwigshafen\u201c (Regie Connie Walther) \u00a0war sie neben \u201eKommissarin Lena Odenthal\u201c (Ulrike Folkerts) als \u201eCornelia Michel\u201c zu sehen.<\/p>\n<div id=\"attachment_78624\" class=\"wp-caption alignnone\" style=\"max-width: 360px;\"><img loading=\"lazy\" decoding=\"async\" class=\"wp-image-78624 size-full\" src=\"\/wp-content\/uploads\/2024\/10\/internet_113397-Kopie.jpg\" alt=\"\" width=\"350\" height=\"212\" \/><span class=\"wp-caption-text\">Camilla Jacob &#8211; \u00a9 privat<\/span><\/div>\n<p>In Wuppertal arbeitet sie freiberuflich, wo sie unter anderem in ihrer eigenen Produktion \u201eAll das Sch\u00f6ne &#8211; Frauenstimmen\u2018\u201c im B\u00fcrgerbahnhof Vohwinkel oder in der Produktion \u201eDie Antwort auf alles\u201c in der Regie von Julia Wolff (Schauspiel Wuppertal) in der INSEL auftrat. \u201eMoby Dick \u2013 eine neu inszenierte performative Lesung\u201c ist ihre dritte freie Produktion, die in der b\u00f6rse in Wuppertal uraufgef\u00fchrt wird. <a href=\"http:\/\/www.camilla-jacob.de\">http:\/\/www.camilla-jacob.de<\/a><\/p>\n<h4><strong>Magdalena Wolf (Cello)<\/strong><\/h4>\n<p>Magdalena Wolf, geboren in Paderborn, erhielt ihren ersten Cello-Unterricht im Alter von sieben Jahren bei Claus H\u00fctterott. Ihrem Diplomstudium an den Hochschulen M\u00fcnster und Budapest schlie\u00dft sie derzeit ein Masterstudium an der Hochschule f\u00fcr Musik und Tanz K\u00f6ln, Abteilung Aachen, bei Prof. Hans-Christian Schweiker an. Sie besuchte Meisterkurse u.a. bei P. Bruns, W. E. Schmidt und W. Boettcher und spielte Kammermusik zusammen mit Musikern wie M. Kirschnereit, J. ter Linden und R. Lotter. Magdalena Wolf ist seit 2015 Mitglied des K\u00f6lner Kammerorchesters, au\u00dferdem spielte sie als Praktikantin bei den Bochumer Symphonikern, bevor sie 2018 zum Sinfonieorchester Wuppertal kam. Magdalena Wolf war Stipendiatin von \u201eLive Music Now K\u00f6ln e.V.\u201c und der \u203aVilla Musica Kammermusikstiftung Rheinland-Pfalz\u2039. Zuletzt wurde sie durch ein Deutschlandstipendium der HfMT K\u00f6ln gef\u00f6rdert.<\/p>\n<p>Sowohl solistisch wie auch kammermusikalisch trat sie in diversen Konzertreihen und Festivals auf; zuletzt spielte sie als Solistin das Cellokonzert von Witold Lutoslawski unter Maestro Roberto Benzi im Rahmen eines internationalen Hochschulorchesterprojekts in Br\u00fcssel, Maastricht und K\u00f6ln.<\/p>\n<p>Mit Camilla Jacob arbeitete sie bereits im Rahmen des k\u00fcnstlerischen Projektes \u201eAll das Sch\u00f6ne \u2013 Frauenstimmen\u201c, in dem sie die musikalische Begleitung und Komposition \u00fcbernahm. Sie spielt ein Cello von B. Zanders, 2018, das ihr leihweise von Accordate Aachen e. V. zur Verf\u00fcgung gestellt wird.<\/p>\n<p><img loading=\"lazy\" decoding=\"async\" class=\"alignnone size-full wp-image-78621\" src=\"\/wp-content\/uploads\/2024\/10\/image.jpg\" alt=\"\" width=\"450\" height=\"450\" \/><\/p>\n<p><strong>Termine<\/strong><\/p>\n<h4>MOBY DICK (Herman Melville)<\/h4>\n<p><strong>Neu inszenierte Lesung mit Musik &amp; Kl\u00e4ngen<\/strong><\/p>\n<p>Camilla Jacob &#8211; Christian Gibiec &#8211; Magdalena Wolf<\/p>\n<p><strong>Premiere:<\/strong> Sonntag &#8211; 27.10.2024 &#8211; 18:00 Uhr<\/p>\n<p><strong>Weitere Vorstellung:<\/strong>\u00a0 Mittwoch &#8211; 06.11.2024 &#8211; 19:00 Uhr<\/p>\n<p>&#8222;die b\u00f6rse&#8220; &#8211; Wolkenburg 100 &#8211; 42119 Wuppertal<\/p>\n<p><a href=\"http:\/\/www.dieboerse-wtal.de\">http:\/\/www.dieboerse-wtal.de<\/a><\/p>\n<p><strong>Tickets<\/strong> unter\u00a0\u00a0<a href=\"http:\/\/www.wuppertal-live.de\">http:\/\/www.wuppertal-live.de<\/a><\/p>\n<p><img loading=\"lazy\" decoding=\"async\" class=\"alignnone size-full wp-image-78620\" src=\"\/wp-content\/uploads\/2024\/10\/Forum-Maximum.jpg\" alt=\"\" width=\"350\" height=\"365\" \/><\/p>\n","protected":false},"excerpt":{"rendered":"<p>\u201eMoby Dick\u201c, der 1851 in London erschienene Literatur-Klassiker von Schriftsteller Herman Melville (1819 &#8211; 1891) beschreibt spannend die verbissene Jagd von Kapit\u00e4n Ahab auf das vermeintliche Meeresunget\u00fcm, den ber\u00fchmten wei\u00dfen Wal. Die Wuppertaler K\u00fcnstlerinnen Camilla Jacob (Schauspiel \u2013 Dramaturgie) und Christiane Gibiec (Autorin \u2013 Dramaturgie) betrachten die dramatische Story aus einem anderen Blickwinkel.\u00a0<\/p>\n","protected":false},"author":7,"featured_media":0,"comment_status":"open","ping_status":"open","sticky":false,"template":"","format":"standard","meta":{"footnotes":""},"categories":[29],"tags":[],"class_list":["post-78616","post","type-post","status-publish","format-standard","hentry","category-kultur"],"publishpress_future_action":{"enabled":false,"date":"2026-05-08 19:27:35","action":"change-status","newStatus":"draft","terms":[],"taxonomy":"category","extraData":[]},"publishpress_future_workflow_manual_trigger":{"enabledWorkflows":[]},"_links":{"self":[{"href":"https:\/\/www.die-stadtzeitung.de\/index.php\/wp-json\/wp\/v2\/posts\/78616","targetHints":{"allow":["GET"]}}],"collection":[{"href":"https:\/\/www.die-stadtzeitung.de\/index.php\/wp-json\/wp\/v2\/posts"}],"about":[{"href":"https:\/\/www.die-stadtzeitung.de\/index.php\/wp-json\/wp\/v2\/types\/post"}],"author":[{"embeddable":true,"href":"https:\/\/www.die-stadtzeitung.de\/index.php\/wp-json\/wp\/v2\/users\/7"}],"replies":[{"embeddable":true,"href":"https:\/\/www.die-stadtzeitung.de\/index.php\/wp-json\/wp\/v2\/comments?post=78616"}],"version-history":[{"count":3,"href":"https:\/\/www.die-stadtzeitung.de\/index.php\/wp-json\/wp\/v2\/posts\/78616\/revisions"}],"predecessor-version":[{"id":78625,"href":"https:\/\/www.die-stadtzeitung.de\/index.php\/wp-json\/wp\/v2\/posts\/78616\/revisions\/78625"}],"wp:attachment":[{"href":"https:\/\/www.die-stadtzeitung.de\/index.php\/wp-json\/wp\/v2\/media?parent=78616"}],"wp:term":[{"taxonomy":"category","embeddable":true,"href":"https:\/\/www.die-stadtzeitung.de\/index.php\/wp-json\/wp\/v2\/categories?post=78616"},{"taxonomy":"post_tag","embeddable":true,"href":"https:\/\/www.die-stadtzeitung.de\/index.php\/wp-json\/wp\/v2\/tags?post=78616"}],"curies":[{"name":"wp","href":"https:\/\/api.w.org\/{rel}","templated":true}]}}