{"id":78494,"date":"2024-10-02T09:14:09","date_gmt":"2024-10-02T07:14:09","guid":{"rendered":"https:\/\/www.die-stadtzeitung.de\/?p=78494"},"modified":"2024-10-06T16:42:26","modified_gmt":"2024-10-06T14:42:26","slug":"paukenschlag-beim-orchester-hahn-verlaengert-vertrag-nicht","status":"publish","type":"post","link":"https:\/\/www.die-stadtzeitung.de\/index.php\/2024\/10\/02\/paukenschlag-beim-orchester-hahn-verlaengert-vertrag-nicht\/","title":{"rendered":"Paukenschlag beim Orchester: Hahn verl\u00e4ngert Vertrag nicht"},"content":{"rendered":"<div id=\"attachment_44207\" class=\"wp-caption alignnone\" style=\"max-width: 2570px;\"><img loading=\"lazy\" decoding=\"async\" class=\"size-full wp-image-44207\" src=\"\/wp-content\/uploads\/2021\/12\/Patrick-Hahn_Sinfonieorchester-Wuppertal-c-Uwe-Schinkel-scaled.jpg\" alt=\"\" width=\"2560\" height=\"1703\" \/><span class=\"wp-caption-text\">Generalmusikdirektor Patrick Hahn steht nur noch bis Mitte 2026 in Wuppertal am Dirigenten-Pult &#8211; \u00a9 Uwe Schinkel<\/span><\/div>\n<p>Inzwischen wurde eine Findungskommission zur Neubesetzung des Amtes durch den Aufsichtsrat der Wuppertaler B\u00fchnen und Sinfonieorchester GmbH eingesetzt.<\/p>\n<p>Patrick Hahn war zur Spielzeit 2021\/22 als j\u00fcngster Generalmusikdirektor im deutschsprachigen Raum nach Wuppertal gekommen und sollte eine \u00c4ra pr\u00e4gen. 2022 verl\u00e4ngerte der \u00f6sterreichische Dirigent seinen urspr\u00fcnglichen Dreijahresvertrag vorzeitig.<\/p>\n<p>Wuppertaler Musik-Fans konnten ihn sowohl mit innovativen Konzertprogrammen als auch am Opernpult zu erleben. Seine durchaus erfolgreiche Arbeit will Patrick Hahn \u00a0in den kommenden knapp zwei Jahren seiner restlichen Vertragslaufzeit fortsetzen.<\/p>\n<h4>&#8222;Zusammenarbeit mit fantastischen K\u00fcnstlerinnen und K\u00fcnstlern&#8220;<\/h4>\n<p>\u201eIch habe meine Zusammenarbeit mit den fantastischen K\u00fcnstlerinnen und K\u00fcnstlern aus Sinfonieorchester und Oper in den vergangenen Spielzeiten sehr genossen und freue mich auf zwei weitere Jahre mit vielen begl\u00fcckenden musikalischen Momenten in Wuppertal. Auch Stadt und Publikum haben mich mit offenen Armen empfangen, wof\u00fcr ich sehr dankbar bin und was mich bis heute inspiriert. Diese Inspiration werde ich immer mit mir tragen, wenn ich in zwei Jahren neue Wege einschlage\u201c, erkl\u00e4rt der 2026 scheidende Generalmusikdirektor.<\/p>\n<div id=\"attachment_40932\" class=\"wp-caption alignnone\" style=\"max-width: 1633px;\"><img loading=\"lazy\" decoding=\"async\" class=\"size-full wp-image-40932\" src=\"\/wp-content\/uploads\/2021\/09\/Patrick-Hahn-\u00a9-Gerhard-Donauer_CG-Pictures_pr-2.jpg\" alt=\"\" width=\"1623\" height=\"1169\" \/><span class=\"wp-caption-text\">Der Wuppertaler Generalmusikdirektor Patrick Hahn -\u00a9 Gerhard Donauer<\/span><\/div>\n<p>Der Aufsichtsrat der Wuppertaler B\u00fchnen und Sinfonieorchester GmbH hat unmittelbar nach Bekanntwerden der Entscheidung des Generalmusikdirektors eine 13k\u00f6pfige Findungskommission berufen, um Empfehlungen f\u00fcr dessen Nachfolge zu erarbeiten. Die Findungskommission setzt sich aus Mitgliedern des Aufsichtsrats, Arbeitnehmervertreten, Mitgliedern des Orchestervorstandes sowie der Freundeskreise und einiger Expertinnen und Experten zusammen.<\/p>\n<p>Kulturdezernent Matthias Nocke kommentiert den Weggang von Patrick Hahn so: \u00a0\u201eDie Stadt und ihr Orchester sind sehr gl\u00fccklich dar\u00fcber, dass Patrick Hahn ein halbes Jahrzehnt lang als Generalmusikdirektor in Wuppertal gearbeitet hat. Sein gro\u00dfartiges Wirken mit dem Wuppertaler Sinfonieorchester, seine frischen Ideen und sein au\u00dfergew\u00f6hnliches Talent konnten sich in der Historischen Stadthalle und dem Opernhaus entfalten.\u201c<\/p>\n<h4>Lobeshymnen f\u00fcr den scheidenden Generalmusikdirektor<\/h4>\n<p>Matthias Nockes Lobeshymne geht noch weiter: \u201eMusikalische H\u00f6hepunkte, internationales Renommee, seine Kreisler-Abende, seine Impulse in der Theaterleitung und sein gro\u00dfer Charme haben die Musikstadt Wuppertal bereichert. Wir freuen uns, ihn noch bis zu den \u00fcbern\u00e4chsten Orchester- und Theaterferien bei uns zu haben.\u201c<\/p>\n<p>Warme Worte auch von Aufsichtsratsvorsitzende Karin van der Most: \u201eWir blicken mit gro\u00dfer Dankbarkeit auf die \u00e4u\u00dferst erfolgreiche Zeit von Patrick Hahn als Generalmusikdirektor in unserer Stadt zur\u00fcck. Er ist ein wahrer Gewinn f\u00fcr die Wuppertaler B\u00fchnen, das Sinfonieorchester und die gesamte Stadt. Neben seiner Leidenschaft f\u00fcr klassische Musik begeistert er sein Publikum mit am\u00fcsanten Chansons des Kabarettisten Georg Kreisler und publikumsnahen Konzertformaten wie \u201aSinfonieorchester hautnah\u2018. Auch diese Konzerte sind ein echter Genuss.\u00ab<\/p>\n<p>Man darf gespannt sein, wer 2026 Nachfolgerin oder Nachfolger des jungen Senkrechtstarters wird.<\/p>\n<p><strong>Link zur Webseite der WUPPERTALER B\u00dcHNEN:<\/strong><\/p>\n<p><a href=\"http:\/\/www.wuppertaler-buehnen.de\">http:\/\/www.wuppertaler-buehnen.de<\/a><\/p>\n","protected":false},"excerpt":{"rendered":"<p>Paukenschlag beim Sinfonieorchester! Wuppertaler muss sich schon wieder einen neuen Generalmusikdirektor suchen: Patrick Hahn will seinen 2026 auslaufenden Vertrag nicht verl\u00e4ngern. Damit endet seine Amtszeit mit dem Ende der Spielzeit 2025\/26.<\/p>\n","protected":false},"author":7,"featured_media":0,"comment_status":"open","ping_status":"open","sticky":false,"template":"","format":"standard","meta":{"footnotes":""},"categories":[29],"tags":[],"class_list":["post-78494","post","type-post","status-publish","format-standard","hentry","category-kultur"],"publishpress_future_action":{"enabled":false,"date":"2026-05-07 04:43:09","action":"change-status","newStatus":"draft","terms":[],"taxonomy":"category","extraData":[]},"publishpress_future_workflow_manual_trigger":{"enabledWorkflows":[]},"_links":{"self":[{"href":"https:\/\/www.die-stadtzeitung.de\/index.php\/wp-json\/wp\/v2\/posts\/78494","targetHints":{"allow":["GET"]}}],"collection":[{"href":"https:\/\/www.die-stadtzeitung.de\/index.php\/wp-json\/wp\/v2\/posts"}],"about":[{"href":"https:\/\/www.die-stadtzeitung.de\/index.php\/wp-json\/wp\/v2\/types\/post"}],"author":[{"embeddable":true,"href":"https:\/\/www.die-stadtzeitung.de\/index.php\/wp-json\/wp\/v2\/users\/7"}],"replies":[{"embeddable":true,"href":"https:\/\/www.die-stadtzeitung.de\/index.php\/wp-json\/wp\/v2\/comments?post=78494"}],"version-history":[{"count":2,"href":"https:\/\/www.die-stadtzeitung.de\/index.php\/wp-json\/wp\/v2\/posts\/78494\/revisions"}],"predecessor-version":[{"id":78497,"href":"https:\/\/www.die-stadtzeitung.de\/index.php\/wp-json\/wp\/v2\/posts\/78494\/revisions\/78497"}],"wp:attachment":[{"href":"https:\/\/www.die-stadtzeitung.de\/index.php\/wp-json\/wp\/v2\/media?parent=78494"}],"wp:term":[{"taxonomy":"category","embeddable":true,"href":"https:\/\/www.die-stadtzeitung.de\/index.php\/wp-json\/wp\/v2\/categories?post=78494"},{"taxonomy":"post_tag","embeddable":true,"href":"https:\/\/www.die-stadtzeitung.de\/index.php\/wp-json\/wp\/v2\/tags?post=78494"}],"curies":[{"name":"wp","href":"https:\/\/api.w.org\/{rel}","templated":true}]}}