{"id":78433,"date":"2024-10-01T14:06:36","date_gmt":"2024-10-01T12:06:36","guid":{"rendered":"https:\/\/www.die-stadtzeitung.de\/?p=78433"},"modified":"2024-10-01T14:06:36","modified_gmt":"2024-10-01T12:06:36","slug":"charles-petersohn-verspricht-getanzt-wird-ueberall","status":"publish","type":"post","link":"https:\/\/www.die-stadtzeitung.de\/index.php\/2024\/10\/01\/charles-petersohn-verspricht-getanzt-wird-ueberall\/","title":{"rendered":"Charles Petersohn verspricht: Getanzt wird \u00fcberall"},"content":{"rendered":"<div id=\"attachment_43782\" class=\"wp-caption alignnone\" style=\"max-width: 2570px;\"><img loading=\"lazy\" decoding=\"async\" class=\"size-full wp-image-43782\" src=\"\/wp-content\/uploads\/2021\/11\/charles.petersohn-osswald-fotografie-2-scaled.jpg\" alt=\"\" width=\"2560\" height=\"1801\" \/><span class=\"wp-caption-text\">Vielseitigkeit in Person: Der Musiker, Komponist, DJ und Moderator Charles Petersohn &#8211; \u00a9 Bettina Osswald<\/span><\/div>\n<p>\u201eHeute mal ein Aufruf f\u00fcr die Freunde vom\u00a0Pina Bausch Zentrum! Seit August l\u00e4uft das Festival <a href=\"https:\/\/under-construction-wuppertal.de\/events\/okt-2024\/ich-kanns-nicht-lassen\">FRAGILE <\/a>mit K\u00fcnstler: innen aus Wuppertal bis zum Senegal.\u00a0Heute und Morgen sind die\u00a0TANZKOMPLIZEN zu Gast an der Kluse.<\/p>\n<p>\u201eICH KANN&#8217;S NICHT LASSEN\u201c hei\u00dft das Spektakel mit diversen T\u00e4nzen aus Street- und Breakdance. Besonders Mittwoch (02.10.) w\u00e4re die Teilnahme von Sch\u00fclerinnen und Sch\u00fclern sehr interessant. Falls m\u00f6glich, entscheidet euch kurzfristig und lasst eure Kids\u00a0an dieser partizipativen Performance teilhaben. Vorstellung heute (01.10. &#8211; 19:30 Uhr). Mittwoch (02.10. \u2013 11 u. 18 Uhr). Die T\u00e4nzer: innen bringen ihre pers\u00f6nliche Geschichte und Visionen auf die B\u00fchne. Beteiligt Euch daran!<\/p>\n<p>Auch im IBZ wird getanzt. Am kommenden Sonntag (06.10.) ab 16 Uhr laden wir euch ein zum <a href=\"https:\/\/www.caritas-wsg.de\/a-event\/Lindy-Hop-Party\/\">Swing Dance<\/a>, Lindy Hop. Das IBZ und KuKuNa werden immer mehr zum Tanzpalast. Neben Tango, Inklusions-Tanz\u00a0(f\u00fcr Geh\u00f6rlose) und Bachata stellen euch Nadine und Roman am Sonntag diesen, aus der schwarzen Community der USA stammenden, Tanz vor.<\/p>\n<div id=\"attachment_78437\" class=\"wp-caption alignnone\" style=\"max-width: 460px;\"><img loading=\"lazy\" decoding=\"async\" class=\"wp-image-78437 size-full\" src=\"\/wp-content\/uploads\/2024\/10\/Wupper-Swing.jpg\" alt=\"\" width=\"450\" height=\"637\" \/><span class=\"wp-caption-text\">Plakat zur Lindy Hop Party &#8211; \u00a9 KuKuNa<\/span><\/div>\n<p>Lindy Hop, entstanden in den sp\u00e4ten 1920er Jahren in den Clubs von Harlem (New York) erf\u00e4hrt seit mehreren Jahren eine Renaissance. Der Tanz: ein Mix aus Swing Dance, westafrikanischen T\u00e4nzen und Stepptanz. Der Melting Pot Harlem war einer der wenigen Orte in den USA, an denen Menschen aller Ethnien und Bev\u00f6lkerungsschichten zusammenkommen konnten, um ihre atemberaubende Musik und den teils schwindelerregenden Tanz zu zelebrieren.<\/p>\n<p>Auch Hundert Jahre sp\u00e4ter ist Lindy Hop ein international beliebter Tanz, der von seiner Gemeinschaft und Diversit\u00e4t lebt. Im Lindy Hop gibt es keine Geschlechterrollen. Nadine und Roman bieten euch um 16 Uhr eine Einf\u00fchrung in die Steps des Tanzes. Der Eintritt ist frei \/ Wir bitten um eine Spende.<\/p>\n<p>Samstag (12.10.) \u00a0um 17 Uhr l\u00e4dt der Wuppertaler Integrations-Ausschuss zur musikalischen Infoveranstaltung MUSIK &amp; TANZ\u00a0in die Alte Feuerwache an der Gathe.\u00a0Dort werden aktuelle Themen zur Integration mit den Veranstalterinnen und Veranstaltern sowie den G\u00e4sten vertieft. Z.B. immer wieder der Appell an Menschen ohne deutschen Pass, ihr Recht auf W\u00e4hlen wahrzunehmen. Dies scheint aktuell wichtiger, denn je!<\/p>\n<p>Zus\u00e4tzlich gibt es Musik. Live von Al Watan und aus dem Mischpult von mir. Be with us!<\/p>\n<div id=\"attachment_78438\" class=\"wp-caption alignnone\" style=\"max-width: 460px;\"><img loading=\"lazy\" decoding=\"async\" class=\"wp-image-78438 size-full\" src=\"\/wp-content\/uploads\/2024\/10\/Musik-Talk-Flyer.jpg\" alt=\"\" width=\"450\" height=\"318\" \/><span class=\"wp-caption-text\">Flyer zu &#8222;Musik &amp; Talk&#8220; &#8211; \u00a9 Petersohn<\/span><\/div>\n<p>Am Freitag (18.10.) ab 23 Uhr\u00a0sind DJs aus Manchester und London im\u00a0 <a href=\"https:\/\/www.openground.club\/de\/schedule\/2024-10-18\">Open Ground<\/a> zu Gast, die man live erleben muss!<\/p>\n<p><a href=\"https:\/\/www.floatingpoints.co.uk\">FLOATING POINTS<\/a>, der seit Jahren unter Beweis stellt, dass man erfolgreich auf vielen Hochzeiten tanzen kann, ohne den Fokus zu verlieren. Ob als Produzent, z.B. mit Pharoah Sanders, als Komponist und Musiker f\u00fcr internationale Ballett-Produktionen, als Soul DJ, als Ingenieur seines eigenen Soundsystems und last not least, als extrem spannender Techno DJ.<\/p>\n<p>Ebenso dabei <a href=\"https:\/\/joy-orbison.com\">JOY ORBISON<\/a>,\u00a0legend\u00e4rer Dubstep und Bassmusic Produzent. DJ Elke, sowie Elijah &amp; Jammz m\u00f6chte ich nicht unter den Teppich kehren. WOW! Da jeh&#8217;n wa hin!!!<\/p>\n<p>Sonntag (20.10.) um 15 Uhr sind im KuKuNa Atelier beim <a href=\"https:\/\/www.caritas-wsg.de\/a-event\/UNTERDINGS-im-KuKuNa\/\">UNTERDINGS<\/a> Emnet Habteab (Shamey Oliver) und Daniel Schmitt zu Gast. Beide waren vor etwa einem Jahr in \u00c4thiopien, bzw. S\u00fcdafrika und haben ihre Besuche fotografiert. Das lassen wir uns zeigen und beschreiben.<\/p>\n<p>Wir sehen uns. Getanzt wird \u00fcberall!&#8220;<\/p>\n<p><strong>Euer Charles Petersohn<\/strong><\/p>\n<p>&nbsp;<\/p>\n<p>&nbsp;<\/p>\n","protected":false},"excerpt":{"rendered":"<p>Charles Petersohn, Musiker, Komponist, DJ, Moderator, l\u00e4sst seine Fans in seiner Kolumne regelm\u00e4ssig an seiner k\u00fcnstlerischen und musikalischen Gef\u00fchlswelt teilhaben. Und er macht auch auf Veranstaltungen aufmerksam, bei denen er oder seine Musik-Kolleginnen und -Kollegen f\u00fcr das coole Feeling und den Groove sorgen. <\/p>\n","protected":false},"author":7,"featured_media":0,"comment_status":"open","ping_status":"open","sticky":false,"template":"","format":"standard","meta":{"footnotes":""},"categories":[29],"tags":[],"class_list":["post-78433","post","type-post","status-publish","format-standard","hentry","category-kultur"],"publishpress_future_action":{"enabled":false,"date":"2026-05-05 17:04:48","action":"change-status","newStatus":"draft","terms":[],"taxonomy":"category","extraData":[]},"publishpress_future_workflow_manual_trigger":{"enabledWorkflows":[]},"_links":{"self":[{"href":"https:\/\/www.die-stadtzeitung.de\/index.php\/wp-json\/wp\/v2\/posts\/78433","targetHints":{"allow":["GET"]}}],"collection":[{"href":"https:\/\/www.die-stadtzeitung.de\/index.php\/wp-json\/wp\/v2\/posts"}],"about":[{"href":"https:\/\/www.die-stadtzeitung.de\/index.php\/wp-json\/wp\/v2\/types\/post"}],"author":[{"embeddable":true,"href":"https:\/\/www.die-stadtzeitung.de\/index.php\/wp-json\/wp\/v2\/users\/7"}],"replies":[{"embeddable":true,"href":"https:\/\/www.die-stadtzeitung.de\/index.php\/wp-json\/wp\/v2\/comments?post=78433"}],"version-history":[{"count":4,"href":"https:\/\/www.die-stadtzeitung.de\/index.php\/wp-json\/wp\/v2\/posts\/78433\/revisions"}],"predecessor-version":[{"id":78440,"href":"https:\/\/www.die-stadtzeitung.de\/index.php\/wp-json\/wp\/v2\/posts\/78433\/revisions\/78440"}],"wp:attachment":[{"href":"https:\/\/www.die-stadtzeitung.de\/index.php\/wp-json\/wp\/v2\/media?parent=78433"}],"wp:term":[{"taxonomy":"category","embeddable":true,"href":"https:\/\/www.die-stadtzeitung.de\/index.php\/wp-json\/wp\/v2\/categories?post=78433"},{"taxonomy":"post_tag","embeddable":true,"href":"https:\/\/www.die-stadtzeitung.de\/index.php\/wp-json\/wp\/v2\/tags?post=78433"}],"curies":[{"name":"wp","href":"https:\/\/api.w.org\/{rel}","templated":true}]}}