{"id":78399,"date":"2024-09-27T16:55:26","date_gmt":"2024-09-27T14:55:26","guid":{"rendered":"https:\/\/www.die-stadtzeitung.de\/?p=78399"},"modified":"2024-10-03T16:40:43","modified_gmt":"2024-10-03T14:40:43","slug":"junior-uni-netzwerk-spannende-experimente-im-landtag","status":"publish","type":"post","link":"https:\/\/www.die-stadtzeitung.de\/index.php\/2024\/09\/27\/junior-uni-netzwerk-spannende-experimente-im-landtag\/","title":{"rendered":"Junior Uni Netzwerk: Spannende Experimente im Landtag"},"content":{"rendered":"<div id=\"attachment_78400\" class=\"wp-caption alignnone\" style=\"max-width: 1622px;\"><img loading=\"lazy\" decoding=\"async\" class=\"size-full wp-image-78400\" src=\"\/wp-content\/uploads\/2024\/09\/k-Junior-Uni-Netzwerk-im-Landtag.jpg\" alt=\"\" width=\"1612\" height=\"1209\" \/><span class=\"wp-caption-text\">Das Netzwerk der Junior Unis pr\u00e4sentierte sich im Landtag in D\u00fcsseldorf und lud zu Mitmach-Aktionen ein &#8211; \u00a0\u00a9 Junior Uni Essen\/Lilly Eybe<\/span><\/div>\n<p>Die Junior Unis pr\u00e4sentierten den Besucherinnen und Besuchern ihr Konzept und begeisterten mit ihren Experimenten, die sie vorf\u00fchrten.<\/p>\n<p>Bei der Parlamentsnacht haben Besucher die M\u00f6glichkeit, den Landtag in D\u00fcsseldorf kennenzulernen und sich mit den Abgeordneten auszutauschen. Die Fraktionen pr\u00e4sentieren sich mit eigenen Angeboten und laden an verschiedenen St\u00e4nden zu Mitmachaktionen ein.<\/p>\n<p>Das Netzwerk der Junior Unis nahm auf Einladung der FDP, die an ihrem Stand die Bildungslandschaft NRWs in den Mittelpunkt stellte, an der Parlamentsnacht teil. Zum Netzwerk der Junior Unis geh\u00f6ren neben der Wuppertaler Junior Uni f\u00fcr das Bergische Land auch die Junior Unis aus Essen, Daun in der Eifel, M\u00fclheim an der Ruhr und M\u00f6nchengladbach.<\/p>\n<h4>Konstruktiver Gedankenaustausch mit Politikern<\/h4>\n<p>Stellvertretend f\u00fcr das Netzwerk der Junior Unis pr\u00e4sentierten die Junior Unis aus Wuppertal und Essen ihr vielf\u00e4ltiges Angebot mit spannenden Experimenten. Damit begeisterten sie die zahlreichen gro\u00dfen und kleinen Besucher und es wurde mit Feuereifer gemeinsam geforscht und experimentiert.<\/p>\n<p>F\u00fchlboxen mit geometrischen Formen, 3D-Druck-Stifte und Experimente zu optischen T\u00e4uschungen zeigten einen kleinen Ausschnitt der vielf\u00e4ltigen Junior Uni-Programme.<\/p>\n<p>Neben den jungen Nachwuchsforscher und ihren Eltern nutzten auch viele Politiker, wie beispielsweise Landtagspr\u00e4sident Andr\u00e9 Kuper oder die ehemalige NRW-Bildungsministerin Yvonne Gebauer sowie viele weitere Abgeordnete, die Gelegenheit, um sich \u00fcber das Angebot der Junior Unis zu informieren und das innovative Konzept kennenzulernen. In den Gespr\u00e4chen skizzierten viele Eltern auch die Bed\u00fcrfnisse der eigenen Kinder.<\/p>\n<div id=\"attachment_48678\" class=\"wp-caption alignnone\" style=\"max-width: 631px;\"><img loading=\"lazy\" decoding=\"async\" class=\"size-full wp-image-48678\" src=\"\/wp-content\/uploads\/2021\/04\/Bild1_Geschaeftsfuehrung-Team-Junior-Uni_Junior-Uni-Anna-Schwartz-2-1024x716-2.jpeg\" alt=\"\" width=\"621\" height=\"511\" \/><span class=\"wp-caption-text\">Die Wuppertaler Junior Uni-Gesch\u00e4ftsf\u00fchrerinnen Dr. Ariane Staab (r.) und Dr. Annika Spathmann &#8211; \u00a9 &#8211; Junior Uni\/Anna Schwartz<\/span><\/div>\n<p>\u201eWir freuen uns sehr, dass wir die Gelegenheit hatten unser Netzwerk und das Junior Uni-Konzept im Landtag pr\u00e4sentieren zu d\u00fcrfen und es interessierten Besucherinnen und Besuchern aus ganz Nordrhein Westfalen vorzustellen\u201c, schilderte Bodo Kalveram, Gesch\u00e4ftsf\u00fchrer der Junior Uni Essen im Anschluss an die Veranstaltung. \u201eDie Gespr\u00e4che waren auf allen Ebenen sehr bereichernd und wir nehmen viele spannende Impulse und Anregungen mit zur\u00fcck in die jeweiligen Junior Unis.\u201c<\/p>\n<h4>Eine tolle Idee pflanzt sich fort<\/h4>\n<p>\u201eVor allem der Austausch mit den Expertinnen und Experten der einzelnen Landtagsfraktionen war f\u00fcr uns sehr wertvoll und gab uns Gelegenheit \u00fcberregionale bildungspolitische Impulse zu senden,\u201c bilanzierte Dr. Ariane Staab, Gesch\u00e4ftsf\u00fchrerin der Junior Uni Wuppertal. \u201eIm Verlauf des Abends gab es viele tolle Ideen, Gespr\u00e4che mit m\u00f6glichen neuen Dozentinnen und Dozenten und sogar Anfragen von potenziellen Gr\u00fcnderinnen und Gr\u00fcndern, die unser Konzept \u00fcberzeugt hat.\u201c<\/p>\n<p>Bei einer Gespr\u00e4chsstunde mit Franziska M\u00fcller-Rech, FDP-Sprecherin f\u00fcr Schule und Bildung, im Fraktionssaal der FDP konnte Dr. Ariane Staab den Besucherinnen und Besuchern zudem Einblicke in das Konzept und die Finanzierung der Junior Unis geben.<\/p>\n<p><strong>Link zur Webseite der Junior-Uni:<\/strong><\/p>\n<p><a href=\"http:\/\/www.junioruni-wuppertal.de\">http:\/\/www.junioruni-wuppertal.de<\/a><\/p>\n","protected":false},"excerpt":{"rendered":"<p>Einmal im Jahr \u00f6ffnet der nordrhein-westf\u00e4lische Landtag seine Pforten f\u00fcr B\u00fcrgerinnen und B\u00fcrger. Am vergangenen Freitag (27. September) war es wieder soweit und man konnte hinter die Kulissen schauen. Auch das Netzwerk der Junior Unis war zu Gast bei der Parlamentsnacht im nordrhein-westf\u00e4lischen Landtag.<\/p>\n","protected":false},"author":7,"featured_media":0,"comment_status":"open","ping_status":"open","sticky":false,"template":"","format":"standard","meta":{"footnotes":""},"categories":[27],"tags":[],"class_list":["post-78399","post","type-post","status-publish","format-standard","hentry","category-wissen"],"publishpress_future_action":{"enabled":false,"date":"2026-05-05 05:02:13","action":"change-status","newStatus":"draft","terms":[],"taxonomy":"category","extraData":[]},"publishpress_future_workflow_manual_trigger":{"enabledWorkflows":[]},"_links":{"self":[{"href":"https:\/\/www.die-stadtzeitung.de\/index.php\/wp-json\/wp\/v2\/posts\/78399","targetHints":{"allow":["GET"]}}],"collection":[{"href":"https:\/\/www.die-stadtzeitung.de\/index.php\/wp-json\/wp\/v2\/posts"}],"about":[{"href":"https:\/\/www.die-stadtzeitung.de\/index.php\/wp-json\/wp\/v2\/types\/post"}],"author":[{"embeddable":true,"href":"https:\/\/www.die-stadtzeitung.de\/index.php\/wp-json\/wp\/v2\/users\/7"}],"replies":[{"embeddable":true,"href":"https:\/\/www.die-stadtzeitung.de\/index.php\/wp-json\/wp\/v2\/comments?post=78399"}],"version-history":[{"count":3,"href":"https:\/\/www.die-stadtzeitung.de\/index.php\/wp-json\/wp\/v2\/posts\/78399\/revisions"}],"predecessor-version":[{"id":78403,"href":"https:\/\/www.die-stadtzeitung.de\/index.php\/wp-json\/wp\/v2\/posts\/78399\/revisions\/78403"}],"wp:attachment":[{"href":"https:\/\/www.die-stadtzeitung.de\/index.php\/wp-json\/wp\/v2\/media?parent=78399"}],"wp:term":[{"taxonomy":"category","embeddable":true,"href":"https:\/\/www.die-stadtzeitung.de\/index.php\/wp-json\/wp\/v2\/categories?post=78399"},{"taxonomy":"post_tag","embeddable":true,"href":"https:\/\/www.die-stadtzeitung.de\/index.php\/wp-json\/wp\/v2\/tags?post=78399"}],"curies":[{"name":"wp","href":"https:\/\/api.w.org\/{rel}","templated":true}]}}