{"id":78214,"date":"2024-09-24T11:17:42","date_gmt":"2024-09-24T09:17:42","guid":{"rendered":"https:\/\/www.die-stadtzeitung.de\/?p=78214"},"modified":"2024-09-24T11:17:42","modified_gmt":"2024-09-24T09:17:42","slug":"woga-christian-v-grumbkow-von-der-nordsee-inspiriert","status":"publish","type":"post","link":"https:\/\/www.die-stadtzeitung.de\/index.php\/2024\/09\/24\/woga-christian-v-grumbkow-von-der-nordsee-inspiriert\/","title":{"rendered":"WOGA: Christian v. Grumbkow von der Nordsee inspiriert"},"content":{"rendered":"<div id=\"attachment_73926\" class=\"wp-caption alignnone\" style=\"max-width: 1165px;\"><img loading=\"lazy\" decoding=\"async\" class=\"size-full wp-image-73926\" src=\"\/wp-content\/uploads\/2024\/04\/a7a51593-6557-4992-b3e7-ad45f953d7ef-2.jpg\" alt=\"\" width=\"1155\" height=\"814\" \/><span class=\"wp-caption-text\">Der Wuppertaler K\u00fcnstler Christian v. Grumbkow (l.) bei der Verssiage seiner Ausstellung &#8222;Wasser &amp; Licht&#8220; im Conversationshaus auf Norderney &#8211; \u00a9 Daria Antsiferova<\/span><\/div>\n<p>Die Besucher erwarten neue, von der\u00a0Nordsee inspirierte Gem\u00e4lde. Ergebnisse einer \u00fcberaus erfolgreichen Ausstellung, die der Wuppertaler K\u00fcnstler und Ex-Musiker (Band \u201eHoelderlin\u201c) im Konversationshaus und im Foyer des Kurtheaters auf der Nordseeinsel Norderney gestaltet hat.<\/p>\n<p>Au\u00dferdem zu sehen: Auseinandersetzung mit dem Zeitgeist &#8211; mit Neonfarben und Schwarz und auch mit Schwarz-Rot-Gold, ganz aktuelle Foto-\u00dcbermalungen (Fotos von Michael Utz). Und sowieso: In den Regalen warten aber auch \u00e4ltere Grumbkow-Bilder, sowie kleine Papierarbeiten. Weitere Beispiele der Kooperationen des Malers mit den Fotografen Matthias Dunemann und Markus Bollen sind ebenfalls zu sehen.<\/p>\n<div id=\"attachment_78217\" class=\"wp-caption alignnone\" style=\"max-width: 1034px;\"><img loading=\"lazy\" decoding=\"async\" class=\"wp-image-78217 size-full\" src=\"\/wp-content\/uploads\/2024\/09\/IMG_0869-1024x694-1.jpg\" alt=\"\" width=\"1024\" height=\"694\" \/><span class=\"wp-caption-text\">Impressionen von der Nordsee &#8211; \u00a9 Christian v. Grumbkow<\/span><\/div>\n<p>Daria Antsiferova, K\u00fcnstlerin und Lebensgef\u00e4hrtin von Christian v. Grumbkow, wird zudem \u00a0zum ersten Mal einige Beispiele ihrer Auseinandersetzung mit der Farbe zeigen.<\/p>\n<p>Christian von Grumbkow: \u201eDie Arbeiten meiner Sch\u00fcler\/Studenten finden die Besucher wieder in den R\u00e4umen der Perspektiva\u00a0Academy, ganz in der N\u00e4he meines Ateliers. Diesmal k\u00f6nnen wir das ganze Haus (ehemalige Praxis von Frau Dr. B\u00e4r) als Ausstellungsort\u00a0nutzen. Wir freuen uns jedenfalls auf regen Besuch und interessante Gespr\u00e4che!\u201c<\/p>\n<div id=\"attachment_78218\" class=\"wp-caption alignnone\" style=\"max-width: 638px;\"><img loading=\"lazy\" decoding=\"async\" class=\"wp-image-78218 size-full\" src=\"\/wp-content\/uploads\/2024\/09\/unnamed-628x1024-1.jpg\" alt=\"\" width=\"628\" height=\"1024\" \/><span class=\"wp-caption-text\">Ein eindrucksvolles Gem\u00e4lde ohne Titel &#8211; \u00a9 Christian v. Grumbkow<\/span><\/div>\n<p><strong>Termine:<\/strong><\/p>\n<h4>Christian v. Grumbkow und Daria Antsiferova<\/h4>\n<p>Im Rahmen der WOGA 2024<\/p>\n<p>Die Atelier-T\u00fcren sind ge\u00f6ffnet:<\/p>\n<p><strong>Samstag<\/strong> &#8211; 05.10.204 \u2013 14:00 \u2013 20:00 Uhr<\/p>\n<p><strong>Sonntag<\/strong> &#8211; 06.10.2024 \u2013 12:00 \u2013 18:00 Uhr<\/p>\n<p>Atelier im Schloss L\u00fcntenbeck \u2013 L\u00fcntenbeck 1 \u2013 42327 Wuppertal<\/p>\n<div id=\"attachment_59422\" class=\"wp-caption alignnone\" style=\"max-width: 2570px;\"><img loading=\"lazy\" decoding=\"async\" class=\"size-full wp-image-59422\" src=\"\/wp-content\/uploads\/2022\/12\/9-Norderney-2-scaled.jpg\" alt=\"\" width=\"2560\" height=\"2196\" \/><span class=\"wp-caption-text\">Christian von Grumbkow mit K\u00fcnstlerin und Lebensgef\u00e4hrtin Daria Antsiferov auf der Nordseeinsel Norderney &#8211; \u00a9 privat<\/span><\/div>\n<p><strong>Weitere Infos:<\/strong><\/p>\n<p><a href=\"http:\/\/www.grumbkow-colors.de\">www.grumbkow-colors.de<\/a><\/p>\n<p><a href=\"http:\/\/www.kunst-kurse-coaching.de\">www.kunst-kurse-coaching.de<\/a><\/p>\n<p><a href=\"http:\/\/www.fnwk.de\/\">http:\/\/www.fnwk.de\/<\/a><\/p>\n<p><a href=\"https:\/\/kunst-wald-sturm.jimdosite.com\/\">https:\/\/kunst-wald-sturm.jimdosite.com\/<\/a><\/p>\n<p>&nbsp;<\/p>\n","protected":false},"excerpt":{"rendered":"<p>Bei der WOGA 2024 mit rund 200 offenen\u00a0Ateliers und Galerien an zwei Wochenenden in Wuppertal \u00f6ffnet am 05. und 06.10.2024 auch der bekannte Maler Christian von Grumbkow die Tore seiner K\u00fcnstler-Werkstatt im malerischen Schloss L\u00fcntenbeck.<\/p>\n","protected":false},"author":7,"featured_media":0,"comment_status":"open","ping_status":"open","sticky":false,"template":"","format":"standard","meta":{"footnotes":""},"categories":[29],"tags":[],"class_list":["post-78214","post","type-post","status-publish","format-standard","hentry","category-kultur"],"publishpress_future_action":{"enabled":false,"date":"2026-05-09 15:07:50","action":"change-status","newStatus":"draft","terms":[],"taxonomy":"category","extraData":[]},"publishpress_future_workflow_manual_trigger":{"enabledWorkflows":[]},"_links":{"self":[{"href":"https:\/\/www.die-stadtzeitung.de\/index.php\/wp-json\/wp\/v2\/posts\/78214","targetHints":{"allow":["GET"]}}],"collection":[{"href":"https:\/\/www.die-stadtzeitung.de\/index.php\/wp-json\/wp\/v2\/posts"}],"about":[{"href":"https:\/\/www.die-stadtzeitung.de\/index.php\/wp-json\/wp\/v2\/types\/post"}],"author":[{"embeddable":true,"href":"https:\/\/www.die-stadtzeitung.de\/index.php\/wp-json\/wp\/v2\/users\/7"}],"replies":[{"embeddable":true,"href":"https:\/\/www.die-stadtzeitung.de\/index.php\/wp-json\/wp\/v2\/comments?post=78214"}],"version-history":[{"count":4,"href":"https:\/\/www.die-stadtzeitung.de\/index.php\/wp-json\/wp\/v2\/posts\/78214\/revisions"}],"predecessor-version":[{"id":78220,"href":"https:\/\/www.die-stadtzeitung.de\/index.php\/wp-json\/wp\/v2\/posts\/78214\/revisions\/78220"}],"wp:attachment":[{"href":"https:\/\/www.die-stadtzeitung.de\/index.php\/wp-json\/wp\/v2\/media?parent=78214"}],"wp:term":[{"taxonomy":"category","embeddable":true,"href":"https:\/\/www.die-stadtzeitung.de\/index.php\/wp-json\/wp\/v2\/categories?post=78214"},{"taxonomy":"post_tag","embeddable":true,"href":"https:\/\/www.die-stadtzeitung.de\/index.php\/wp-json\/wp\/v2\/tags?post=78214"}],"curies":[{"name":"wp","href":"https:\/\/api.w.org\/{rel}","templated":true}]}}