{"id":78012,"date":"2024-09-18T13:06:13","date_gmt":"2024-09-18T11:06:13","guid":{"rendered":"https:\/\/www.die-stadtzeitung.de\/?p=78012"},"modified":"2024-09-18T13:06:13","modified_gmt":"2024-09-18T11:06:13","slug":"circular-valley-forum-im-zeichen-des-handelns","status":"publish","type":"post","link":"https:\/\/www.die-stadtzeitung.de\/index.php\/2024\/09\/18\/circular-valley-forum-im-zeichen-des-handelns\/","title":{"rendered":"\u201eCircular Valley Forum\u201c im Zeichen des Handelns"},"content":{"rendered":"<div id=\"attachment_53960\" class=\"wp-caption alignnone\" style=\"max-width: 2570px;\"><img loading=\"lazy\" decoding=\"async\" class=\"size-full wp-image-53960\" src=\"\/wp-content\/uploads\/2022\/08\/MN@CV-29-2-scaled.jpg\" alt=\"\" width=\"2560\" height=\"1702\" \/><span class=\"wp-caption-text\">Ministerin Mona Neubauer machte ein Selfie mit Vertreterinnen und Vertretern der Start-ups und den Initororen von &#8222;Circular Valley&#8220; &#8211; \u00a9 Archivfoto Circular Valley \/ Jan Trunk<\/span><\/div>\n<p>Es gibt einen entscheidenden Unterschied zwischen dem \u201eCircular Valley Forum\u201c und anderen Branchentreffen: Die Menschen, die hier zusammenkommen, kennen einander. Sie sehen sich regelm\u00e4\u00dfig im Jahr, arbeiten gemeinsam an Fortschritten in der Kreislaufwirtschaft und teilen ihre Erkenntnisse gerne mit anderen.<\/p>\n<p>Folglich steht das \u201eCircular Valley Forum\u201c am 15. November im Zeichen des Handelns: \u201eWir haben in den vergangenen Jahren die Idee der Kreislaufwirtschaft in die K\u00f6pfe der Menschen gebracht und viele Partnerinnen und Partner daf\u00fcr gewonnen\u201c, sagt Dr. Carsten Gerhardt, Initiator des \u201eCircular Valley\u201c und Vorsitzender der dazugeh\u00f6rigen Stiftung. \u201eEs ist sch\u00f6n zu sehen, dass wir nun gemeinsam in die Umsetzung gehen.\u201c<\/p>\n<p>Diesen Ansatz unterst\u00fctzen mehr als 1.200 Entscheiderinnen und Entscheider beim Circular Valley Forum: Vorstandsvorsitzende aus den gro\u00dfen Konzernen sowie innovativen Mittelst\u00e4ndlern, F\u00fchrungskr\u00e4fte aus Forschung und Hochschulen sowie wichtige Akteure der Zivilgesellschaft.<\/p>\n<div id=\"attachment_54965\" class=\"wp-caption alignnone\" style=\"max-width: 2570px;\"><img loading=\"lazy\" decoding=\"async\" class=\"size-full wp-image-54965\" src=\"\/wp-content\/uploads\/2018\/06\/IMG_7568_a-2-scaled.jpg\" alt=\"\" width=\"2560\" height=\"1841\" \/><span class=\"wp-caption-text\">Der weltber\u00fchmte Bildhauer Tony Cragg wird beim &#8222;Circular Valley Forum&#8220; am 15.11. mit einer besonderen Aktion \u00fcberraschen &#8211; \u00a9 Ralf Silberkuhl<\/span><\/div>\n<p>Dabei wird es in der Historischen Stadthalle zwei Formate geben: Diskussionen \u00fcber die Leitthemen auf der gro\u00dfen B\u00fchne und Roundtablegespr\u00e4che zu spezifischen Fragestellungen beziehungsweise Projekten in den S\u00e4len des ehrw\u00fcrdigen Geb\u00e4udes. Dabei ist die Teilnahme auf \u201eCircular Valley\u201c-Netzwerkpartner beschr\u00e4nkt.<\/p>\n<p>Nathanael Liminski, Chef der Staatskanzlei und NRW-Europaminister, best\u00e4tigt den besonderen Stellenwert des \u201eCircular Valley Forums: \u201eEs ist ein Ort der zupackenden Zuversicht.\u201c Liminski wird deshalb ebenso beim Forum dabei sein wie Sarah Ryglewski, Staatsministerin im Kanzleramt, Mona Neubaur, stellvertretende Ministerpr\u00e4sidentin von Nordrhein-Westfalen und Schirmherrin des \u201eCircular Valley\u201c, und NRW-Arbeitsminister Karl-Josef Laumann.<\/p>\n<p>Ein Beispiel f\u00fcr die zupackende Zuversicht ist die Kooperation zwischen Nordrhein-Westfalen und Flandern. Beim \u201eCircular Valley Forum\u201c 2023 haben die Ministerpr\u00e4sidenten beider Regionen die erste grenz\u00fcberschreitende Zusammenarbeit in der Kreislaufwirtschaft vereinbart. Beim diesj\u00e4hrigen Forum wird zu sehen sein, wie das Memorandum of Understanding inzwischen mit Leben gef\u00fcllt wurde.<\/p>\n<p>Die Beteiligten, darunter viele Partner aus dem \u201eCircular-Valley\u201c-Netzwerk, arbeiten in drei Projekten zusammen: in der Chemischen Industrie, bei Batterien und bei Baustoffen.<\/p>\n<p>Diese Arbeit wird ein Thema auf der gro\u00dfen B\u00fchne sein. Hinzu kommen unter anderem Logistik und die besondere Rolle der H\u00e4fen, die Nationale Kreislaufwirtschaftsstrategie, die die Bundesregierung j\u00fcngst vorgestellt hat, regionale Kooperationen sowie die Kommunikation der Circular Economy mit den Mitteln der Kunst. Dazu werden die K\u00fcnstler Tony Cragg und HA Schult mit besonderen Beitr\u00e4gen in Wuppertal \u00fcberraschen.<\/p>\n<div id=\"attachment_56928\" class=\"wp-caption alignnone\" style=\"max-width: 2278px;\"><img loading=\"lazy\" decoding=\"async\" class=\"size-full wp-image-56928\" src=\"\/wp-content\/uploads\/2022\/11\/Bild-18.11.22-um-13.37.jpg\" alt=\"\" width=\"2268\" height=\"1662\" \/><span class=\"wp-caption-text\">Einige von HA Schult&#8217;s Trash People am Eingang der Historischen Stadthalle beim &#8222;Circular Valley Forum&#8220; 2023 &#8211; \u00a9 Circular Valley<\/span><\/div>\n<p>Einen Blick in die Zukunft der Kreislaufwirtschaft gibt es am fr\u00fchen Abend des Circular Valley Forums. Dann pr\u00e4sentieren 18 Startups von sechs Kontinenten ihre Gesch\u00e4ftsmodelle auf der B\u00fchne. Die Gr\u00fcnderinnen und Gr\u00fcnder kommen aus Argentinien, Australien, den USA, Indien, Uganda, Nigeria, Tansania und Europa nach Wuppertal.<\/p>\n<p>Die Ideen der jungen Unternehmen zielen auf regenerative Energie und Energiespeicherung, mechanisches Recycling von Kunststoffen und die zirkul\u00e4re Nutzung von Maschinen und Anlagen. Und sie sind alle bestens geeignet, rasch in die Umsetzung mit Partnern zu kommen, die man beim Circular Valley Forum kennengelernt hat.<\/p>\n<p><strong>Link zur Webseite von &#8222;Circular Valley&#8220;:<\/strong><\/p>\n<p><a href=\"http:\/\/www.circular-valley.org\">http:\/\/www.circular-valley.org<\/a><\/p>\n","protected":false},"excerpt":{"rendered":"<p>Das gro\u00dfe Jahrestreffen der Kreislaufwirtschaftwirft seine Schatten voraus. Am 15. November kommen mehr als 1.200 Entscheider in der Historischen Stadthalle zusammen \u2013 und zeigt eine wichtige Entwicklung: Im Austausch geht es nun um konkrete Projekte, die dank \u201eCircular Valley\u201c entstanden sind.<\/p>\n","protected":false},"author":7,"featured_media":0,"comment_status":"open","ping_status":"open","sticky":false,"template":"","format":"standard","meta":{"footnotes":""},"categories":[22],"tags":[],"class_list":["post-78012","post","type-post","status-publish","format-standard","hentry","category-wirtschaft"],"publishpress_future_action":{"enabled":false,"date":"2026-05-06 17:12:40","action":"change-status","newStatus":"draft","terms":[],"taxonomy":"category","extraData":[]},"publishpress_future_workflow_manual_trigger":{"enabledWorkflows":[]},"_links":{"self":[{"href":"https:\/\/www.die-stadtzeitung.de\/index.php\/wp-json\/wp\/v2\/posts\/78012","targetHints":{"allow":["GET"]}}],"collection":[{"href":"https:\/\/www.die-stadtzeitung.de\/index.php\/wp-json\/wp\/v2\/posts"}],"about":[{"href":"https:\/\/www.die-stadtzeitung.de\/index.php\/wp-json\/wp\/v2\/types\/post"}],"author":[{"embeddable":true,"href":"https:\/\/www.die-stadtzeitung.de\/index.php\/wp-json\/wp\/v2\/users\/7"}],"replies":[{"embeddable":true,"href":"https:\/\/www.die-stadtzeitung.de\/index.php\/wp-json\/wp\/v2\/comments?post=78012"}],"version-history":[{"count":2,"href":"https:\/\/www.die-stadtzeitung.de\/index.php\/wp-json\/wp\/v2\/posts\/78012\/revisions"}],"predecessor-version":[{"id":78014,"href":"https:\/\/www.die-stadtzeitung.de\/index.php\/wp-json\/wp\/v2\/posts\/78012\/revisions\/78014"}],"wp:attachment":[{"href":"https:\/\/www.die-stadtzeitung.de\/index.php\/wp-json\/wp\/v2\/media?parent=78012"}],"wp:term":[{"taxonomy":"category","embeddable":true,"href":"https:\/\/www.die-stadtzeitung.de\/index.php\/wp-json\/wp\/v2\/categories?post=78012"},{"taxonomy":"post_tag","embeddable":true,"href":"https:\/\/www.die-stadtzeitung.de\/index.php\/wp-json\/wp\/v2\/tags?post=78012"}],"curies":[{"name":"wp","href":"https:\/\/api.w.org\/{rel}","templated":true}]}}