{"id":77655,"date":"2024-09-01T18:42:14","date_gmt":"2024-09-01T16:42:14","guid":{"rendered":"https:\/\/www.die-stadtzeitung.de\/?p=77655"},"modified":"2024-09-03T18:51:30","modified_gmt":"2024-09-03T16:51:30","slug":"opern-inszenierung-der-wald-fuer-opera-awards-nominiert","status":"publish","type":"post","link":"https:\/\/www.die-stadtzeitung.de\/index.php\/2024\/09\/01\/opern-inszenierung-der-wald-fuer-opera-awards-nominiert\/","title":{"rendered":"Opern-Inszenierung \u201eDer Wald\u201c f\u00fcr Opera Awards nominiert"},"content":{"rendered":"<div id=\"attachment_77656\" class=\"wp-caption alignnone\" style=\"max-width: 2570px;\"><img loading=\"lazy\" decoding=\"async\" class=\"wp-image-77656 size-full\" src=\"\/wp-content\/uploads\/2024\/09\/04_ErwartungDerWald__c__Bjoern_Hickmann-scaled.jpg\" alt=\"\" width=\"2560\" height=\"1707\" \/><span class=\"wp-caption-text\">Szene aus der eindrucksvollen Inszenierung &#8222;Der Wald&#8220; von Ethel Smyth &#8211; \u00a9 Bj\u00f6rn Hickmann<\/span><\/div>\n<p>Unter der Regie von Manuel Schmitt und der musikalischen Leitung von Patrick Hahn feierte die viel besprochene Oper am 07. April Premiere. Die Ausstattung stammt von Julia Katharina Berndt. In Kooperation mit Deutschlandfunk Kultur wurde die Premiere aufgezeichnet und im Juni vom Sender ausgestrahlt.<\/p>\n<p>Ethel Smyth \u201eDer Wald\u201c erz\u00e4hlt die Geschichte von R\u00f6schen und dem Holzf\u00e4ller Heinrich, deren Schicksal am Vorabend ihrer Hochzeit eine dramatische Wendung nimmt. Schmitt zeigt in einer Inszenierung die Best\u00e4ndigkeit der Natur ebenso wie die Verg\u00e4nglichkeit des Lebens. Die Oper war Teil eines Doppelabends, an dem auch Arnold Sch\u00f6nbergs ERWARTUNG gezeigt wurde.<\/p>\n<p>Das erste Mal seit \u00fcber 100 Jahren war \u201eDer Wald\u201c wieder auf einer deutschen B\u00fchne zu sehen und wurde als Wiederentdeckung kaum beachteter K\u00fcnstler gefeiert. Die Komponistin Ethel Smyth studierte als erste Frau Komposition am Leipziger Konservatorium. \u201eDer Wald\u201c war das erste St\u00fcck einer Frau, das es auf die B\u00fchne der \u201eMetropolitan Opera New York\u201c schaffte.<\/p>\n<div id=\"attachment_77658\" class=\"wp-caption alignnone\" style=\"max-width: 2570px;\"><img loading=\"lazy\" decoding=\"async\" class=\"wp-image-77658 size-full\" src=\"\/wp-content\/uploads\/2024\/09\/05_ErwartungDerWald__c__Bjoern_Hickmann-1-scaled.jpg\" alt=\"\" width=\"2560\" height=\"1530\" \/><span class=\"wp-caption-text\">Die Inszenierung der Oper &#8222;Der Wald&#8220; bestach auch durch ein eindrucksvolles B\u00fchnenbild &#8211; \u00a9 Bj\u00f6rn Hickmann<\/span><\/div>\n<p>Die International Opera Awards werden seit 2012 an Opern weltweit verliehen. Sie haben sich zum Ziel gesetzt hervorragende Leistungen im Bereich der Oper anzuerkennen und herausragende Talente sowie Nachwuchsk\u00fcnstlerinnen und Nachwuchsk\u00fcnstler zu f\u00f6rdern und in den Blick der \u00d6ffentlichkeit zu r\u00fccken. Durch die Opera Awards Foundation erm\u00f6glichte die Auszeichnung inzwischen au\u00dferdem \u00fcber 100 Stipendien f\u00fcr aufstrebenden K\u00fcnstlerinnen und K\u00fcnstlern.<\/p>\n<p>In 16 Kategorien sind diesem Jahr unter anderem Produktionen und K\u00fcnstler aus Tschechien, Mexiko, Frankreich, den USA, Albanien und Island nominiert. Die Gewinner werden bei der Preisverleihung am 02. Oktober im Prinzregententheater in M\u00fcnchen bekannt gegeben.<\/p>\n<p><strong>Link zur Webseite der Wuppertaler B\u00fchnen:<\/strong><\/p>\n<p><a href=\"http:\/\/www.wuppertaler-buehnen.de\">http:\/\/www.wuppertaler-buehnen.de<\/a><\/p>\n<div id=\"attachment_77659\" class=\"wp-caption alignnone\" style=\"max-width: 2570px;\"><img loading=\"lazy\" decoding=\"async\" class=\"wp-image-77659 size-full\" src=\"\/wp-content\/uploads\/2024\/09\/02_ErwartungDerWald__c__Bjoern_Hickmann-scaled.jpg\" alt=\"\" width=\"2560\" height=\"1707\" \/><span class=\"wp-caption-text\">&#8222;Der Wald&#8220; &#8211; eine tolle Oper und hervoragende Darstellerinen und Darsteller &#8211; \u00a9 Bj\u00f6rn Hickmann<\/span><\/div>\n<p>&nbsp;<\/p>\n","protected":false},"excerpt":{"rendered":"<p>Ritterschlag f\u00fcr die Oper Wuppertal! Die Inszenierung \u201eDer Wald\u201c hat es auf die Shortlist der International Opera Awards geschafft. Jetzt wurden die Nominierten f\u00fcr die diesj\u00e4hrige Verleihung ver\u00f6ffentlicht. In der Kategorie \u201eRediscovered Work\u201c ist Ethel Smyths &#8222;Der Wald&#8220; eine von acht ausgew\u00e4hlten Inszenierungen.<\/p>\n","protected":false},"author":7,"featured_media":0,"comment_status":"open","ping_status":"open","sticky":false,"template":"","format":"standard","meta":{"footnotes":""},"categories":[29],"tags":[],"class_list":["post-77655","post","type-post","status-publish","format-standard","hentry","category-kultur"],"publishpress_future_action":{"enabled":false,"date":"2026-05-08 03:02:22","action":"change-status","newStatus":"draft","terms":[],"taxonomy":"category","extraData":[]},"publishpress_future_workflow_manual_trigger":{"enabledWorkflows":[]},"_links":{"self":[{"href":"https:\/\/www.die-stadtzeitung.de\/index.php\/wp-json\/wp\/v2\/posts\/77655","targetHints":{"allow":["GET"]}}],"collection":[{"href":"https:\/\/www.die-stadtzeitung.de\/index.php\/wp-json\/wp\/v2\/posts"}],"about":[{"href":"https:\/\/www.die-stadtzeitung.de\/index.php\/wp-json\/wp\/v2\/types\/post"}],"author":[{"embeddable":true,"href":"https:\/\/www.die-stadtzeitung.de\/index.php\/wp-json\/wp\/v2\/users\/7"}],"replies":[{"embeddable":true,"href":"https:\/\/www.die-stadtzeitung.de\/index.php\/wp-json\/wp\/v2\/comments?post=77655"}],"version-history":[{"count":1,"href":"https:\/\/www.die-stadtzeitung.de\/index.php\/wp-json\/wp\/v2\/posts\/77655\/revisions"}],"predecessor-version":[{"id":77660,"href":"https:\/\/www.die-stadtzeitung.de\/index.php\/wp-json\/wp\/v2\/posts\/77655\/revisions\/77660"}],"wp:attachment":[{"href":"https:\/\/www.die-stadtzeitung.de\/index.php\/wp-json\/wp\/v2\/media?parent=77655"}],"wp:term":[{"taxonomy":"category","embeddable":true,"href":"https:\/\/www.die-stadtzeitung.de\/index.php\/wp-json\/wp\/v2\/categories?post=77655"},{"taxonomy":"post_tag","embeddable":true,"href":"https:\/\/www.die-stadtzeitung.de\/index.php\/wp-json\/wp\/v2\/tags?post=77655"}],"curies":[{"name":"wp","href":"https:\/\/api.w.org\/{rel}","templated":true}]}}