{"id":77651,"date":"2024-08-30T12:40:45","date_gmt":"2024-08-30T10:40:45","guid":{"rendered":"https:\/\/www.die-stadtzeitung.de\/?p=77651"},"modified":"2024-09-06T10:47:24","modified_gmt":"2024-09-06T08:47:24","slug":"bayer-holt-ausbildung-wieder-ins-unternehmen-zurueck","status":"publish","type":"post","link":"https:\/\/www.die-stadtzeitung.de\/index.php\/2024\/08\/30\/bayer-holt-ausbildung-wieder-ins-unternehmen-zurueck\/","title":{"rendered":"Bayer holt Ausbildung wieder ins Unternehmen zur\u00fcck"},"content":{"rendered":"<div id=\"attachment_77653\" class=\"wp-caption alignnone\" style=\"max-width: 1678px;\"><img loading=\"lazy\" decoding=\"async\" class=\"size-full wp-image-77653\" src=\"\/wp-content\/uploads\/2024\/09\/1920_2024-0137.jpg\" alt=\"\" width=\"1668\" height=\"1122\" \/><span class=\"wp-caption-text\">47 Auszubildende starten bei Bayer Wuppertal mit Elan und viel Ehrgeiz ins Berufsleben &#8211; \u00a9 Bayer Wuppertal<\/span><\/div>\n<p>Standortleiter Bert Lorenz, die Gesch\u00e4ftsf\u00fchrerin der Bergischen IHK Carmen Bartl-Zorn, die Arbeitnehmervertretung und die Personalabteilung begr\u00fc\u00dften die neuen Auszubildenden am Montagmorgen mit einem bunten Tagesprogramm am Standort Wuppertal.<\/p>\n<p>\u201eIch freue mich, dass wir damit beginnen, die Berufsausbildung bei Bayer wieder vollst\u00e4ndig ins Unternehmen zur\u00fcckzuholen, denn dieser Schritt verdeutlicht, wie wichtig uns die duale Ausbildung zur Sicherung unseres Fachkr\u00e4ftenachwuchses ist\u201c, erkl\u00e4rt Heike Prinz, Vorstandsmitglied und Arbeitsdirektorin von Bayer.<\/p>\n<p>Der Standort freut sich \u00fcber 47 Auszubildende in diesen Bereichen: Biologie, Chemie, Industriemechanik, Betriebstechnik, Automatisierungstechnik, Fachinformatik und Tierpflege. \u201eEs ist sch\u00f6n, so viele junge Talente an unserem Standort begr\u00fc\u00dfen und ausbilden zu d\u00fcrfen. Ich w\u00fcnsche allen einen guten Start und eine spannende Ausbildung bei uns in Wuppertal\u201c, so Bert Lorenz.<\/p>\n<p>Auch in diesem Jahr starten wieder 16 junge Menschen in Wuppertal mit \u201eStart in den Beruf@Bayer-Ausbildung\u201c (Starter). Im Rahmen dieser Initiative k\u00f6nnen sich benachteiligte Jugendliche intensiv auf eine sp\u00e4tere Ausbildung in einem naturwissenschaftlichen oder technischen Beruf vorbereiten.<\/p>\n<p>Sch\u00fclerinnen und Sch\u00fcler, die sich f\u00fcr das kommende Jahr f\u00fcr eine Ausbildung oder einen dualen Studiengang bei Bayer bewerben m\u00f6chten, k\u00f6nnen dies bereits jetzt \u00fcber das Bayer-Karriereportal im Internet unter tun: <a href=\"http:\/\/www.ausbildung.bayer.de\">http:\/\/www.ausbildung.bayer.de<\/a><\/p>\n","protected":false},"excerpt":{"rendered":"<p>Bayer holt die Ausbildung wieder ins Unternehmen zur\u00fcck: Mit einem offiziellen Begr\u00fc\u00dfungstag haben 47 junge Menschen ihre Ausbildung bei Bayer in Wuppertal begonnen. In diesem Jahr werden die Auszubildenden erstmals wieder komplett in Eigenregie in einem neuen Ausbildungszentrum mit innovativem Ausbildungskonzept ausgebildet.<\/p>\n","protected":false},"author":7,"featured_media":0,"comment_status":"open","ping_status":"open","sticky":false,"template":"","format":"standard","meta":{"footnotes":""},"categories":[22],"tags":[],"class_list":["post-77651","post","type-post","status-publish","format-standard","hentry","category-wirtschaft"],"publishpress_future_action":{"enabled":false,"date":"2026-05-05 05:01:32","action":"change-status","newStatus":"draft","terms":[],"taxonomy":"category","extraData":[]},"publishpress_future_workflow_manual_trigger":{"enabledWorkflows":[]},"_links":{"self":[{"href":"https:\/\/www.die-stadtzeitung.de\/index.php\/wp-json\/wp\/v2\/posts\/77651","targetHints":{"allow":["GET"]}}],"collection":[{"href":"https:\/\/www.die-stadtzeitung.de\/index.php\/wp-json\/wp\/v2\/posts"}],"about":[{"href":"https:\/\/www.die-stadtzeitung.de\/index.php\/wp-json\/wp\/v2\/types\/post"}],"author":[{"embeddable":true,"href":"https:\/\/www.die-stadtzeitung.de\/index.php\/wp-json\/wp\/v2\/users\/7"}],"replies":[{"embeddable":true,"href":"https:\/\/www.die-stadtzeitung.de\/index.php\/wp-json\/wp\/v2\/comments?post=77651"}],"version-history":[{"count":2,"href":"https:\/\/www.die-stadtzeitung.de\/index.php\/wp-json\/wp\/v2\/posts\/77651\/revisions"}],"predecessor-version":[{"id":77654,"href":"https:\/\/www.die-stadtzeitung.de\/index.php\/wp-json\/wp\/v2\/posts\/77651\/revisions\/77654"}],"wp:attachment":[{"href":"https:\/\/www.die-stadtzeitung.de\/index.php\/wp-json\/wp\/v2\/media?parent=77651"}],"wp:term":[{"taxonomy":"category","embeddable":true,"href":"https:\/\/www.die-stadtzeitung.de\/index.php\/wp-json\/wp\/v2\/categories?post=77651"},{"taxonomy":"post_tag","embeddable":true,"href":"https:\/\/www.die-stadtzeitung.de\/index.php\/wp-json\/wp\/v2\/tags?post=77651"}],"curies":[{"name":"wp","href":"https:\/\/api.w.org\/{rel}","templated":true}]}}