{"id":77648,"date":"2024-09-02T19:23:51","date_gmt":"2024-09-02T17:23:51","guid":{"rendered":"https:\/\/www.die-stadtzeitung.de\/?p=77648"},"modified":"2024-09-03T18:52:00","modified_gmt":"2024-09-03T16:52:00","slug":"15-lasker-schueler-almanach-ich-will-in-das-grenzenlose","status":"publish","type":"post","link":"https:\/\/www.die-stadtzeitung.de\/index.php\/2024\/09\/02\/15-lasker-schueler-almanach-ich-will-in-das-grenzenlose\/","title":{"rendered":"15. Lasker-Sch\u00fcler-Almanach: \u201eIch will in das Grenzenlose\u201c"},"content":{"rendered":"<div id=\"attachment_37939\" class=\"wp-caption alignnone\" style=\"max-width: 707px;\"><img loading=\"lazy\" decoding=\"async\" class=\"size-full wp-image-37939\" src=\"\/wp-content\/uploads\/2021\/05\/c6b276563aeea1c333f74a71794f6a96-2.jpg\" alt=\"\" width=\"697\" height=\"453\" \/><span class=\"wp-caption-text\">Der bekannte Wuppertaler TV- und Rundfunk-Journalist Hajo Jahn &#8211; \u00a9 privat<\/span><\/div>\n<p>Die Beitr\u00e4ge werden in diesem reich illustrierten Buch publiziert. Dabei beleuchten die Autorinnen und Autoren das Grenzenlose aus verschiedenen Blickwinkeln: so schaut u.a. Bazon Brock auf die \u201eHorizonte der Kunst\u201c, Ex-EU-Erweiterungskommissar G\u00fcnter Verheugen blickt auf \u201eGrenzfragen\u201c, Gerold Theobalt auf \u201edie letzte Grenze\u201c, den Suizid.<\/p>\n<p>Der Astronaut Reinhold Ewald weitet die Sicht in das unendliche All und die M\u00fcllprobleme von uns \u201eWeltallb\u00fcrgern\u201c im Orbit. Die Ex-PEN-Pr\u00e4sidentin Ingrid Bach\u00e9r machte sich Notizen zum Krieg in der Ukraine.<\/p>\n<p>Als Gastbeitrag ist die Rede von \u00d6zlem Gen\u00e7 abgedruckt, Enkeltochter von Mevl\u00fcde Gen\u00e7, gehalten bei der Gedenkveranstaltung 30 Jahre nach dem Brandanschlag auf ihre Familie in Solingen. Das Buch hat rd. 300 Seiten, kostet \u20ac 28,00 im Handel, an diesem Abend f\u00fcr die G\u00e4ste \u20ac 20,00. Das Buch wird am Abend auf Wunsch signiert.<\/p>\n<div id=\"attachment_38126\" class=\"wp-caption alignnone\" style=\"max-width: 610px;\"><img loading=\"lazy\" decoding=\"async\" class=\" wp-image-38126\" src=\"\/wp-content\/uploads\/2021\/05\/1499278ca3c3e0f04b985c04d5736080-2.jpg\" alt=\"\" width=\"600\" height=\"406\" \/><span class=\"wp-caption-text\">Prof. Bazon Brock, Ex-Professor f\u00fcr \u00c4sthetik und Kulturvermittlung an der Bergischen Universit\u00e4t &#8211; \u00a9 Detlef Hartlap<\/span><\/div>\n<p>Moderator Michael Schmidt-Russnak begr\u00fc\u00dft am 17. September vier spannende Talkg\u00e4ste:<\/p>\n<p>Prof. Bazon Brock, deutscher Kunsttheoretiker und u.a. emeritierter Professor f\u00fcr \u00c4sthetik und Kulturvermittlung der Bergischen Universit\u00e4t Wuppertal.<\/p>\n<p>Prof.Gerold Theobalt, Schauspieldramaturg und Autor.<\/p>\n<p>Hajo Jahn, Journalistenlegende und Mitherausgeber des Almanachs.<\/p>\n<p>Alle drei sind auch Autoren von Beitr\u00e4gen in dem neuen Buch.<\/p>\n<p>Julia Wolff, langj\u00e4hriges Ensemblemitglied des Schauspiel Wuppertal, ist Rezitatorin an diesem Abend.<\/p>\n<div id=\"attachment_73250\" class=\"wp-caption alignnone\" style=\"max-width: 612px;\"><img loading=\"lazy\" decoding=\"async\" class=\" wp-image-73250\" src=\"\/wp-content\/uploads\/2024\/03\/Julia-Wolff-David-Laubmeier-scaled.jpg\" alt=\"\" width=\"602\" height=\"448\" \/><span class=\"wp-caption-text\">Die bekannte Wuppertaler Schauspielerin Julia Wolff &#8211; \u00a9 Wuppertaler B\u00fchnen<\/span><\/div>\n<p><strong>Termin:<\/strong><\/p>\n<h4>\u201eIch will in das Grenzenlose\u201c<\/h4>\n<p>Dienstag &#8211; 17.09.2024 &#8211; 19:30 Uhr<\/p>\n<p>Gesellschaft Concordia &#8211; Werth 48<\/p>\n<p>Eintritt: \u20ac 10,00 &#8211; Tickets \u00fcber:<\/p>\n<p><strong><a href=\"http:\/\/www.wuppertal-live.de\/527905\">www.wuppertal-live.de\/527905<\/a><\/strong> und <strong><a href=\"mailto:info@concordia-wuppertal.de\">info@concordia-wuppertal.de<\/a><\/strong><\/p>\n<p>&nbsp;<\/p>\n","protected":false},"excerpt":{"rendered":"<p>\u201eIch will in das Grenzenlose\u201c ist der 15. Else Lasker-Sch\u00fcler-Almanach, der am Dienstag (17.09.) in der \u201estudio concordia\u201c Talkshow der \u00d6ffentlichkeit vorgestellt wird. Die gro\u00dfe Wuppertaler Dichterin hat mit ihrem Gedicht \u201eWeltflucht\u201c und dessen Incipit (Anfang) \u201eIch will in das Grenzenlose\u2026\u201c bereits Titel und Themen des XXIV. Else Lasker-Sch\u00fcler-Forums im Mai 2023 vorgegeben.<\/p>\n","protected":false},"author":7,"featured_media":0,"comment_status":"open","ping_status":"open","sticky":false,"template":"","format":"standard","meta":{"footnotes":""},"categories":[29],"tags":[],"class_list":["post-77648","post","type-post","status-publish","format-standard","hentry","category-kultur"],"publishpress_future_action":{"enabled":false,"date":"2026-05-06 11:03:10","action":"change-status","newStatus":"draft","terms":[],"taxonomy":"category","extraData":[]},"publishpress_future_workflow_manual_trigger":{"enabledWorkflows":[]},"_links":{"self":[{"href":"https:\/\/www.die-stadtzeitung.de\/index.php\/wp-json\/wp\/v2\/posts\/77648","targetHints":{"allow":["GET"]}}],"collection":[{"href":"https:\/\/www.die-stadtzeitung.de\/index.php\/wp-json\/wp\/v2\/posts"}],"about":[{"href":"https:\/\/www.die-stadtzeitung.de\/index.php\/wp-json\/wp\/v2\/types\/post"}],"author":[{"embeddable":true,"href":"https:\/\/www.die-stadtzeitung.de\/index.php\/wp-json\/wp\/v2\/users\/7"}],"replies":[{"embeddable":true,"href":"https:\/\/www.die-stadtzeitung.de\/index.php\/wp-json\/wp\/v2\/comments?post=77648"}],"version-history":[{"count":2,"href":"https:\/\/www.die-stadtzeitung.de\/index.php\/wp-json\/wp\/v2\/posts\/77648\/revisions"}],"predecessor-version":[{"id":77650,"href":"https:\/\/www.die-stadtzeitung.de\/index.php\/wp-json\/wp\/v2\/posts\/77648\/revisions\/77650"}],"wp:attachment":[{"href":"https:\/\/www.die-stadtzeitung.de\/index.php\/wp-json\/wp\/v2\/media?parent=77648"}],"wp:term":[{"taxonomy":"category","embeddable":true,"href":"https:\/\/www.die-stadtzeitung.de\/index.php\/wp-json\/wp\/v2\/categories?post=77648"},{"taxonomy":"post_tag","embeddable":true,"href":"https:\/\/www.die-stadtzeitung.de\/index.php\/wp-json\/wp\/v2\/tags?post=77648"}],"curies":[{"name":"wp","href":"https:\/\/api.w.org\/{rel}","templated":true}]}}