{"id":77617,"date":"2024-09-01T09:55:59","date_gmt":"2024-09-01T07:55:59","guid":{"rendered":"https:\/\/www.die-stadtzeitung.de\/?p=77617"},"modified":"2024-09-06T11:57:24","modified_gmt":"2024-09-06T09:57:24","slug":"eiscafe-barocco-eisspezialitaeten-und-kunst","status":"publish","type":"post","link":"https:\/\/www.die-stadtzeitung.de\/index.php\/2024\/09\/01\/eiscafe-barocco-eisspezialitaeten-und-kunst\/","title":{"rendered":"Eiscaf\u00e9 Barocco: Eisspezialit\u00e4ten und Kunst"},"content":{"rendered":"<div id=\"attachment_77619\" class=\"wp-caption alignnone\" style=\"max-width: 2570px;\"><img loading=\"lazy\" decoding=\"async\" class=\"wp-image-77619 size-full\" src=\"\/wp-content\/uploads\/2024\/09\/Pressefoto_KUNSTCAFE-Barocco_Alfonso-Gravina-scaled.jpg\" alt=\"\" width=\"2560\" height=\"1817\" \/><span class=\"wp-caption-text\">K\u00fcnstler Alfonso Gravina und Isabel Hanisch, Inhaber des Kunstcaf\u00e9s Barocco &#8211; \u00a9 privat<\/span><\/div>\n<p>Mehr als 50 Besucher h\u00f6rten gespannt seinen emphatischen Ausf\u00fchrungen zu und blieben noch lange nach den Er\u00f6ffnungsworten von Frank Ifang vor Ort.<\/p>\n<p>Die Inhaberin und Ausstellungsveranstalterin Isabell Hanisch berichtete begeistert, dass sich schon am Vormittag zahlreiche Besucher eingefunden haben.<\/p>\n<p>Die Ausstellung ist bis zum 31.10.2024 w\u00e4hrend der \u00fcblichen \u00d6ffnungszeiten zu besichtigen. Der Ausstellungsort wurde von der Agentur\u00a0arcobi\u00a0initiiert, die k\u00fcnftig Ansprechpartner zu dieser gut gestarteten Ausstellungsreihe ist.<\/p>\n<div id=\"attachment_77623\" class=\"wp-caption alignnone\" style=\"max-width: 335px;\"><img loading=\"lazy\" decoding=\"async\" class=\"wp-image-77623\" src=\"\/wp-content\/uploads\/2024\/09\/PHOTO-2024-08-21-15-16-21-4.jpg\" alt=\"\" width=\"325\" height=\"486\" \/><span class=\"wp-caption-text\">Eines der ausgestellten Werke von Alfonso Gravina &#8211; \u00a9 privat<\/span><\/div>\n<p>Kontakt:\u00a0<a href=\"mailto:mail@arcobi.de\">mail@arcobi.de<\/a><\/p>\n<p>&nbsp;<\/p>\n","protected":false},"excerpt":{"rendered":"<p>Das beliebte Traditionseiscaf\u00e9 Barocco in Oberbarmen, direkt am Berliner Platz, hat sich zum\u00a0KUNSTCAF\u00c8 Barocco.gewandelt. Bei der ersten Ausstellung pr\u00e4sentiert\u00a0Alfonso Gravina, bekannt durch seine tausendfach angeklickten Instagramvideos, seine imposanten Buntstiftzeichnungen auf schwarzem Grund.<\/p>\n","protected":false},"author":7,"featured_media":0,"comment_status":"open","ping_status":"open","sticky":false,"template":"","format":"standard","meta":{"footnotes":""},"categories":[29],"tags":[],"class_list":["post-77617","post","type-post","status-publish","format-standard","hentry","category-kultur"],"publishpress_future_action":{"enabled":false,"date":"2026-05-06 10:51:08","action":"change-status","newStatus":"draft","terms":[],"taxonomy":"category","extraData":[]},"publishpress_future_workflow_manual_trigger":{"enabledWorkflows":[]},"_links":{"self":[{"href":"https:\/\/www.die-stadtzeitung.de\/index.php\/wp-json\/wp\/v2\/posts\/77617","targetHints":{"allow":["GET"]}}],"collection":[{"href":"https:\/\/www.die-stadtzeitung.de\/index.php\/wp-json\/wp\/v2\/posts"}],"about":[{"href":"https:\/\/www.die-stadtzeitung.de\/index.php\/wp-json\/wp\/v2\/types\/post"}],"author":[{"embeddable":true,"href":"https:\/\/www.die-stadtzeitung.de\/index.php\/wp-json\/wp\/v2\/users\/7"}],"replies":[{"embeddable":true,"href":"https:\/\/www.die-stadtzeitung.de\/index.php\/wp-json\/wp\/v2\/comments?post=77617"}],"version-history":[{"count":5,"href":"https:\/\/www.die-stadtzeitung.de\/index.php\/wp-json\/wp\/v2\/posts\/77617\/revisions"}],"predecessor-version":[{"id":77625,"href":"https:\/\/www.die-stadtzeitung.de\/index.php\/wp-json\/wp\/v2\/posts\/77617\/revisions\/77625"}],"wp:attachment":[{"href":"https:\/\/www.die-stadtzeitung.de\/index.php\/wp-json\/wp\/v2\/media?parent=77617"}],"wp:term":[{"taxonomy":"category","embeddable":true,"href":"https:\/\/www.die-stadtzeitung.de\/index.php\/wp-json\/wp\/v2\/categories?post=77617"},{"taxonomy":"post_tag","embeddable":true,"href":"https:\/\/www.die-stadtzeitung.de\/index.php\/wp-json\/wp\/v2\/tags?post=77617"}],"curies":[{"name":"wp","href":"https:\/\/api.w.org\/{rel}","templated":true}]}}