{"id":77575,"date":"2024-08-31T08:45:07","date_gmt":"2024-08-31T06:45:07","guid":{"rendered":"https:\/\/www.die-stadtzeitung.de\/?p=77575"},"modified":"2024-08-31T08:45:07","modified_gmt":"2024-08-31T06:45:07","slug":"wsv-wieder-in-der-spur-31-sieg-gegen-fortuna-koeln","status":"publish","type":"post","link":"https:\/\/www.die-stadtzeitung.de\/index.php\/2024\/08\/31\/wsv-wieder-in-der-spur-31-sieg-gegen-fortuna-koeln\/","title":{"rendered":"WSV wieder in der Spur: 3:1-Sieg gegen Fortuna K\u00f6ln"},"content":{"rendered":"<div id=\"attachment_77577\" class=\"wp-caption alignnone\" style=\"max-width: 2570px;\"><img loading=\"lazy\" decoding=\"async\" class=\"size-full wp-image-77577\" src=\"\/wp-content\/uploads\/2024\/08\/Classen-30-08-2024-313-scaled.jpg\" alt=\"\" width=\"2560\" height=\"1706\" \/><span class=\"wp-caption-text\">Timo Bornemann (l.) war auch gegen Fortuna K\u00f6ln erfolgreich. Er erzielte das wichtige 1:0 &#8211; \u00a9 Jochen Classen<\/span><\/div>\n<p>WSV-Cheftrainer Ren\u00e9 Klingbeil, der auch in schwierigen Zeiten immer die Ruhe behielt, hatte seine Mannschaft optimal auf den Gegner vom Rhein eingestellt , der als einer der gro\u00dfen Favoriten f\u00fcr den Aufstieg in die 3. Liga gehnadelt wird. Seine Sch\u00fctzlinge erwischten beim Flutlichtspiel vor 2.389 Zuschauern im Stadion am Zoo einen Traumstart.<\/p>\n<p>Bereits kurz nach Anpfiff \u00a0von Schiedsrichter Jan Sch\u00e4fer gelang Timo Bornemann nach Flanke von Levin M\u00fcller per Kopfball das \u00a0das 1:0 (03.). Auch nach dem schnellen F\u00fchrungstreffer behielt der WSV das Heft in der Hand, konnte aber in der 25. Minute den Treffer von Hendrik Mittelst\u00e4dt zum 1:1-Ausgleich nicht verhindern. Die Gastgeber blieben aber am Dr\u00fccker und spielten sich bis zum Pausentee noch einige gute M\u00f6glichkeiten heraus, die aber nicht genutzt werden konnten.<\/p>\n<div id=\"attachment_77578\" class=\"wp-caption alignnone\" style=\"max-width: 2570px;\"><img loading=\"lazy\" decoding=\"async\" class=\"wp-image-77578 size-full\" src=\"\/wp-content\/uploads\/2024\/08\/Classen-30-08-2024-237-scaled.jpg\" alt=\"\" width=\"2560\" height=\"1707\" \/><span class=\"wp-caption-text\">Otay Dal (M.) sorgte mit seinem Treffer zum 3:1 f\u00fcr den Schlu\u00dfpunkt in einem guten Spiel des Wuppertaler Traditonsvereins &#8211; \u00a9 Jochen Classen<\/span><\/div>\n<p>Nach dem Seitenwechsel konnte sich zun\u00e4chst keine der beiden Mannschaften einen Vorteil herausspielen. Trainer Ren\u00e9 Klingbeil bewies dann aber bei seinen\u00a0 Einwechselungen ein gl\u00fcckliches H\u00e4ndchen: Muhammed Bejdic und Niek Munsters sorgten f\u00fcr neuen Schwung im WSV-Spiel. Er war gerade einmal zwei Minuten f\u00fcr Kefkir auf dem Feld, da nutzte Muhammed Bejdic einen Fehler der K\u00f6lner Abwehr und erzielte das vielumjubelte 2:1 (74.).<\/p>\n<p>Die Wuppertaler g\u00f6nnten \u00a0in der Folge den G\u00e4sten aus der Domstadt keine gro\u00dfe Torchancen mehr, schlugen aber selbst noch einmal zu: Oktay Dal h\u00e4mmerte den Ball in der Nachspielzeit zum 3:1 in den rechten Winkel des K\u00f6lner Kastens (90+1). Damit war der erste Heimsieg der Saison 2024\/25 unter Dach und Fach. Nach sechs Spieltagen belegt der WSV jetzt mit 7 Punkten den 11. Tabellenplatz der Regionalliga West.<\/p>\n<div id=\"attachment_77579\" class=\"wp-caption alignnone\" style=\"max-width: 2570px;\"><img loading=\"lazy\" decoding=\"async\" class=\"wp-image-77579 size-full\" src=\"\/wp-content\/uploads\/2024\/08\/Classen-30-08-2024-343-scaled.jpg\" alt=\"\" width=\"2560\" height=\"1706\" \/><span class=\"wp-caption-text\">Muhammed Bejdic schlug gleich nach seiner Einwechselung zu und erzielte das 2:1 f\u00fcr den WSV &#8211; \u00a9 Jochen Classen<\/span><\/div>\n<p>Am Freitag (13.09.) tritt der Wuppertaler SV ausw\u00e4rts beim SC Wiedenbr\u00fcck an. Eine Woche sp\u00e4ter \u2013 ebenfalls freitags (20.09.) empf\u00e4ngt der WSV die U23 des FC Schalke 04 im Stadion am Zoo.<\/p>\n<h4>Wuppertaler SV \u2013 SC Fortuna K\u00f6ln 3:1 (1:1)<\/h4>\n<p><strong>Aufstellung des WSV:<\/strong><\/p>\n<p>Luyumbala \u2013 Bilogrevic \u2013 Bornemann (71. Niek Munsters) \u2013 Dal \u2013 Hagemann \u2013 Terrazzino \u2013 (63 Qashi) \u2013 Dams \u2013 Kefkir (71. Bejdic) \u2013 M\u00fcller (79. Nishimura) \u2013 Bielitza \u2013 Grym<\/p>\n<p><strong>Tore:<\/strong> 1:0 Bornemann (03.) \u2013 1:1 Mittelst\u00e4dt (25.) \u2013 2:1 Bejdic (75.) \u2013 3:1 Dal (90.+1)<\/p>\n<p><strong>Schiedsrichter:<\/strong> Jan Sch\u00e4fer<\/p>\n<p><strong>Zuschauer:<\/strong> 2.389<\/p>\n<p><strong>Stadion:<\/strong> Stadion am Zoo<\/p>\n<div id=\"attachment_77580\" class=\"wp-caption alignnone\" style=\"max-width: 2570px;\"><img loading=\"lazy\" decoding=\"async\" class=\"wp-image-77580 size-full\" src=\"\/wp-content\/uploads\/2024\/08\/Classen-30-08-2024-178-scaled.jpg\" alt=\"\" width=\"2560\" height=\"1706\" \/><span class=\"wp-caption-text\">Gro\u00dfer Jubel und gro\u00dfe Erleichterung beim WSV nach dem ersten Heimsieg &#8211; \u00a9 Jochen Classen<\/span><\/div>\n<p>&nbsp;<\/p>\n","protected":false},"excerpt":{"rendered":"<p>Nach gro\u00dfen Anlaufschwierigkeiten ist der Wuppertaler SV endlich in der Spur. Gegen den Tabellenf\u00fchrer SC Fortuna K\u00f6ln siegte der ambitionierte Wuppertaler Regionalligist verdient mit 3:1 (1:1).<\/p>\n","protected":false},"author":7,"featured_media":0,"comment_status":"open","ping_status":"open","sticky":false,"template":"","format":"standard","meta":{"footnotes":""},"categories":[20],"tags":[],"class_list":["post-77575","post","type-post","status-publish","format-standard","hentry","category-sport"],"publishpress_future_action":{"enabled":false,"date":"2026-05-07 04:08:59","action":"change-status","newStatus":"draft","terms":[],"taxonomy":"category","extraData":[]},"publishpress_future_workflow_manual_trigger":{"enabledWorkflows":[]},"_links":{"self":[{"href":"https:\/\/www.die-stadtzeitung.de\/index.php\/wp-json\/wp\/v2\/posts\/77575","targetHints":{"allow":["GET"]}}],"collection":[{"href":"https:\/\/www.die-stadtzeitung.de\/index.php\/wp-json\/wp\/v2\/posts"}],"about":[{"href":"https:\/\/www.die-stadtzeitung.de\/index.php\/wp-json\/wp\/v2\/types\/post"}],"author":[{"embeddable":true,"href":"https:\/\/www.die-stadtzeitung.de\/index.php\/wp-json\/wp\/v2\/users\/7"}],"replies":[{"embeddable":true,"href":"https:\/\/www.die-stadtzeitung.de\/index.php\/wp-json\/wp\/v2\/comments?post=77575"}],"version-history":[{"count":2,"href":"https:\/\/www.die-stadtzeitung.de\/index.php\/wp-json\/wp\/v2\/posts\/77575\/revisions"}],"predecessor-version":[{"id":77581,"href":"https:\/\/www.die-stadtzeitung.de\/index.php\/wp-json\/wp\/v2\/posts\/77575\/revisions\/77581"}],"wp:attachment":[{"href":"https:\/\/www.die-stadtzeitung.de\/index.php\/wp-json\/wp\/v2\/media?parent=77575"}],"wp:term":[{"taxonomy":"category","embeddable":true,"href":"https:\/\/www.die-stadtzeitung.de\/index.php\/wp-json\/wp\/v2\/categories?post=77575"},{"taxonomy":"post_tag","embeddable":true,"href":"https:\/\/www.die-stadtzeitung.de\/index.php\/wp-json\/wp\/v2\/tags?post=77575"}],"curies":[{"name":"wp","href":"https:\/\/api.w.org\/{rel}","templated":true}]}}