{"id":77500,"date":"2024-08-28T20:05:27","date_gmt":"2024-08-28T18:05:27","guid":{"rendered":"https:\/\/www.die-stadtzeitung.de\/?p=77500"},"modified":"2024-08-29T11:08:44","modified_gmt":"2024-08-29T09:08:44","slug":"comedian-stephan-bauer-ehepaare-kommen-in-den-himmel","status":"publish","type":"post","link":"https:\/\/www.die-stadtzeitung.de\/index.php\/2024\/08\/28\/comedian-stephan-bauer-ehepaare-kommen-in-den-himmel\/","title":{"rendered":"Comedian Stephan Bauer: \u201eEhepaare kommen in den Himmel\u201c"},"content":{"rendered":"<div id=\"attachment_56646\" class=\"wp-caption alignnone\" style=\"max-width: 1934px;\"><img loading=\"lazy\" decoding=\"async\" class=\"size-full wp-image-56646\" src=\"\/wp-content\/uploads\/2022\/11\/3-2.jpg\" alt=\"\" width=\"1924\" height=\"1571\" \/><span class=\"wp-caption-text\">Uwe Brehm, Leiter der Parkinson-Selbsthilfegruppe Wupperta,\u00a0 hier mit Ehefrau Karin auf einer Studienfahrt der Gruppe &#8211; \u00a9 <span class=\"wp-caption-text\">Tatiana Kreutzenbeck<\/span><\/span><\/div>\n<p>Vortragender K\u00fcnstler ist der deutsche Kabarettist und Comedian Stephan Bauer. Der im Saarland geborene Sprachvirtuose pr\u00e4sentierte sich erstmals 1992 mit einem Soloprogramm. Bekannt wurde er durch Auftritte in TV-Formaten wie \u201e7 Tage \u2013 7 K\u00f6pfe\u201c, \u201eOttis Schlachthof\u201c, \u201eMitternachtsspitzen\u201c oder dem \u201eQuatsch-Comedy-Club\u201c.<\/p>\n<p>Die von Uwe Brehm geleitete Selbsthilfegruppe ist der Deutschen Parkinson-Vereinigung e.V. mit Sitz in Neuss als Regionalgruppe angeschlossen. Sie wurde 1983 gegr\u00fcndet und hat mehr als 130 Mitglieder. Das Einzugsgebiet umfasst Wuppertal und den Ennepe-Ruhr-Kreis.<\/p>\n<p>Bei Krankengymnastik und Ged\u00e4chtnistraining und beim anschlie\u00dfenden Kaffee und Kuchen werden einmal im Monat Erfahrungen ausgetauscht. Bei Ausfl\u00fcgen in der n\u00e4heren Umgebung, Studienfahrten, Grillfest und einer Weihnachtsfeier wird das Gemeinschaftsgef\u00fchl gest\u00e4rkt. In regelm\u00e4\u00dfigen Abst\u00e4nden gibt es Informationen, Vortr\u00e4ge und Hilfestellungen zur Alltagsbew\u00e4ltigung, Informationen zu Therapiem\u00f6glichkeiten und Vortr\u00e4ge \u00fcber Hilfsmittel.<\/p>\n<p><strong>Text Dr. Matthias Dohmen<\/strong><\/p>\n<p>&nbsp;<\/p>\n<p><img loading=\"lazy\" decoding=\"async\" class=\"alignnone wp-image-77504\" src=\"\/wp-content\/uploads\/2024\/08\/430.png\" alt=\"\" width=\"337\" height=\"473\" \/><\/p>\n<p><strong>Termin:<\/strong><\/p>\n<h4>Kabarettist und Comedian Stephan Bauer<\/h4>\n<p><strong>Comedy-Abend der Parkinson-Selbsthilfegruppe Wuppertal<\/strong><\/p>\n<p>Sonntag &#8211; 15.09.2024 &#8211; 18:00 Uhr &#8211; Einla\u00df: 17:30 Uhr<\/p>\n<p>Jugendzentrum Sonnborn &#8211; Kirchhofstr. 20 &#8211; 42327 Wuppertal<\/p>\n<p>Der Zugang ist barrierefrei<\/p>\n<p>Eintritt:\u00a0 25 \u20ac<\/p>\n<p>Tickets telefonisch \u00fcber 0151\/ 62674928 oder <a href=\"mailto:karten@wuppertal-parkinson.de\">karten@wuppertal-parkinson.de<\/a>.<\/p>\n<p>Weitere Informationen \u00fcber das attraktive Gruppenleben gibt es\u00a0 Allgemeine Informationen finden an Parkinson Erkrankte und deren Familienangeh\u00f6rige unter <a href=\"http:\/\/www.wuppertal-parkinson.de\">www.wuppertal-parkinson.de<\/a>.<\/p>\n","protected":false},"excerpt":{"rendered":"<p>Es darf mal wieder gelacht werden bei der Parkinson-Selbsthilfegruppe Wuppertal. Einmal im Jahr ist Satire angesagt. Am Sonntag (15.09.) ist es so weit. Das vielversprechende Motto des Abends lautet \u201eEhepaare kommen in den Himmel \u2013 in der H\u00f6lle waren sie schon\u201c.<\/p>\n","protected":false},"author":7,"featured_media":0,"comment_status":"open","ping_status":"open","sticky":false,"template":"","format":"standard","meta":{"footnotes":""},"categories":[24],"tags":[],"class_list":["post-77500","post","type-post","status-publish","format-standard","hentry","category-wuppertal"],"publishpress_future_action":{"enabled":false,"date":"2026-05-08 11:20:48","action":"change-status","newStatus":"draft","terms":[],"taxonomy":"category","extraData":[]},"publishpress_future_workflow_manual_trigger":{"enabledWorkflows":[]},"_links":{"self":[{"href":"https:\/\/www.die-stadtzeitung.de\/index.php\/wp-json\/wp\/v2\/posts\/77500","targetHints":{"allow":["GET"]}}],"collection":[{"href":"https:\/\/www.die-stadtzeitung.de\/index.php\/wp-json\/wp\/v2\/posts"}],"about":[{"href":"https:\/\/www.die-stadtzeitung.de\/index.php\/wp-json\/wp\/v2\/types\/post"}],"author":[{"embeddable":true,"href":"https:\/\/www.die-stadtzeitung.de\/index.php\/wp-json\/wp\/v2\/users\/7"}],"replies":[{"embeddable":true,"href":"https:\/\/www.die-stadtzeitung.de\/index.php\/wp-json\/wp\/v2\/comments?post=77500"}],"version-history":[{"count":4,"href":"https:\/\/www.die-stadtzeitung.de\/index.php\/wp-json\/wp\/v2\/posts\/77500\/revisions"}],"predecessor-version":[{"id":77506,"href":"https:\/\/www.die-stadtzeitung.de\/index.php\/wp-json\/wp\/v2\/posts\/77500\/revisions\/77506"}],"wp:attachment":[{"href":"https:\/\/www.die-stadtzeitung.de\/index.php\/wp-json\/wp\/v2\/media?parent=77500"}],"wp:term":[{"taxonomy":"category","embeddable":true,"href":"https:\/\/www.die-stadtzeitung.de\/index.php\/wp-json\/wp\/v2\/categories?post=77500"},{"taxonomy":"post_tag","embeddable":true,"href":"https:\/\/www.die-stadtzeitung.de\/index.php\/wp-json\/wp\/v2\/tags?post=77500"}],"curies":[{"name":"wp","href":"https:\/\/api.w.org\/{rel}","templated":true}]}}