{"id":77221,"date":"2024-08-19T09:26:49","date_gmt":"2024-08-19T07:26:49","guid":{"rendered":"https:\/\/www.die-stadtzeitung.de\/?p=77221"},"modified":"2024-08-19T09:26:49","modified_gmt":"2024-08-19T07:26:49","slug":"wsv-der-ruf-nach-klaren-ansagen-wird-immer-lauter","status":"publish","type":"post","link":"https:\/\/www.die-stadtzeitung.de\/index.php\/2024\/08\/19\/wsv-der-ruf-nach-klaren-ansagen-wird-immer-lauter\/","title":{"rendered":"WSV: Der Ruf nach\u00a0klaren Ansagen wird immer lauter"},"content":{"rendered":"<div id=\"attachment_77224\" class=\"wp-caption alignnone\" style=\"max-width: 1574px;\"><img loading=\"lazy\" decoding=\"async\" class=\"wp-image-77224 size-full\" src=\"\/wp-content\/uploads\/2024\/08\/Classen-18-08-2024-244.jpg\" alt=\"\" width=\"1564\" height=\"1016\" \/><span class=\"wp-caption-text\">Symbolisch f\u00fcr den ganzen WSV: Riccardo Grym nach der zweiten Heimspielniederlage hintereinander am Boden &#8211; \u00a9 Jochen Classen<\/span><\/div>\n<p>Fakt ist indessen, dass man an diesem ansonsten sch\u00f6nen Sonntag-Nachmittag gegen den ebenfalls noch sieglosen Tabellenletzten trotz Aktivierung von Jugendgruppen nur noch 1.560 Besucher z\u00e4hlen durfte. Die Fans unterst\u00fctzten die Mannschaft \u00a0trotz einiger Pfiffe \u00fcber weite Strecken des Spieles lautstark, werden sich aber am Schluss eher die Frage gestellt haben: \u201eWohin gehst Du WSV?\u201c<\/p>\n<p>Cheftrainer Ren\u00e9 Klingbeil brachte nach dem neuerlichen Debakel auf den Punkt: \u201eWir sind jetzt auf dem 18. Tabellenplatz, tiefer kann es nicht mehr gehen\u201c. Und er hatte damit wohl nur die diesj\u00e4hrige Saisonplatzierung in der Regionalliga-West im Auge.<\/p>\n<h4>Paderborn in allen Belangen \u00fcberlegen<\/h4>\n<p>Klingbeil hatte noch vor dem Spiel doziert: \u201cWir wollen die Abstiegszone verlassen, wir m\u00fcssen und werden diese Phase \u00fcberstehen, mit sehr viel Leidenschaft und Mut.&#8220; Auch wenn das Team zeitweise verunsichert wirkte, konnte man der Mannschaft diesmal mangelnden Kampfgeist nicht unbedingt vorwerfen. Aber der Gegner, die Reserve des Zweit-Bundesligisten, war dem WSV k\u00f6rperlich, l\u00e4uferisch und auch spieltaktisch \u00fcberlegen.<\/p>\n<div id=\"attachment_77225\" class=\"wp-caption alignnone\" style=\"max-width: 710px;\"><img loading=\"lazy\" decoding=\"async\" class=\"wp-image-77225 size-full\" src=\"\/wp-content\/uploads\/2024\/08\/Classen-18-08-2024-204.jpg\" alt=\"\" width=\"700\" height=\"394\" \/><span class=\"wp-caption-text\">Auch bei diesem Paderborner\u00a0 Treffer war WSV-Torh\u00fcter Wozniak (l.) machtlos, ebenso Wuppertals Kapit\u00e4n Dams (r.) &#8211; \u00a9 Jochen Classen<\/span><\/div>\n<p>Die Paderborner hatte wenig M\u00fche, gegen den defensiv eingestellte Gastgeber schon fr\u00fch in F\u00fchrung zu gehen. Einen Freisto\u00df des 19j\u00e4hrigen aktuellen U19 Nationalspielers Anton B\u00e4uerle aus 20 m Entfernung konnte WSV-Keeper Wozniak noch abwehren, gegen den Nachschuss des aufger\u00fcckten Abwehr-Chefs Tim B\u00f6hmer (23), einem ehemaliger U17-Nationalspieler, war er dagegen machtlos.<\/p>\n<p>Nach 20 Minuten stand es nach einem schweren Fehler der Wuppertaler 2:0, als der erst 17j\u00e4hrige Luis Engelns freistehend eink\u00f6pfen konnte. Es war sein erstes Tor in der Regionalliga \u00fcberhaupt.<\/p>\n<p>Das 3:0 der im schicken lindgr\u00fcnen Dre\u00df angetretenen G\u00e4ste erzielte dann der 19j\u00e4hrige Spanier Joel Vega Zambrano, der in der 65. Spielminute Unsicherheiten in der WSV-Abwehr zum 3:0 ausnutzte. Das 4:0 machte dann Julius Langfeld, ehe WSV-Kapit\u00e4n Niklas Damas in der 76. Minute noch den Ehrentreffer markieren konnte.<\/p>\n<div id=\"attachment_77226\" class=\"wp-caption alignnone\" style=\"max-width: 710px;\"><img loading=\"lazy\" decoding=\"async\" class=\"wp-image-77226 size-full\" src=\"\/wp-content\/uploads\/2024\/08\/Classen-18-08-2024-188.jpg\" alt=\"\" width=\"700\" height=\"521\" \/><span class=\"wp-caption-text\">Torh\u00fcter Krystian Wozniak war noch einer der besten Wuppertaler und verhindete mit gute Paraden Schlimmeres &#8211; \u00a9 Jochen Classen<\/span><\/div>\n<h4>Dummer Platzverweis legte den WSV erneut lahm<\/h4>\n<p>Dem ganzen Debakel war zum wiederholten Mal \u00a0eine spielentscheidende gelbrote Karte vorausgegangen, die sich Oguzhan Kefkir nach dem Seitenwechsel in der 59. einhandelte. Bereits gelb verwarnt, gr\u00e4tschte er im Mittelfeld ohne zwingende Not in seinen Gegenspieler hinein und brachte diesen zu Fall.<\/p>\n<p>WSV-Trainer Klingbeil: \u201eIch mache Oguz keinen Vorwurf, er ist ehrgeizig und wollte den Ball. Mit ein bisschen Fingerspitzengef\u00fchl musste der Schiedsrichter nicht unbedingt die gelb-rote Karte zeigen. Es ist Pech. Er wird uns schmerzlich fehlen.\u201c Eine halbe Stunde Unterzahl also f\u00fcr den WSV, dem damit jede Hoffnung auf eine Ergebniskorrektur genommen war.<\/p>\n<p>Trainer Klingbeil z\u00e4hlte einmal mehr auf, was alles noch fehlt,\u00a0sein Res\u00fcmee fast schon stereotyp: \u201eDie ersten beiden Tore waren Geschenke, da waren wir bei dem Freisto\u00df zu unachtsam. So baust du einen Gegner auf. Wir m\u00fcssen mit der Wahrheit umgehen k\u00f6nnen.Wir m\u00fcssen gucken, dass wir nach vorne kommen.\u201c<\/p>\n<div id=\"attachment_77227\" class=\"wp-caption alignnone\" style=\"max-width: 710px;\"><img loading=\"lazy\" decoding=\"async\" class=\"wp-image-77227 size-full\" src=\"\/wp-content\/uploads\/2024\/08\/Classen-18-08-2024-182-1.jpg\" alt=\"\" width=\"700\" height=\"472\" \/><span class=\"wp-caption-text\">Oguzhan Kefkir handelte sich eine dumme gelb-rote Karte ein und schw\u00e4chte damit seine ohnehin verunsicherte Mannschaft &#8211; \u00a9 Jochen Classen<\/span><\/div>\n<p>Paderborns Coach Daniel Brinkmann war dagegen naturgem\u00e4\u00df zufrieden, merkte indessen an, dass sein Team in \u00dcberzahl zu wenig Gier gezeigt habe und wollte noch mehr als die vier Tore seiner Mannschaft sehen: \u201eMan hat in der Regionalliga selten die M\u00f6glichkeit, deutlich zu f\u00fchren und in \u00dcberzahl zu spielen\u201c, klagte Brinkmann.<\/p>\n<h4>Konsequenzen angek\u00fcndigt, Trainer nicht in Frage gestellt<\/h4>\n<p>Hinter den Kulissen soll es derweil beim WSV bereits m\u00e4chtig geknallt haben. Nach Informationen der \u201eRundschau\u201c habe der f\u00fcr die Mannschaft verantwortliche WSV-Sportchef Gaetano Manno (42) Konsequenzen angek\u00fcndigt und \u00fcber denkbare Vertragsaufl\u00f6sungen mit einigen Spielern gesprochen. Trainer Ren\u00e9 Klingbeil habe er Engagement bescheinigt und ihn nicht in Frage gestellt.<\/p>\n<p>Lichtblicke gab es auch: So zeigten sich Torwart Kristian Wozniak mit guter Leistung und Kevin Hagemann besonders einsatzfreudig. Hagemann erhielt der f\u00fcr einen beherzten Torschuss noch in der Schlussphase Szenenapplaus. Hagemann in seiner Spielbewertung: \u201eWir bekommen die Gegentore einfach zu leicht und sind zu leichtsinnig\u201c.<\/p>\n<div id=\"attachment_77228\" class=\"wp-caption alignnone\" style=\"max-width: 710px;\"><img loading=\"lazy\" decoding=\"async\" class=\"wp-image-77228 size-full\" src=\"\/wp-content\/uploads\/2024\/08\/Classen-18-08-2024-285.jpg\" alt=\"\" width=\"700\" height=\"378\" \/><span class=\"wp-caption-text\">Lange Gesichter bei der Pressekonferenz nach dem Spiel: WSV-Trainer Ren\u00e9 Klingbeil (r.) und Stadionsprecher Jonas P\u00fctz (M.). Selbst G\u00e4stetrainer Daniel Brinkmann (l.) schaut trotz des Ausw\u00e4rtserfolgs nicht sonderlich gl\u00fccklich drein &#8211; \u00a9 Jochen Classen.<\/span><\/div>\n<p>Hoffnungen auf Besserungen darf man auf die fehlenden f\u00fcnf Feldspieler setzen. Oktay Dal (28) soll mit dem Japaner Subaro Nishimura (21) die Abwehr verst\u00e4rken, der Holl\u00e4nder Joel Munsters (22) mit Semir Saric das Mittelfeld und der 22j\u00e4hrige Argentinier Pedro Cejas (in 61 Spielen 35 Tore) den dringenden Bedarf im Sturm decken.<\/p>\n<p>Derweil gibt es auch wieder positive Meldungen aus dem engagierten Management.\u00a0Der Hildener Finanzdienstleister \u00d6KOWORLD wird die kommenden drei Jahre F\u00f6rderer des L\u00f6wenstalls, der Nachwuchsabteilung des Wuppertaler Sportvereins. Mit Jonas P\u00fctz wurde diesmal ein zweiter, hochtalentierter Stadionsprecher eingef\u00fchrt, der danach auch die Pressekonferenz leitete.<\/p>\n<h4>Nicht nur Musikauswahl ist verbesserungsw\u00fcrdig<\/h4>\n<p>Ungeachtet dessen steht der WSV vor ganz schwierigen Zeiten. N\u00e4chsten Sonntag geht es zur D\u00fcsseldorfer Fortuna II, die nach vier Spieltagen mit vier Punkten immerhin auf Rang elf liegt und dann kommt am 30. August der noch ungeschlagene, starke Titelanw\u00e4rter Fortuna K\u00f6ln ins Stadion am Zoo. Bis dahin sollte bei den Bergischen einiges gekl\u00e4rt sein, nicht nur die zuletzt wenig \u00fcberzeugende Musik-Auswahl im Stadion.<\/p>\n<p><b>Text: Siegfried J\u00e4hne<\/b><\/p>\n","protected":false},"excerpt":{"rendered":"<p>Es klang schon sehr mutig (oder gar zynisch?), als jetzt nach dem 1:4 verlorenem\u00a0 Paderborn-Heimspiel \u00fcber Lautsprecher die sentimentale WSV-Hymne getrillert wurde: \u201cDu wirst niemals untergeh\u2018n mein WSV Weil wir fest zusammensteh\u2019n mein WSV Du bist der Weg, du bist das Ziel Du bist alles was ich will\u2026&#8220;<\/p>\n","protected":false},"author":7,"featured_media":0,"comment_status":"open","ping_status":"open","sticky":false,"template":"","format":"standard","meta":{"footnotes":""},"categories":[20],"tags":[],"class_list":["post-77221","post","type-post","status-publish","format-standard","hentry","category-sport"],"publishpress_future_action":{"enabled":false,"date":"2026-05-08 08:00:05","action":"change-status","newStatus":"draft","terms":[],"taxonomy":"category","extraData":[]},"publishpress_future_workflow_manual_trigger":{"enabledWorkflows":[]},"_links":{"self":[{"href":"https:\/\/www.die-stadtzeitung.de\/index.php\/wp-json\/wp\/v2\/posts\/77221","targetHints":{"allow":["GET"]}}],"collection":[{"href":"https:\/\/www.die-stadtzeitung.de\/index.php\/wp-json\/wp\/v2\/posts"}],"about":[{"href":"https:\/\/www.die-stadtzeitung.de\/index.php\/wp-json\/wp\/v2\/types\/post"}],"author":[{"embeddable":true,"href":"https:\/\/www.die-stadtzeitung.de\/index.php\/wp-json\/wp\/v2\/users\/7"}],"replies":[{"embeddable":true,"href":"https:\/\/www.die-stadtzeitung.de\/index.php\/wp-json\/wp\/v2\/comments?post=77221"}],"version-history":[{"count":4,"href":"https:\/\/www.die-stadtzeitung.de\/index.php\/wp-json\/wp\/v2\/posts\/77221\/revisions"}],"predecessor-version":[{"id":77231,"href":"https:\/\/www.die-stadtzeitung.de\/index.php\/wp-json\/wp\/v2\/posts\/77221\/revisions\/77231"}],"wp:attachment":[{"href":"https:\/\/www.die-stadtzeitung.de\/index.php\/wp-json\/wp\/v2\/media?parent=77221"}],"wp:term":[{"taxonomy":"category","embeddable":true,"href":"https:\/\/www.die-stadtzeitung.de\/index.php\/wp-json\/wp\/v2\/categories?post=77221"},{"taxonomy":"post_tag","embeddable":true,"href":"https:\/\/www.die-stadtzeitung.de\/index.php\/wp-json\/wp\/v2\/tags?post=77221"}],"curies":[{"name":"wp","href":"https:\/\/api.w.org\/{rel}","templated":true}]}}