{"id":77203,"date":"2024-08-10T12:47:11","date_gmt":"2024-08-10T10:47:11","guid":{"rendered":"https:\/\/www.die-stadtzeitung.de\/?p=77203"},"modified":"2024-08-21T10:52:31","modified_gmt":"2024-08-21T08:52:31","slug":"bhc-kehrt-mit-sieg-aus-trainingslager-in-kamen-zurueck","status":"publish","type":"post","link":"https:\/\/www.die-stadtzeitung.de\/index.php\/2024\/08\/10\/bhc-kehrt-mit-sieg-aus-trainingslager-in-kamen-zurueck\/","title":{"rendered":"BHC kehrt mit Sieg aus Trainingslager in Kamen zur\u00fcck"},"content":{"rendered":"<div id=\"attachment_68874\" class=\"wp-caption alignnone\" style=\"max-width: 2570px;\"><img loading=\"lazy\" decoding=\"async\" class=\"size-full wp-image-68874\" src=\"\/wp-content\/uploads\/2023\/10\/Eloy-Morante-Maldonado-JC-scaled.jpg\" alt=\"\" width=\"2560\" height=\"1706\" \/><span class=\"wp-caption-text\">Eloy Morante Maldonado erzielte im engen Testspiel gegen den Zweitliga- Konkurrenten TuS Ferndorf zwei Treffer &#8211; \u00a9 Archivfoto Jochen Cassen<\/span><\/div>\n<p>Damit endete eine intensive Trainingswoche f\u00fcr den Bergischen HC mit einem Erfolgserlebnis. Danach hatte es in den ersten 30 Minuten noch nicht ausgesehen. \u201eDie erste Halbzeit war von uns in der Abwehr nicht gut\u201c, meinte Trainer Arnor Gunnarsson. \u201eUnd im Angriff haben wir f\u00fcnf oder sechs freie B\u00e4lle verworfen. Das ist einfach zu viel f\u00fcr eine Halbzeit.\u201c<\/p>\n<p>Ein paar sch\u00f6ne Tore gelangen den L\u00f6wen allerdings auch vor der Pause. Yannick Fraatz traf aus dem Tempospiel, Johannes Wasielewski aus dem R\u00fcckraum. Und auch Djibril M\u2019Bengue bewies Durchsetzungsverm\u00f6gen. Dennoch musste sich die Mannschaft nach Wiederbeginn steigern, um noch eine Chance auf ein Erfolgserlebnis zu haben.<\/p>\n<h4>Noah Beyer war bester Torsch\u00fctze<\/h4>\n<p>Gerdas Babarskas und Noah Beyer erzielten die ersten beiden Tore der zweiten H\u00e4lfte, in der Abwehr machte es die Mannschaft den Ferndorfern viel schwerer, zu guten Abschl\u00fcssen zu kommen. Julian Fuchs erzielte den ersten Ausgleich per Siebenmeter zum 21:21. In F\u00fchrung gingen die Gastgeber im SportCentrum Kamen-Kaiserau jedoch zun\u00e4chst nicht.<\/p>\n<p>Im Gegenteil: Ein paar ungenutzte Chancen f\u00fchrten dazu, dass sich Ferndorf erneut leicht absetzte. Sogar mit vier Treffern h\u00e4tte der Aufsteiger wieder vorlegen k\u00f6nnen, doch Lukas Diedrich, der 60 Minuten das Tor h\u00fctete und somit den geschonten Christopher Rudeck (Bauchmuskel) vertrat, entsch\u00e4rfte. Immer wieder kamen die Bergischen auf ein Tor heran \u2013 durch Fuchs, Babarskas oder den starken Noah Beyer.<\/p>\n<div id=\"attachment_70899\" class=\"wp-caption alignnone\" style=\"max-width: 660px;\"><img loading=\"lazy\" decoding=\"async\" class=\"size-full wp-image-70899\" src=\"\/wp-content\/uploads\/2023\/12\/MBengue-2-JC.jpg\" alt=\"\" width=\"650\" height=\"433\" \/><span class=\"wp-caption-text\">Ex-Nationalspieler Djibril M&#8217;Bengue \u00fcberzeugte im Testspiel gegen Ferndorf &#8211; \u00a9 Archivfoto Jochen Classen<\/span><\/div>\n<p>Der erfolgreichste Torsch\u00fctze war es auch, der die sp\u00e4te Wende realisierte. Beim 31:32 sicherte sich Beyer den Ball nach einer Diedrich-Parade und warf ihn ins verwaiste Geh\u00e4use \u2013 Ferndorf hatte es mit dem siebten Feldspieler probiert. Im n\u00e4chsten Angriff kam er beim Pass dazwischen und traf zum 33:32. Das war auch der Endstand.<\/p>\n<p>\u201eDie zweite Halbzeit war deutlich besser in der Abwehr\u201c, betonte Gunnarsson. \u201eIn der ersten Halbzeit hatten wir gro\u00dfe Probleme gegen die Ferndorfer Kreisl\u00e4ufer \u2013 das war danach st\u00e4rker.\u201c Sein Trainerkollege Markus P\u00fctz sagte: \u201eNach der anstrengenden Trainingswoche war es ein ordentliches, aber kein gutes Spiel. Da k\u00f6nnen wir einiges rausziehen und werden weiterarbeiten.\u201c<\/p>\n<p>In der kommenden Woche stehen gleich drei Tests auf dem Programm: Beim Linden-Cup trifft der BHC am Dienstag (20.15 Uhr) auf den TV H\u00fcttenberg, am Mittwoch (20.15 Uhr) auf die HSG Wetzlar und am Samstag (17.45 Uhr) auf den TBV Lemgo Lippe.<\/p>\n<h4>TuS Ferndorf &#8211; Bergischer HC 32:33 (18:14)<\/h4>\n<p><strong>Bergischer HC:<\/strong> Diedrich \u2013 Beyer (7\/1), Gie\u00dfelmann (1), Babarskas (4), Granlund (1), Babak (2), Morante Maldonado (2), Seesing, Gislason, Thiele, Scholtes (2), M\u2019Bengue (2), Wasielewski (2), Fraatz (4), Fuchs (6\/3)<\/p>\n","protected":false},"excerpt":{"rendered":"<p>BHC kehrt mit einem Sieg aus dem Trainingslager im SportCentrum Kaiserau (Kamen) zur\u00fcck. Die Bergischen L\u00f6wen lagen im Testspiel gegen den TuS Ferndorf zur Pause 14:18 hinten und sah sich auch in der zweiten Halbzeit mehreren R\u00fcckst\u00e4nden ausgesetzt, schaffte aber dennoch die Wende. Mit 33:32 gewann der BHC gegen den k\u00fcnftigen Zweitliga-Kontrahenten.<\/p>\n","protected":false},"author":7,"featured_media":0,"comment_status":"open","ping_status":"open","sticky":false,"template":"","format":"standard","meta":{"footnotes":""},"categories":[20],"tags":[],"class_list":["post-77203","post","type-post","status-publish","format-standard","hentry","category-sport"],"publishpress_future_action":{"enabled":false,"date":"2026-05-08 05:08:57","action":"change-status","newStatus":"draft","terms":[],"taxonomy":"category","extraData":[]},"publishpress_future_workflow_manual_trigger":{"enabledWorkflows":[]},"_links":{"self":[{"href":"https:\/\/www.die-stadtzeitung.de\/index.php\/wp-json\/wp\/v2\/posts\/77203","targetHints":{"allow":["GET"]}}],"collection":[{"href":"https:\/\/www.die-stadtzeitung.de\/index.php\/wp-json\/wp\/v2\/posts"}],"about":[{"href":"https:\/\/www.die-stadtzeitung.de\/index.php\/wp-json\/wp\/v2\/types\/post"}],"author":[{"embeddable":true,"href":"https:\/\/www.die-stadtzeitung.de\/index.php\/wp-json\/wp\/v2\/users\/7"}],"replies":[{"embeddable":true,"href":"https:\/\/www.die-stadtzeitung.de\/index.php\/wp-json\/wp\/v2\/comments?post=77203"}],"version-history":[{"count":5,"href":"https:\/\/www.die-stadtzeitung.de\/index.php\/wp-json\/wp\/v2\/posts\/77203\/revisions"}],"predecessor-version":[{"id":77208,"href":"https:\/\/www.die-stadtzeitung.de\/index.php\/wp-json\/wp\/v2\/posts\/77203\/revisions\/77208"}],"wp:attachment":[{"href":"https:\/\/www.die-stadtzeitung.de\/index.php\/wp-json\/wp\/v2\/media?parent=77203"}],"wp:term":[{"taxonomy":"category","embeddable":true,"href":"https:\/\/www.die-stadtzeitung.de\/index.php\/wp-json\/wp\/v2\/categories?post=77203"},{"taxonomy":"post_tag","embeddable":true,"href":"https:\/\/www.die-stadtzeitung.de\/index.php\/wp-json\/wp\/v2\/tags?post=77203"}],"curies":[{"name":"wp","href":"https:\/\/api.w.org\/{rel}","templated":true}]}}