{"id":77190,"date":"2024-08-10T13:37:55","date_gmt":"2024-08-10T11:37:55","guid":{"rendered":"https:\/\/www.die-stadtzeitung.de\/?p=77190"},"modified":"2024-08-15T13:39:53","modified_gmt":"2024-08-15T11:39:53","slug":"555-millionen-euro-flossen-in-kfw-foerderung","status":"publish","type":"post","link":"https:\/\/www.die-stadtzeitung.de\/index.php\/2024\/08\/10\/555-millionen-euro-flossen-in-kfw-foerderung\/","title":{"rendered":"55,5 Millionen Euro flossen in die KfW-F\u00f6rderung"},"content":{"rendered":"<div id=\"attachment_69420\" class=\"wp-caption alignnone\" style=\"max-width: 660px;\"><img loading=\"lazy\" decoding=\"async\" class=\"wp-image-69420 size-full\" src=\"\/wp-content\/uploads\/2023\/10\/Anja-Liebert-5-Copyright-Wolf-Sondermann.jpg\" alt=\"\" width=\"650\" height=\"446\" \/><span class=\"wp-caption-text\">Gr\u00fcnen- Politikerin Anja Liebert im \u201eSpiegel\u201c \u2013 \u00a9 Wolf Sondermann<\/span><\/div>\n<p>\u201cDiese F\u00f6rderung ist wichtig f\u00fcr unsere Stadt\u201d, betont Anja Liebert, Gr\u00fcne Bundestagsabgeordnete f\u00fcr das Bergische Land. Sie ermutigt B\u00fcrgerinnen und B\u00fcrger, aber auch Unternehmen und die Kommune, weiter Antr\u00e4ge zu stellen. 419 gab es im ersten Halbjahr. \u201cDie Zusch\u00fcsse k\u00f6nnen den Ausschlag geben, dass Projekte realisiert werden k\u00f6nnen\u201d, so Anja Liebert.<\/p>\n<p>647 Wohneinheiten wurden beispielweise seit Januar gef\u00f6rdert &#8211; das sind mehr als im gesamten vergangenen Jahr. Aktuell laufe zum Beispiel auch die Heizungsf\u00f6rderung, erkl\u00e4rt die Abgeordnete. Die Antragstellung daf\u00fcr erfolgt gestaffelt. Weitere Infos unter kfw.de.<\/p>\n<p>&nbsp;<\/p>\n","protected":false},"excerpt":{"rendered":"<p>Die KfW-F\u00f6rderung f\u00fcr Solaranlagen und W\u00e4rmepumpen l\u00e4uft auch in 2024: Insgesamt gut 55,5 Millionen Euro flossen im ersten Halbjahr in Projekte in Wuppertal &#8211; von \u00f6ffentlichen bis private Vorhaben.<\/p>\n","protected":false},"author":7,"featured_media":0,"comment_status":"open","ping_status":"open","sticky":false,"template":"","format":"standard","meta":{"footnotes":""},"categories":[26],"tags":[],"class_list":["post-77190","post","type-post","status-publish","format-standard","hentry","category-politik"],"publishpress_future_action":{"enabled":false,"date":"2026-05-09 00:56:14","action":"change-status","newStatus":"draft","terms":[],"taxonomy":"category","extraData":[]},"publishpress_future_workflow_manual_trigger":{"enabledWorkflows":[]},"_links":{"self":[{"href":"https:\/\/www.die-stadtzeitung.de\/index.php\/wp-json\/wp\/v2\/posts\/77190","targetHints":{"allow":["GET"]}}],"collection":[{"href":"https:\/\/www.die-stadtzeitung.de\/index.php\/wp-json\/wp\/v2\/posts"}],"about":[{"href":"https:\/\/www.die-stadtzeitung.de\/index.php\/wp-json\/wp\/v2\/types\/post"}],"author":[{"embeddable":true,"href":"https:\/\/www.die-stadtzeitung.de\/index.php\/wp-json\/wp\/v2\/users\/7"}],"replies":[{"embeddable":true,"href":"https:\/\/www.die-stadtzeitung.de\/index.php\/wp-json\/wp\/v2\/comments?post=77190"}],"version-history":[{"count":4,"href":"https:\/\/www.die-stadtzeitung.de\/index.php\/wp-json\/wp\/v2\/posts\/77190\/revisions"}],"predecessor-version":[{"id":77194,"href":"https:\/\/www.die-stadtzeitung.de\/index.php\/wp-json\/wp\/v2\/posts\/77190\/revisions\/77194"}],"wp:attachment":[{"href":"https:\/\/www.die-stadtzeitung.de\/index.php\/wp-json\/wp\/v2\/media?parent=77190"}],"wp:term":[{"taxonomy":"category","embeddable":true,"href":"https:\/\/www.die-stadtzeitung.de\/index.php\/wp-json\/wp\/v2\/categories?post=77190"},{"taxonomy":"post_tag","embeddable":true,"href":"https:\/\/www.die-stadtzeitung.de\/index.php\/wp-json\/wp\/v2\/tags?post=77190"}],"curies":[{"name":"wp","href":"https:\/\/api.w.org\/{rel}","templated":true}]}}