{"id":77108,"date":"2024-08-14T09:31:08","date_gmt":"2024-08-14T07:31:08","guid":{"rendered":"https:\/\/www.die-stadtzeitung.de\/?p=77108"},"modified":"2024-08-14T09:31:27","modified_gmt":"2024-08-14T07:31:27","slug":"charles-petersohn-verspricht-einenheissen-musik-sommer","status":"publish","type":"post","link":"https:\/\/www.die-stadtzeitung.de\/index.php\/2024\/08\/14\/charles-petersohn-verspricht-einenheissen-musik-sommer\/","title":{"rendered":"Charles Petersohn verspricht einen hei\u00dfen Musik-Sommer"},"content":{"rendered":"<div id=\"attachment_76058\" class=\"wp-caption alignnone\" style=\"max-width: 1473px;\"><img loading=\"lazy\" decoding=\"async\" class=\"wp-image-76058 size-full\" src=\"\/wp-content\/uploads\/2024\/06\/Charles-Petersohn-@-Anita-Muminovic.jpg\" alt=\"\" width=\"1463\" height=\"1096\" \/><span class=\"wp-caption-text\">Der Musiker, Komponist, DJ und Moderator Charles Petersohn &#8211; \u00a9 Anita Muminovic<\/span><\/div>\n<p>&#8222;Wenn die Sommer in unseren Breitengraden tropisch werden, gibt es kaum etwas Sch\u00f6neres, als Feste unter freiem Himmel zu feiern. Urlaub in der eigenen Stadt.<\/p>\n<p>Am Samstag (24.08.) zelebrieren wir den \u201e10. Electric Garden\u201c. Anders als sonst er\u00f6ffnen wir unsere Sommer-Lounge an der Wupper mit einer Ausstellung. Die \u201eRaumZeitPiraten\u201c, Zara Gayk und Frank N pr\u00e4sentieren im \u201cKuKuNa\u201c und im Garten Bilder und Objekte unter dem schlichten Titel \u201eDigital Arts\u201c.\u00a0Beginn: 17 Uhr.<\/p>\n<p>Um 19 Uhr startet der \u201eElectric Garden\u201c mit dem DJ Team Rogers, Schmitt und Petersohn. Erste Objekte der \u201eRaumZeitPiraten\u201c werden sichtbar, je dunkler es wird. Um 21 Uhr startet das Live-Set. Anders, als urspr\u00fcnglich angek\u00fcndigt, nicht mit Bay Soi und seiner Kumpo Group. Bay weilt dann noch in der Heimat seiner Eltern, dem Senegal.<\/p>\n<p>Mehr als ein Ersatz ist der elektronische Musiker \u201e420\u201c, bekannt aus der MAUKE und dem LOCH. Pure electronics, pure energy. Begleitet wird er von der deutsch-nigerianischen S\u00e4ngerin AMAKA, die schon 2022 f\u00fcr helle &#8222;Aufregung&#8220; auf der Garden B\u00fchne sorgte. Auch ich werde mich f\u00fcr ein bis zwei St\u00fccke einmischen. Das Wetter soll fantastisch sein. Eintritt frei. <a href=\"https:\/\/www.caritas-wsg.de\/veranstaltungen\/\">check it out<\/a><\/p>\n<div id=\"attachment_77112\" class=\"wp-caption alignnone\" style=\"max-width: 560px;\"><img loading=\"lazy\" decoding=\"async\" class=\"size-full wp-image-77112\" src=\"\/wp-content\/uploads\/2024\/08\/electric-garden-artists.jpg\" alt=\"\" width=\"550\" height=\"550\" \/><span class=\"wp-caption-text\">\u00a9 KuKuNa \/ Petersohn<\/span><\/div>\n<p>Eine Woche sp\u00e4ter (30. + 31.08.) l\u00e4uft das All-Flinta Festival \u201eFuture Now\u201c im Hof der Alten Feuerwache an der Gathe. Dem Ort, wo derzeit noch das Tal flimmert. Die Veranstalterinnen und Veranstalter sind stolz auf das Programm, das sie f\u00fcr dieses Jahr gestalten konnten. Liest sich alles \u00e4u\u00dferst spannend. Salome Amend und Miss Ingwer Rogers sind Teil des bunten Treibens! <a href=\"http:\/\/future-now-festival.de\">check it out<\/a><\/p>\n<p>Bereits am kommenden Freitag (16.08.) um 18 Uhr findet auf dem Dach des \u201eCaf\u00e9 23\u201c eine Weinprobe statt. DJs des Abends sind die Soulbr\u00fcder Dirk Domin und Daniel Schmitt. Daniel wird den Titeltrack meiner Platte in sein Set einbauen, die im Herbst als Vinyl und Stream erscheinen wird. Bin sehr gespannt. Das erste Mal, dass einer der Songs in der \u00d6ffentlichkeit &#8222;getestet&#8220; wird.&#8220; <a href=\"https:\/\/www.wuppertal.cafe\">check it out<\/a><\/p>\n<p>Sonnige Gr\u00fc\u00dfe,<\/p>\n<p><strong>Euer Charles Petersohn<\/strong><\/p>\n<p>&nbsp;<\/p>\n<p>&nbsp;<\/p>\n<p>&nbsp;<\/p>\n","protected":false},"excerpt":{"rendered":"<p>Charles Petersohn, Musiker, Komponist, DJ, Moderator, l\u00e4sst seine Fans in seiner Kolumne regelm\u00e4ssig an seiner k\u00fcnstlerischen und musikalischen Gef\u00fchlswelt teilhaben. Und er macht auch auf Veranstaltungen aufmerksam, bei denen er oder seine Musik-Kolleginnen und -Kollegen f\u00fcr das coole Feeling und den Groove sorgen. <\/p>\n","protected":false},"author":7,"featured_media":0,"comment_status":"open","ping_status":"open","sticky":false,"template":"","format":"standard","meta":{"footnotes":""},"categories":[29],"tags":[],"class_list":["post-77108","post","type-post","status-publish","format-standard","hentry","category-kultur"],"publishpress_future_action":{"enabled":false,"date":"2026-05-05 17:06:31","action":"change-status","newStatus":"draft","terms":[],"taxonomy":"category","extraData":[]},"publishpress_future_workflow_manual_trigger":{"enabledWorkflows":[]},"_links":{"self":[{"href":"https:\/\/www.die-stadtzeitung.de\/index.php\/wp-json\/wp\/v2\/posts\/77108","targetHints":{"allow":["GET"]}}],"collection":[{"href":"https:\/\/www.die-stadtzeitung.de\/index.php\/wp-json\/wp\/v2\/posts"}],"about":[{"href":"https:\/\/www.die-stadtzeitung.de\/index.php\/wp-json\/wp\/v2\/types\/post"}],"author":[{"embeddable":true,"href":"https:\/\/www.die-stadtzeitung.de\/index.php\/wp-json\/wp\/v2\/users\/7"}],"replies":[{"embeddable":true,"href":"https:\/\/www.die-stadtzeitung.de\/index.php\/wp-json\/wp\/v2\/comments?post=77108"}],"version-history":[{"count":7,"href":"https:\/\/www.die-stadtzeitung.de\/index.php\/wp-json\/wp\/v2\/posts\/77108\/revisions"}],"predecessor-version":[{"id":77159,"href":"https:\/\/www.die-stadtzeitung.de\/index.php\/wp-json\/wp\/v2\/posts\/77108\/revisions\/77159"}],"wp:attachment":[{"href":"https:\/\/www.die-stadtzeitung.de\/index.php\/wp-json\/wp\/v2\/media?parent=77108"}],"wp:term":[{"taxonomy":"category","embeddable":true,"href":"https:\/\/www.die-stadtzeitung.de\/index.php\/wp-json\/wp\/v2\/categories?post=77108"},{"taxonomy":"post_tag","embeddable":true,"href":"https:\/\/www.die-stadtzeitung.de\/index.php\/wp-json\/wp\/v2\/tags?post=77108"}],"curies":[{"name":"wp","href":"https:\/\/api.w.org\/{rel}","templated":true}]}}