{"id":76717,"date":"2024-07-20T12:57:04","date_gmt":"2024-07-20T10:57:04","guid":{"rendered":"https:\/\/www.die-stadtzeitung.de\/?p=76717"},"modified":"2024-07-28T11:05:09","modified_gmt":"2024-07-28T09:05:09","slug":"talflimmern-zeigt-perfekte-tage-von-wim-wenders","status":"publish","type":"post","link":"https:\/\/www.die-stadtzeitung.de\/index.php\/2024\/07\/20\/talflimmern-zeigt-perfekte-tage-von-wim-wenders\/","title":{"rendered":"\u201eTalflimmern\u201c zeigt \u201ePerfekte Tage\u201c von Wim Wenders"},"content":{"rendered":"<div id=\"attachment_76718\" class=\"wp-caption alignnone\" style=\"max-width: 1290px;\"><img loading=\"lazy\" decoding=\"async\" class=\"size-full wp-image-76718\" src=\"\/wp-content\/uploads\/2024\/07\/PERFECT-DAYS_Still07_Copyright-DCM.jpg\" alt=\"\" width=\"1280\" height=\"945\" \/><span class=\"wp-caption-text\">K\u00f6ji Yakusho in dem Film &#8222;Perfect Days&#8220;, bei dem Wim Wenders Regie f\u00fchrte &#8211; \u00a9 \u00a0DCM<\/span><\/div>\n<p>Am Freitag (26.07.) folgt der Thriller &#8222;May December&#8220; mit Natalie Portman und Julianne Moore (Regie: Todd Haynes). Und der Samstag (27.07.) geh\u00f6rt Wim Wenders&#8216; japanischer Produktion &#8222;Perfect Days&#8220; mit K\u00f6ji Yakusho. Der Aufsehen erregende Film war in diesem Jahr als bester internationaler Film Japans f\u00fcr den Oscar nominiert.<\/p>\n<p>Die\u00a0Filmabende\u00a0im Innenhof der Alten Feuerwache (Gathe 6) beginnen jeweils um 21:30 Uhr, Biergarten und Abendkasse des Open-Air-Kinos \u00f6ffnen bereits eine Stunde zuvor. Weitere\u00a0Informationen, Tickets und Trailer\u00a0sind im Internet unter\u00a0<a href=\"http:\/\/www.talflimmern.de\">http:\/\/www.talflimmern.de<\/a> verf\u00fcgbar.&#8216;<\/p>\n<p>&nbsp;<\/p>\n<p>&nbsp;<\/p>\n<p>&nbsp;<\/p>\n","protected":false},"excerpt":{"rendered":"<p>Das vierte Wochenende des Freiluftkinos Talflimmern an der Elberfelder Gathe beginnt am Donnerstag (25.07.) mit einem spektakul\u00e4ren Kurzfilmprogramm preisgekr\u00f6nter Naturfilme namens &#8222;Green Screen Tour 2023\/24&#8220;.<\/p>\n","protected":false},"author":7,"featured_media":0,"comment_status":"open","ping_status":"open","sticky":false,"template":"","format":"standard","meta":{"footnotes":""},"categories":[29],"tags":[],"class_list":["post-76717","post","type-post","status-publish","format-standard","hentry","category-kultur"],"publishpress_future_action":{"enabled":false,"date":"2026-05-07 15:02:24","action":"change-status","newStatus":"draft","terms":[],"taxonomy":"category","extraData":[]},"publishpress_future_workflow_manual_trigger":{"enabledWorkflows":[]},"_links":{"self":[{"href":"https:\/\/www.die-stadtzeitung.de\/index.php\/wp-json\/wp\/v2\/posts\/76717","targetHints":{"allow":["GET"]}}],"collection":[{"href":"https:\/\/www.die-stadtzeitung.de\/index.php\/wp-json\/wp\/v2\/posts"}],"about":[{"href":"https:\/\/www.die-stadtzeitung.de\/index.php\/wp-json\/wp\/v2\/types\/post"}],"author":[{"embeddable":true,"href":"https:\/\/www.die-stadtzeitung.de\/index.php\/wp-json\/wp\/v2\/users\/7"}],"replies":[{"embeddable":true,"href":"https:\/\/www.die-stadtzeitung.de\/index.php\/wp-json\/wp\/v2\/comments?post=76717"}],"version-history":[{"count":1,"href":"https:\/\/www.die-stadtzeitung.de\/index.php\/wp-json\/wp\/v2\/posts\/76717\/revisions"}],"predecessor-version":[{"id":76719,"href":"https:\/\/www.die-stadtzeitung.de\/index.php\/wp-json\/wp\/v2\/posts\/76717\/revisions\/76719"}],"wp:attachment":[{"href":"https:\/\/www.die-stadtzeitung.de\/index.php\/wp-json\/wp\/v2\/media?parent=76717"}],"wp:term":[{"taxonomy":"category","embeddable":true,"href":"https:\/\/www.die-stadtzeitung.de\/index.php\/wp-json\/wp\/v2\/categories?post=76717"},{"taxonomy":"post_tag","embeddable":true,"href":"https:\/\/www.die-stadtzeitung.de\/index.php\/wp-json\/wp\/v2\/tags?post=76717"}],"curies":[{"name":"wp","href":"https:\/\/api.w.org\/{rel}","templated":true}]}}