{"id":76603,"date":"2024-07-20T13:45:33","date_gmt":"2024-07-20T11:45:33","guid":{"rendered":"https:\/\/www.die-stadtzeitung.de\/?p=76603"},"modified":"2024-07-20T13:45:33","modified_gmt":"2024-07-20T11:45:33","slug":"sponsoren-abend-der-wsv-stellt-sich-neu-auf","status":"publish","type":"post","link":"https:\/\/www.die-stadtzeitung.de\/index.php\/2024\/07\/20\/sponsoren-abend-der-wsv-stellt-sich-neu-auf\/","title":{"rendered":"Sponsoren-Abend: Der WSV stellt sich neu auf"},"content":{"rendered":"<div id=\"attachment_76605\" class=\"wp-caption alignnone\" style=\"max-width: 2570px;\"><img loading=\"lazy\" decoding=\"async\" class=\"wp-image-76605 size-full\" src=\"\/wp-content\/uploads\/2024\/07\/IMG_6235-scaled.jpg\" alt=\"\" width=\"2560\" height=\"1920\" \/><span class=\"wp-caption-text\">Eine nieveauvolle Veranstaltung, das Sponsoren-Treffen vor Beginn der Regionalliga-Saison 2024\/25 &#8211; \u00a9 Siegfried J\u00e4hne<\/span><\/div>\n<p>Am Samstag (27. Juli) \u00a0um 14 Uhr, startet das neuformierte Team in der Velberter IMS-Arena bei T\u00fcrkspor Dortmund in die n\u00e4chste Regionalliga-Saison.<\/p>\n<p>Eine solche Veranstaltung unter Einbindung einer breiten Sponsoren-Gemeinschaft hat man bei WSV in dieser Form noch nicht erlebt. Ein erster sichtbarer Erfolg des f\u00fcr Marketing zust\u00e4ndigen Vorstandsmitglieds Marvin Klotzkowsky (30), das bei Amtsantritt versprach, mit Leidenschaft und\u00a0 Engaqement neue Ideen in den Bergischen Traditionsverein zu bringen. \u201eModerner wollen wir daherkommen und in der Stadt wieder pr\u00e4senter sein\u201c, sagte er.<\/p>\n<h4>OB Schneidewind an der Torwand<\/h4>\n<p>Tats\u00e4chlich \u00fcbertraf die Zahl der Anwesenden die Erwartungen. Selbst Oberb\u00fcrgermeister Professor Dr. Uwe Schneidewind war erschienen und sprach von einer neu entbrannten Fu\u00dfballbegeisterung in seinem Rathaus, nicht zuletzt ausgel\u00f6st durch die Europameisterschaft.<\/p>\n<div id=\"attachment_76606\" class=\"wp-caption alignnone\" style=\"max-width: 560px;\"><img loading=\"lazy\" decoding=\"async\" class=\"wp-image-76606 size-full\" src=\"\/wp-content\/uploads\/2024\/07\/IMG_6298.jpg\" alt=\"\" width=\"550\" height=\"692\" \/><span class=\"wp-caption-text\">Wuppertal Oberb\u00fcrgermeister Dr. Uwe Schneidewind beim Torwandschie\u00dfen &#8211; \u00a9 Siegfried J\u00e4hne<\/span><\/div>\n<p>Er selbst trat dann sogar beim Torwandschiessen an. Zahlreiche Politiker aller Parteien gaben sich die Ehre und auch Fu\u00dfball-Legende G\u00fcnter Pr\u00f6pper (82) weilte mit seiner Partnerin unter den G\u00e4sten.<\/p>\n<h4>\u201eWZ\u201c neuer strategischer WSV-Partner<\/h4>\n<p>Aber auch neue Sponsoren konnten pr\u00e4sentiert werden. Eine \u00dcberraschung f\u00fcr viele, dass sich die Westdeutsche Zeitung nicht nur als Mit-Einlader, sondern mehr noch als strategischer Partner des WSV vorstellte. Chefdakteur Lothar Leuschen, sein Stellvertreter Olaf Kupfer sowie WZ-Gesch\u00e4ftsf\u00fchrer Oliver Moll fungierten als Moderatoren.<\/p>\n<p>Die Rede war sogar von Ambitionen bis in die zweite Bundesliga, aber auch von dem Wert, den sportliche Erfolge f\u00fcr eine Stadt haben. Die WZ sieht ihre Aufgabe unter anderem darin, das Stadionheft in neuer Form zu pr\u00e4sentieren und mit einer Startauflage von 4000 Exemplaren zu jedem Spieltag in der Stadt zu verbreiten.<\/p>\n<div id=\"attachment_76609\" class=\"wp-caption alignnone\" style=\"max-width: 710px;\"><img loading=\"lazy\" decoding=\"async\" class=\"wp-image-76609 size-full\" src=\"\/wp-content\/uploads\/2024\/07\/IMG_6238-1.jpg\" alt=\"\" width=\"700\" height=\"506\" \/><span class=\"wp-caption-text\">Sportvorstand Thomas Richter (M.) im Interview. Rechts Marketing-Vorstand Marvin Klotzkowsky &#8211; \u00a9 Siegfried J\u00e4hne<\/span><\/div>\n<p>Ein neues Catering soll die Stadionbesucher erfreuen. So pr\u00e4sentierte sich die Firma \u201eFood love Catering Group\u201c (FLC) erstmal und berichtete \u00fcber Erfahrungen, z.B. bei D\u00fcsseldorfer Eishockey-Veranstaltungen. Erw\u00e4hnung fanden auch zahlreiche andere Sponsoren, wie MSSecurity GMbH Remscheid Premium Partner und Trikotsponsor f\u00fcr die kommende Spielzeit oder zahlreiche Unternehmen, die ihr Engagement ausdr\u00fccklich verl\u00e4ngert hatten.<\/p>\n<p>Laut Marvin Klotzkowsky aber sei man erst der Anfang, um das \u00dcberleben des WSV zu sichern. Es gilt f\u00fcr den Verein, neue Finanzquellen zu erschlie\u00dfen, nachdem die Firma Emka mit Ankersponsor Friedhelm Runge ihr Engagement bekanntlich deutlich reduziert hat.<\/p>\n<div id=\"attachment_76608\" class=\"wp-caption alignnone\" style=\"max-width: 560px;\"><img loading=\"lazy\" decoding=\"async\" class=\"wp-image-76608 size-full\" src=\"\/wp-content\/uploads\/2024\/07\/IMG_6262.jpg\" alt=\"\" width=\"550\" height=\"733\" \/><span class=\"wp-caption-text\">WSV-Legende G\u00fcnter &#8222;Meister&#8220; Pr\u00f6pper lief beim Sponsoren-Treffen als Ehrengast auf &#8211; \u00a9 Siegfried J\u00e4hne<\/span><\/div>\n<h4>Zw\u00f6lf Spieler unter 18 Jahren<\/h4>\n<p>Gespannt darf man auf das v\u00f6llig neue Team sein, in dem Trainer Ren\u00e9 Klingbeil sowie seine Co-Trainer Adli Lacheb und Christian Fons zahlreiche Neuzug\u00e4nge integrieren m\u00fcssen. Im WSV-Kader sind zudem 12 junge Spieler unter 23 Jahren. Angesichts dieser Tatsache d\u00fcrften die Erwartungen nicht zu hoch geschraubt werden und es f\u00e4llt allen schwer, eine Prognose zu wagen.<\/p>\n<p>Das erste WSV-Heimspiel im\u00a0 Stadion am Zoo steigt am 3. August gegen Rot-Wei\u00df Oberhausen und mit der Begegnung gegen Fortuna K\u00f6ln wird es sp\u00e4testens\u00a0 am 31. August ein besonderes Highlight geben.<\/p>\n<h4>Wichtige \u201eFanpflege\u201c<\/h4>\n<p>Der gelungene Abend mit vielen Besuchern aus Wirtschaft, Politik und Gesellschaft klang mit der inspirierenden Musik des \u201eDuos Evergreen\u201c aus und hinterliess f\u00fcr viele den Wunsch, diese besondere Form der \u201eFanpflege\u201c weiter zu\u00a0 entwickeln.<\/p>\n<p><strong>Text: Siegfried J\u00e4hne<\/strong><\/p>\n<div id=\"attachment_76610\" class=\"wp-caption alignnone\" style=\"max-width: 560px;\"><img loading=\"lazy\" decoding=\"async\" class=\"wp-image-76610 size-full\" src=\"\/wp-content\/uploads\/2024\/07\/IMG_6289.jpg\" alt=\"\" width=\"550\" height=\"734\" \/><span class=\"wp-caption-text\">Ex-WSV-Spieler und -Marketingleiter Daniel Greve kam mit seinem Sohnemann vorbei &#8211; \u00a9 Siegfried J\u00e4hne<\/span><\/div>\n","protected":false},"excerpt":{"rendered":"<p>Beim WSV sind neue, hoffnungsvolle T\u00f6ne zu h\u00f6ren. Rund 180 G\u00e4ste konnte die neu formierte F\u00fchrungs-Crew des Vereins bei herrlichem Sommerwetter \u00a0zu einem Sponsoren-Abend auf dem Plateau der Trib\u00fcne \u201eNord\u201c begr\u00fcssen. Hier stellte der WSV seine Mannschaft, alte und neue Partner niveauvoll vor.<\/p>\n","protected":false},"author":7,"featured_media":0,"comment_status":"open","ping_status":"open","sticky":false,"template":"","format":"standard","meta":{"footnotes":""},"categories":[20],"tags":[],"class_list":["post-76603","post","type-post","status-publish","format-standard","hentry","category-sport"],"publishpress_future_action":{"enabled":false,"date":"2026-05-07 04:09:11","action":"change-status","newStatus":"draft","terms":[],"taxonomy":"category","extraData":[]},"publishpress_future_workflow_manual_trigger":{"enabledWorkflows":[]},"_links":{"self":[{"href":"https:\/\/www.die-stadtzeitung.de\/index.php\/wp-json\/wp\/v2\/posts\/76603","targetHints":{"allow":["GET"]}}],"collection":[{"href":"https:\/\/www.die-stadtzeitung.de\/index.php\/wp-json\/wp\/v2\/posts"}],"about":[{"href":"https:\/\/www.die-stadtzeitung.de\/index.php\/wp-json\/wp\/v2\/types\/post"}],"author":[{"embeddable":true,"href":"https:\/\/www.die-stadtzeitung.de\/index.php\/wp-json\/wp\/v2\/users\/7"}],"replies":[{"embeddable":true,"href":"https:\/\/www.die-stadtzeitung.de\/index.php\/wp-json\/wp\/v2\/comments?post=76603"}],"version-history":[{"count":3,"href":"https:\/\/www.die-stadtzeitung.de\/index.php\/wp-json\/wp\/v2\/posts\/76603\/revisions"}],"predecessor-version":[{"id":76613,"href":"https:\/\/www.die-stadtzeitung.de\/index.php\/wp-json\/wp\/v2\/posts\/76603\/revisions\/76613"}],"wp:attachment":[{"href":"https:\/\/www.die-stadtzeitung.de\/index.php\/wp-json\/wp\/v2\/media?parent=76603"}],"wp:term":[{"taxonomy":"category","embeddable":true,"href":"https:\/\/www.die-stadtzeitung.de\/index.php\/wp-json\/wp\/v2\/categories?post=76603"},{"taxonomy":"post_tag","embeddable":true,"href":"https:\/\/www.die-stadtzeitung.de\/index.php\/wp-json\/wp\/v2\/tags?post=76603"}],"curies":[{"name":"wp","href":"https:\/\/api.w.org\/{rel}","templated":true}]}}