{"id":76386,"date":"2024-07-11T12:07:38","date_gmt":"2024-07-11T10:07:38","guid":{"rendered":"https:\/\/www.die-stadtzeitung.de\/?p=76386"},"modified":"2024-07-11T12:07:38","modified_gmt":"2024-07-11T10:07:38","slug":"neuer-lufthansa-jet-wuppertal-fliegt-seiner-zeit-voraus","status":"publish","type":"post","link":"https:\/\/www.die-stadtzeitung.de\/index.php\/2024\/07\/11\/neuer-lufthansa-jet-wuppertal-fliegt-seiner-zeit-voraus\/","title":{"rendered":"Neuer Lufthansa-Jet \u201eWuppertal\u201c fliegt seiner Zeit voraus"},"content":{"rendered":"<div id=\"attachment_76389\" class=\"wp-caption alignnone\" style=\"max-width: 2570px;\"><img loading=\"lazy\" decoding=\"async\" class=\"wp-image-76389 size-full\" src=\"\/wp-content\/uploads\/2024\/07\/DAIXR1-scaled.jpg\" alt=\"\" width=\"2560\" height=\"1835\" \/><span class=\"wp-caption-text\">Das ist der werksneue Airbus A350-900 mit der Kennung D-AIXR und dem Namen &#8222;Wuppertal&#8220; &#8211; \u00a9 Lufthansa<\/span><\/div>\n<p>In diesem Monat erh\u00e4lt die Tal-Stadt Wuppertal ein neues Patenflugzeug. Der werksneue Airbus A350-900 mit der Kennung D-AIXR ist bereits das 5. Flugzeug, das den Namen \u201eWuppertal\u201c mit Stolz und Eleganz \u00a0in die Welt hinaus tr\u00e4gt.<\/p>\n<p>Und das mit einer ganz besonderen Premiere: Das neue Patenflugzeug ist eines der ersten Flugzeuge, das mit der neuen Lufthansa \u201eAllegris\u201c-Kabine in die Welt fliegen wird. Mit \u201eAllegris\u201c startet die bisher umfangreichste Erneuerung des Bordproduktes der Lufthansa.<\/p>\n<p>\u00dcber 100 Langstreckenflugzeuge werden in den n\u00e4chsten Jahren mit den neuen Kabinen ausger\u00fcstet, rund 27.000 Sitze ausgetauscht. \u201eAllegris\u201c verbessert das Reiseerlebnis in allen Klassen durch mehr Komfort, mehr Privatsph\u00e4re und verschiedene Sitzoptionen. So bekommt etwa die First Class erstmalig Suiten, die sich schlie\u00dfen lassen.<\/p>\n<p>Treibstoffeffiziente Flugzeuge modernster Bauart sind im Luftverkehr derzeit der mit Abstand gr\u00f6\u00dfte Hebel f\u00fcr nachhaltigeres Fliegen. Flugzeuge der neuesten Generation, wie die A350-900, verbrauchen im Vergleich zu ihren Vorg\u00e4ngermodellen bis zu 30 Prozent weniger Treibstoff und emittieren entsprechend weniger CO\u2082. Die neue \u201eWuppertal\u201c fliegt also ihrer Zeit voraus\u2026<\/p>\n<p>&nbsp;<\/p>\n<p>&nbsp;<\/p>\n<p>&nbsp;<\/p>\n","protected":false},"excerpt":{"rendered":"<p>Wuppertal kann ganz sch\u00f6n \u201eabgehoben\u201c sein \u2013 genau genommen seit 1967. Denn solange verbindet die Bergische Metropole und die Lufthansa eine offizielle Taufpatenschaft. Seitdem fliegt ein Lufthansa-Flugzeug mit dem Namen \u201eWuppertal\u201c durch die Welt.<\/p>\n","protected":false},"author":7,"featured_media":0,"comment_status":"open","ping_status":"open","sticky":false,"template":"","format":"standard","meta":{"footnotes":""},"categories":[24],"tags":[],"class_list":["post-76386","post","type-post","status-publish","format-standard","hentry","category-wuppertal"],"publishpress_future_action":{"enabled":false,"date":"2026-05-08 19:36:47","action":"change-status","newStatus":"draft","terms":[],"taxonomy":"category","extraData":[]},"publishpress_future_workflow_manual_trigger":{"enabledWorkflows":[]},"_links":{"self":[{"href":"https:\/\/www.die-stadtzeitung.de\/index.php\/wp-json\/wp\/v2\/posts\/76386","targetHints":{"allow":["GET"]}}],"collection":[{"href":"https:\/\/www.die-stadtzeitung.de\/index.php\/wp-json\/wp\/v2\/posts"}],"about":[{"href":"https:\/\/www.die-stadtzeitung.de\/index.php\/wp-json\/wp\/v2\/types\/post"}],"author":[{"embeddable":true,"href":"https:\/\/www.die-stadtzeitung.de\/index.php\/wp-json\/wp\/v2\/users\/7"}],"replies":[{"embeddable":true,"href":"https:\/\/www.die-stadtzeitung.de\/index.php\/wp-json\/wp\/v2\/comments?post=76386"}],"version-history":[{"count":3,"href":"https:\/\/www.die-stadtzeitung.de\/index.php\/wp-json\/wp\/v2\/posts\/76386\/revisions"}],"predecessor-version":[{"id":76390,"href":"https:\/\/www.die-stadtzeitung.de\/index.php\/wp-json\/wp\/v2\/posts\/76386\/revisions\/76390"}],"wp:attachment":[{"href":"https:\/\/www.die-stadtzeitung.de\/index.php\/wp-json\/wp\/v2\/media?parent=76386"}],"wp:term":[{"taxonomy":"category","embeddable":true,"href":"https:\/\/www.die-stadtzeitung.de\/index.php\/wp-json\/wp\/v2\/categories?post=76386"},{"taxonomy":"post_tag","embeddable":true,"href":"https:\/\/www.die-stadtzeitung.de\/index.php\/wp-json\/wp\/v2\/tags?post=76386"}],"curies":[{"name":"wp","href":"https:\/\/api.w.org\/{rel}","templated":true}]}}